{"id":23,"date":"2022-07-03T11:37:16","date_gmt":"2022-07-03T09:37:16","guid":{"rendered":"https:\/\/adimlarim.com\/?p=23"},"modified":"2024-08-07T09:32:09","modified_gmt":"2024-08-07T07:32:09","slug":"detmold-hermannsdenkmal","status":"publish","type":"post","link":"https:\/\/adimlarim.com\/de\/detmold-hermannsdenkmal\/","title":{"rendered":"Deutsch\u00adland: Detmold: Hermanns\u00addenkmal"},"content":{"rendered":"\n<p>Urs\u00e4chliches Ziel unserer Reise waren die Extern\u00adsteine in Horn-Bad Mein\u00adberg. Da dort ein Kombi\u00adticket so\u00adwohl f\u00fcr die Extern\u00adsteine als auch f\u00fcr das Hermanns\u00addenk\u00admal an\u00adge\u00adboten wurde, ent\u00adschieden wir uns kurz\u00adfristig zu einem Ab\u00adstecher auch nach Det\u00admold. Wir haben es nicht bereut.<\/p>\n\n\n\n<div class=\"wp-block-media-text alignwide is-stacked-on-mobile\" style=\"grid-template-columns:40% auto\"><figure class=\"wp-block-media-text__media\"><img loading=\"lazy\" decoding=\"async\" width=\"600\" height=\"1080\" src=\"https:\/\/adimlarim.com\/wp-content\/uploads\/20220703_172610-DE-Teutoburger-Wald-Detmold-Hermannsdenkmal-rotated.jpg\" alt=\"Deutschland: Teutoburger Wald: Detmold: Hermannsdenkmal; Almanya: Teutoburg Orman\u0131: Detmold: Hermannsdenkmal: Hermann an\u0131t\u0131\" class=\"wp-image-1455 size-full\" srcset=\"https:\/\/adimlarim.com\/wp-content\/uploads\/20220703_172610-DE-Teutoburger-Wald-Detmold-Hermannsdenkmal-rotated.jpg 600w, https:\/\/adimlarim.com\/wp-content\/uploads\/20220703_172610-DE-Teutoburger-Wald-Detmold-Hermannsdenkmal-569x1024.jpg 569w, https:\/\/adimlarim.com\/wp-content\/uploads\/20220703_172610-DE-Teutoburger-Wald-Detmold-Hermannsdenkmal-7x12.jpg 7w\" sizes=\"auto, (max-width: 600px) 100vw, 600px\" \/><\/figure><div class=\"wp-block-media-text__content\">\n<p>Bei der Anfahrt fiel uns diese Kolos\u00adsal\u00adstatue nicht auf. Wir parkten auf dem menschen\u00adleeren Park\u00adplatz und schauten uns nach dem Hermanns\u00addenk\u00admal um. Ver\u00admutlich ist es keinem, der dort zur Be\u00adsich\u00adtigung war, pas\u00adsiert, dass er die Statue nicht sah. Aber uns schon \u2013 ich ge\u00adstehe sehr klein\u00adlaut ein, dass wir nach dem Weg ge\u00adfragt haben.<\/p>\n\n\n\n<p>Unser Weg f\u00fchrte uns hier\u00adnach an der Touristen-In\u00adfor\u00admation, der Wald\u00adb\u00fchne und dem Kletter\u00adpark vorbei zum Denk\u00admal. Der Ein\u00adtritt zur Statue er\u00adfolgt auto\u00adma\u00adtisiert \u00fcber das Ticket \u2013 man hat keinen An\u00adsprech\u00adpartner. So\u00adbald man die Trep\u00adpen auf\u00adge\u00adstiegen ist, hat man auf der Platt\u00adform am Fu\u00dfe der Statue einen wunder\u00adbaren Rund\u00adblick \u00fcber diese Region. Das Titel\u00adbild mit dem Teuto\u00adburger Wald nahm ich dort auf.<\/p>\n\n\n\n<p>Das Hermanns\u00addenkmal soll den Cherus\u00adker\u00adf\u00fcrsten Armi\u00adnius ab\u00adbilden und Symbol f\u00fcr die deutsche Einig\u00adkeit sein. Laut dem Artikel in Wiki\u00adpedia lautet die In\u00adschrift des Schwertes: <em><a href=\"https:\/\/de.wikipedia.org\/wiki\/Hermannsdenkmal#Inschriften\" target=\"_blank\" rel=\"noreferrer noopener\">Deutsche, Einig\u00adkeit, meine St\u00e4rke. Meine St\u00e4rke, Deutsch\u00adlands Macht<\/a><\/em>.<\/p>\n<\/div><\/div>\n\n\n\n<div class=\"wp-block-media-text alignwide is-stacked-on-mobile\" style=\"grid-template-columns:40% auto\"><figure class=\"wp-block-media-text__media\"><img loading=\"lazy\" decoding=\"async\" width=\"600\" height=\"1080\" src=\"https:\/\/adimlarim.com\/wp-content\/uploads\/20220703_173829-DE-Teutoburger-Wald-Detmold-Hermannsdenkmal-rotated.jpg\" alt=\"Deutschland: Teutoburger Wald: Detmold: Hermannsdenkmal; Almanya: Teutoburg Orman\u0131: Detmold: Hermannsdenkmal: Hermann an\u0131t\u0131\" class=\"wp-image-1454 size-full\" srcset=\"https:\/\/adimlarim.com\/wp-content\/uploads\/20220703_173829-DE-Teutoburger-Wald-Detmold-Hermannsdenkmal-rotated.jpg 600w, https:\/\/adimlarim.com\/wp-content\/uploads\/20220703_173829-DE-Teutoburger-Wald-Detmold-Hermannsdenkmal-569x1024.jpg 569w, https:\/\/adimlarim.com\/wp-content\/uploads\/20220703_173829-DE-Teutoburger-Wald-Detmold-Hermannsdenkmal-7x12.jpg 7w\" sizes=\"auto, (max-width: 600px) 100vw, 600px\" \/><\/figure><div class=\"wp-block-media-text__content\">\n<p>Arminius, F\u00fcrst eines ger\u00adma\u00adnischen Cherusker Stammes\u00adver\u00adbandes, soll in der Schlacht im Teuto\u00adburger Wald den Sieg \u00fcber die R\u00f6mer er\u00adrungen haben. Des\u00adhalb gilt die Schlacht im Teuto\u00adburger Wald \u2013 auch als Varus\u00adschlacht oder Hermanns\u00adschlacht be\u00adkannt \u2013 als Symbol f\u00fcr den Sieg ger\u00adma\u00adnischer St\u00e4m\u00adme \u00fcber das R\u00f6mische Reich. Vor dem Hinter\u00adgrund der Neu\u00adorien\u00adtierung nach den Napo\u00adleo\u00adnischen Krie\u00adgen, dem Auf\u00adkeimen der Idee eines deutschen National\u00adstaates wurde wohl des\u00adhalb die his\u00adtorische Figur Armi\u00adnius zum Sinn\u00adbild der deutschen Einigungs\u00adbe\u00adwegung.<\/p>\n\n\n\n<p>Man wei\u00df nur, dass die Varus\u00adschlacht statt fand. Arch\u00e4o\u00adlo\u00adgisch scheint die St\u00e4tte der Schlacht sogar noch zweifel\u00adhaft zu sein. Man wei\u00df nur, dass ein Achtel des R\u00f6mischen Heeres in der Varus\u00adschlacht ver\u00adnich\u00adtet wurde. Auch ist \u00fcber Arminius wenig be\u00adkannt und das, was man wei\u00df, stammt aus\u00adschlie\u00df\u00adlich aus r\u00f6mischen Quel\u00adlen und dies l\u00fccken\u00adhaft. Noch nicht ein\u00admal sein wahrer ger\u00admani\u00adsche Name ist be\u00adkannt. Nur wie kommt man von Arminius auf Herr\u00admann? Die \u00dcber\u00adsetzung der latei\u00adnischen Be\u00adzeichnung &#8222;An\u00adf\u00fchrer im Krieg&#8220; (dux belli) zu &#8222;Heer-Mann&#8220; wird Martin Luther zu\u00adge\u00adschrieben &#8211; so einfach kann man anders hei\u00dfen.<\/p>\n<\/div><\/div>\n\n\n\n<p>Nicht nur be\u00adginnend beim Ent\u00adwurf, \u00fcber die Aus\u00adwahl des ge\u00adeig\u00adne\u00adten Areals und des Fun\u00adda\u00adments bis hin zur tech\u00adnischen Grund-Kon\u00adstruk\u00adtion sondern auch finan\u00adziell war Ernst von Bandel (Archi\u00adtekt, Bild\u00adhauer, Maler) ma\u00df\u00adgeb\u00adlich am Bau und der Fertig\u00adstel\u00adlung des Denk\u00admals be\u00adteiligt. Nach\u00addem dann 1838 der Grund\u00adstein ge\u00adlegt und der Sockel um 1846 fertig\u00adge\u00adstellt wurde, dauerte es noch weitere Jahre bis 1875 die Statue in Gegen\u00adwart von Kaiser Wilhelm I. (Wil\u00adhelm Fried\u00adrich Ludwig von Preu\u00dfen, \u2020 1888) ein\u00adge\u00adweiht wurde. Ein Jahr sp\u00e4ter ver\u00adstarb von Bandel.<\/p>\n\n\n\n<p>Das Hermanns\u00addenkmal hat eine Gesamt\u00adh\u00f6he von 53,46 Metern \u2013 alleine die Figur ist 26,57 m hoch. Bis zur Er\u00adrich\u00adtung der amerika\u00adnischen Frei\u00adheits\u00adstatue um 1875 war sie die gr\u00f6\u00dfte Statue in Europa und Nord\u00adamerika. In Deutsch\u00adland ist sie noch immer die h\u00f6chste Statue.<\/p>\n\n\n\n<p>In diesem Sinne Reisende<\/p>\n\n\n\n<div style=\"height:50px\" aria-hidden=\"true\" class=\"wp-block-spacer\"><\/div>\n\n\n\n<hr class=\"wp-block-separator alignwide has-alpha-channel-opacity\"\/>\n\n\n\n<figure class=\"wp-block-table is-style-stripes\"><table><tbody><tr><td>Reise\u00adempfeh\u00adlung:<\/td><td>Ja, wenn man in der N\u00e4he ist.<\/td><\/tr><tr><td>Koordinaten:<\/td><td>51.911700, 8.839710<\/td><\/tr><tr><td>Adres\u00adsen:<\/td><td>Grotenburg 2, 32760 Detmold<br>Park\u00adplatz: 51.909825, 8.841177<\/td><\/tr><tr><td>Entfernung:<\/td><td>Hermanns\u00addenkmal &#8211; K\u00f6ln\/Kalk: 210 km<br>Hermanns\u00addenkmal &#8211; Istan\u00adbul\/Ba\u011flar\u00adba\u015f\u0131: 2.420 km<\/td><\/tr><tr><td>Wan\u00adder\u00adwege:<\/td><td>Planungsvorschlag f\u00fcr eine Wanderroute von ca. 15 bis 17 km:<br>Stopp 1: <em><a href=\"https:\/\/adimlarim.com\/de\/detmold-hermannsdenkmal\/\" target=\"_blank\" rel=\"noreferrer noopener\">Hermanns\u00addenkmal<\/a><\/em> (32760 Detmold, 51.911695, 8.839658)<br>Stopp 2: <em><a href=\"https:\/\/hermannshoehen.teutoburgerwald.de\/erleben-entdecken\/sehenswertes\/ausflugsziele\/vogeltaufe\" target=\"_blank\" rel=\"noreferrer noopener\">Vogel\u00adtaufe<\/a><\/em> (32805 Horn-Bad Meinberg, 51.877788, 8.895988)<br>Stopp 3: <em><a href=\"https:\/\/www.externsteine-info.de\" target=\"_blank\" rel=\"noreferrer noopener\">Extern\u00adsteine: Mystische Um\u00adgebung<\/a><\/em> (32805 Horn-Bad Meinberg, 51.869032, 8.917475)<br>Stopp 4: <em><a href=\"https:\/\/www.teutoburgerwald.de\/natur\/in-der-natur\/tour\/vom-silberbachtal-zur-velmerstot-oh-8\" target=\"_blank\" rel=\"noreferrer noopener\">Vom Silber\u00adbach\u00adtal zur Velmers\u00adtot (OH! 8)<\/a><\/em> (Parkplatz Silberbachtal, 32805 Horn-Bad Meinberg, 51.849944, 8.947350)<br>Stopp 5: <em><a href=\"https:\/\/hermannshoehen.teutoburgerwald.de\/erleben-entdecken\/sehenswertes-hier-lohnt-es-sich-vom-weg-abzukommen\/velmerstot\" target=\"_blank\" rel=\"noreferrer noopener\">Preussische und Lippische Velmers\u00adtot<\/a><\/em> (32805 Horn-Bad Meinberg, 51.839263, 8.955626)<br>Stopp 6: <em><a href=\"https:\/\/www.teutonavigator.de\/de\/teutonavigator\/streaming\/detail\/Tour\/t_100234129\/einsteigertour-zum-eggeturm-und-zu-den-externsteinen\" target=\"_blank\" rel=\"noreferrer noopener\">Einsteiger\u00adtour zum Egge\u00adturm und zu den Extern\u00adsteinen<\/a><\/em> (32805 Horn-Bad Meinberg, 51.833408, 8.954221)<\/td><\/tr><tr><td>In der N\u00e4he:<\/td><td><em><a href=\"https:\/\/adimlarim.com\/de\/teutoburger-wald-externsteine\/\">Deutsch\u00adland: Teuto\u00adburger Wald: Extern\u00adsteine<\/a><\/em><\/td><\/tr><tr><td>In\u00adfor\u00adma\u00adtiv:<\/td><td><em><a href=\"https:\/\/www.hermannsdenkmal.de\" target=\"_blank\" rel=\"noreferrer noopener\">Das Hermanns\u00addenkmal<\/a><\/em> (Landes\u00adverband Lippe, offi\u00adzielle Seite des Hermanns\u00addenk\u00admal: Tickets und mehr)<br><em><a href=\"https:\/\/hermannshoehen.teutoburgerwald.de\/erleben-entdecken\/sehenswertes\/hermannsdenkmal-detmold\" target=\"_blank\" rel=\"noreferrer noopener\">Das Hermanns\u00addenkmal (OstWestfalenLippe)<\/a><\/em> (Hermannsh\u00f6hen)<br><em><a href=\"https:\/\/www.detmold.de\/fileadmin\/user_upload\/startseite\/Leben_in_Detmold\/Gemeinschaft_und_Soziales\/Soziales\/Hermannsdenkmal-Flyer_DGB_2016_DT14jph.pdf\" target=\"_blank\" rel=\"noreferrer noopener\">Das Hermanns\u00addenk\u00admal: Lippe von ganz oben<\/a><\/em> (Flyer vom Landesverband Lippe)<br><em><a href=\"https:\/\/www.teutoburgerwald.de\/natur\/wanderregion\/wanderwege\" target=\"_blank\" rel=\"noreferrer noopener\">Teuto\u00adburger\u00adwald: Wander\u00adwege<\/a><\/em> (Teutoburger Wald)<\/td><\/tr><\/tbody><\/table><\/figure>\n","protected":false},"excerpt":{"rendered":"<p>Bis zur Errichtung der ameri\u00adka\u00adnischen Frei\u00adheits\u00adstatue war das Hermanns\u00addenkmal die gr\u00f6\u00dfte Statue in Europa und Nord\u00adamerika. In Deutsch\u00adland ist sie noch immer die h\u00f6chste Statue.<\/p>\n","protected":false},"author":5,"featured_media":1216,"comment_status":"open","ping_status":"closed","sticky":false,"template":"","format":"standard","meta":{"footnotes":""},"categories":[27,177,25,52],"tags":[308,154,274,219,304],"class_list":["post-23","post","type-post","status-publish","format-standard","has-post-thumbnail","hentry","category-aussichtspunkte","category-deutschland","category-kunst-kultur","category-spaziergaenge","tag-denkmaeler-2","tag-detmold","tag-nordrhein-westfalen-2","tag-panorama","tag-teutoburger-wald-2"],"yoast_head":"<!-- This site is optimized with the Yoast SEO plugin v25.6 - https:\/\/yoast.com\/wordpress\/plugins\/seo\/ -->\n<title>Deutsch\u00adland: Detmold: Hermanns\u00addenkmal - adimlarim.com<\/title>\n<meta name=\"description\" content=\"Spazier\u00adg\u00e4nge\" \/>\n<meta name=\"robots\" content=\"index, follow, max-snippet:-1, max-image-preview:large, max-video-preview:-1\" \/>\n<link rel=\"canonical\" href=\"https:\/\/adimlarim.com\/de\/detmold-hermannsdenkmal\/\" \/>\n<script type=\"application\/ld+json\" class=\"yoast-schema-graph\">{\"@context\":\"https:\/\/schema.org\",\"@graph\":[{\"@type\":\"Article\",\"@id\":\"https:\/\/adimlarim.com\/detmold-hermannsdenkmal\/#article\",\"isPartOf\":{\"@id\":\"https:\/\/adimlarim.com\/detmold-hermannsdenkmal\/\"},\"author\":{\"name\":\"ZNMAC\",\"@id\":\"https:\/\/adimlarim.com\/de\/#\/schema\/person\/c44c648a41b8519f8e022d74c6de7805\"},\"headline\":\"Deutsch\u00adland: Detmold: Hermanns\u00addenkmal\",\"datePublished\":\"2022-07-03T09:37:16+00:00\",\"dateModified\":\"2024-08-07T07:32:09+00:00\",\"mainEntityOfPage\":{\"@id\":\"https:\/\/adimlarim.com\/detmold-hermannsdenkmal\/\"},\"wordCount\":799,\"commentCount\":0,\"publisher\":{\"@id\":\"https:\/\/adimlarim.com\/de\/#organization\"},\"image\":{\"@id\":\"https:\/\/adimlarim.com\/detmold-hermannsdenkmal\/#primaryimage\"},\"thumbnailUrl\":\"https:\/\/adimlarim.com\/wp-content\/uploads\/20220703_173706-DE-Teutoburger-Wald-Detmold-Hermannsdenkmal.jpg\",\"keywords\":[\"Denk\u00adm\u00e4ler\",\"Detmold\",\"Nord\u00adrhein-West\u00adfalen\",\"Panorama\",\"Teuto\u00adburger Wald\"],\"articleSection\":[\"Aussichts\u00adpunkte\",\"Deutsch\u00adland\",\"Kunst + Kultur\",\"Spazier\u00adg\u00e4nge\"],\"inLanguage\":\"de\",\"potentialAction\":[{\"@type\":\"CommentAction\",\"name\":\"Comment\",\"target\":[\"https:\/\/adimlarim.com\/detmold-hermannsdenkmal\/#respond\"]}]},{\"@type\":\"WebPage\",\"@id\":\"https:\/\/adimlarim.com\/detmold-hermannsdenkmal\/\",\"url\":\"https:\/\/adimlarim.com\/detmold-hermannsdenkmal\/\",\"name\":\"Deutsch\u00adland: Detmold: Hermanns\u00addenkmal - adimlarim.com\",\"isPartOf\":{\"@id\":\"https:\/\/adimlarim.com\/de\/#website\"},\"primaryImageOfPage\":{\"@id\":\"https:\/\/adimlarim.com\/detmold-hermannsdenkmal\/#primaryimage\"},\"image\":{\"@id\":\"https:\/\/adimlarim.com\/detmold-hermannsdenkmal\/#primaryimage\"},\"thumbnailUrl\":\"https:\/\/adimlarim.com\/wp-content\/uploads\/20220703_173706-DE-Teutoburger-Wald-Detmold-Hermannsdenkmal.jpg\",\"datePublished\":\"2022-07-03T09:37:16+00:00\",\"dateModified\":\"2024-08-07T07:32:09+00:00\",\"description\":\"Spazier\u00adg\u00e4nge\",\"breadcrumb\":{\"@id\":\"https:\/\/adimlarim.com\/detmold-hermannsdenkmal\/#breadcrumb\"},\"inLanguage\":\"de\",\"potentialAction\":[{\"@type\":\"ReadAction\",\"target\":[\"https:\/\/adimlarim.com\/detmold-hermannsdenkmal\/\"]}]},{\"@type\":\"ImageObject\",\"inLanguage\":\"de\",\"@id\":\"https:\/\/adimlarim.com\/detmold-hermannsdenkmal\/#primaryimage\",\"url\":\"https:\/\/adimlarim.com\/wp-content\/uploads\/20220703_173706-DE-Teutoburger-Wald-Detmold-Hermannsdenkmal.jpg\",\"contentUrl\":\"https:\/\/adimlarim.com\/wp-content\/uploads\/20220703_173706-DE-Teutoburger-Wald-Detmold-Hermannsdenkmal.jpg\",\"width\":1920,\"height\":800,\"caption\":\"Deutschland: Teutoburger Wald: Hermannsdenkmal; Almanya: Teutoburg Orman\u0131: Hermann an\u0131t\u0131\"},{\"@type\":\"BreadcrumbList\",\"@id\":\"https:\/\/adimlarim.com\/detmold-hermannsdenkmal\/#breadcrumb\",\"itemListElement\":[{\"@type\":\"ListItem\",\"position\":1,\"name\":\"Startseite\",\"item\":\"https:\/\/adimlarim.com\/de\/\"},{\"@type\":\"ListItem\",\"position\":2,\"name\":\"Deutsch\u00adland: Detmold: Hermanns\u00addenkmal\"}]},{\"@type\":\"WebSite\",\"@id\":\"https:\/\/adimlarim.com\/de\/#website\",\"url\":\"https:\/\/adimlarim.com\/de\/\",\"name\":\"Ad\u0131mlar\u0131m\",\"description\":\"jede Reise beginnt mit den ersten Schritten\",\"publisher\":{\"@id\":\"https:\/\/adimlarim.com\/de\/#organization\"},\"alternateName\":\"Adimlarim\",\"potentialAction\":[{\"@type\":\"SearchAction\",\"target\":{\"@type\":\"EntryPoint\",\"urlTemplate\":\"https:\/\/adimlarim.com\/de\/?s={search_term_string}\"},\"query-input\":{\"@type\":\"PropertyValueSpecification\",\"valueRequired\":true,\"valueName\":\"search_term_string\"}}],\"inLanguage\":\"de\"},{\"@type\":\"Organization\",\"@id\":\"https:\/\/adimlarim.com\/de\/#organization\",\"name\":\"Ad\u0131mlar\u0131m\",\"url\":\"https:\/\/adimlarim.com\/de\/\",\"logo\":{\"@type\":\"ImageObject\",\"inLanguage\":\"de\",\"@id\":\"https:\/\/adimlarim.com\/de\/#\/schema\/logo\/image\/\",\"url\":\"https:\/\/adimlarim.com\/wp-content\/uploads\/adimlarim.com_.perspektive.kontur.verlauf.blau_.header.png\",\"contentUrl\":\"https:\/\/adimlarim.com\/wp-content\/uploads\/adimlarim.com_.perspektive.kontur.verlauf.blau_.header.png\",\"width\":401,\"height\":319,\"caption\":\"Ad\u0131mlar\u0131m\"},\"image\":{\"@id\":\"https:\/\/adimlarim.com\/de\/#\/schema\/logo\/image\/\"}},{\"@type\":\"Person\",\"@id\":\"https:\/\/adimlarim.com\/de\/#\/schema\/person\/c44c648a41b8519f8e022d74c6de7805\",\"name\":\"ZNMAC\",\"url\":\"https:\/\/adimlarim.com\/de\/author\/znmac\/\"}]}<\/script>\n<!-- \/ Yoast SEO plugin. -->","yoast_head_json":{"title":"Deutsch\u00adland: Detmold: Hermanns\u00addenkmal - adimlarim.com","description":"Spazier\u00adg\u00e4nge","robots":{"index":"index","follow":"follow","max-snippet":"max-snippet:-1","max-image-preview":"max-image-preview:large","max-video-preview":"max-video-preview:-1"},"canonical":"https:\/\/adimlarim.com\/de\/detmold-hermannsdenkmal\/","schema":{"@context":"https:\/\/schema.org","@graph":[{"@type":"Article","@id":"https:\/\/adimlarim.com\/detmold-hermannsdenkmal\/#article","isPartOf":{"@id":"https:\/\/adimlarim.com\/detmold-hermannsdenkmal\/"},"author":{"name":"ZNMAC","@id":"https:\/\/adimlarim.com\/de\/#\/schema\/person\/c44c648a41b8519f8e022d74c6de7805"},"headline":"Deutsch\u00adland: Detmold: Hermanns\u00addenkmal","datePublished":"2022-07-03T09:37:16+00:00","dateModified":"2024-08-07T07:32:09+00:00","mainEntityOfPage":{"@id":"https:\/\/adimlarim.com\/detmold-hermannsdenkmal\/"},"wordCount":799,"commentCount":0,"publisher":{"@id":"https:\/\/adimlarim.com\/de\/#organization"},"image":{"@id":"https:\/\/adimlarim.com\/detmold-hermannsdenkmal\/#primaryimage"},"thumbnailUrl":"https:\/\/adimlarim.com\/wp-content\/uploads\/20220703_173706-DE-Teutoburger-Wald-Detmold-Hermannsdenkmal.jpg","keywords":["Denk\u00adm\u00e4ler","Detmold","Nord\u00adrhein-West\u00adfalen","Panorama","Teuto\u00adburger Wald"],"articleSection":["Aussichts\u00adpunkte","Deutsch\u00adland","Kunst + Kultur","Spazier\u00adg\u00e4nge"],"inLanguage":"de","potentialAction":[{"@type":"CommentAction","name":"Comment","target":["https:\/\/adimlarim.com\/detmold-hermannsdenkmal\/#respond"]}]},{"@type":"WebPage","@id":"https:\/\/adimlarim.com\/detmold-hermannsdenkmal\/","url":"https:\/\/adimlarim.com\/detmold-hermannsdenkmal\/","name":"Deutsch\u00adland: Detmold: Hermanns\u00addenkmal - adimlarim.com","isPartOf":{"@id":"https:\/\/adimlarim.com\/de\/#website"},"primaryImageOfPage":{"@id":"https:\/\/adimlarim.com\/detmold-hermannsdenkmal\/#primaryimage"},"image":{"@id":"https:\/\/adimlarim.com\/detmold-hermannsdenkmal\/#primaryimage"},"thumbnailUrl":"https:\/\/adimlarim.com\/wp-content\/uploads\/20220703_173706-DE-Teutoburger-Wald-Detmold-Hermannsdenkmal.jpg","datePublished":"2022-07-03T09:37:16+00:00","dateModified":"2024-08-07T07:32:09+00:00","description":"Spazier\u00adg\u00e4nge","breadcrumb":{"@id":"https:\/\/adimlarim.com\/detmold-hermannsdenkmal\/#breadcrumb"},"inLanguage":"de","potentialAction":[{"@type":"ReadAction","target":["https:\/\/adimlarim.com\/detmold-hermannsdenkmal\/"]}]},{"@type":"ImageObject","inLanguage":"de","@id":"https:\/\/adimlarim.com\/detmold-hermannsdenkmal\/#primaryimage","url":"https:\/\/adimlarim.com\/wp-content\/uploads\/20220703_173706-DE-Teutoburger-Wald-Detmold-Hermannsdenkmal.jpg","contentUrl":"https:\/\/adimlarim.com\/wp-content\/uploads\/20220703_173706-DE-Teutoburger-Wald-Detmold-Hermannsdenkmal.jpg","width":1920,"height":800,"caption":"Deutschland: Teutoburger Wald: Hermannsdenkmal; Almanya: Teutoburg Orman\u0131: Hermann an\u0131t\u0131"},{"@type":"BreadcrumbList","@id":"https:\/\/adimlarim.com\/detmold-hermannsdenkmal\/#breadcrumb","itemListElement":[{"@type":"ListItem","position":1,"name":"Startseite","item":"https:\/\/adimlarim.com\/de\/"},{"@type":"ListItem","position":2,"name":"Deutsch\u00adland: Detmold: Hermanns\u00addenkmal"}]},{"@type":"WebSite","@id":"https:\/\/adimlarim.com\/de\/#website","url":"https:\/\/adimlarim.com\/de\/","name":"Ad\u0131mlar\u0131m","description":"jede Reise beginnt mit den ersten Schritten","publisher":{"@id":"https:\/\/adimlarim.com\/de\/#organization"},"alternateName":"Adimlarim","potentialAction":[{"@type":"SearchAction","target":{"@type":"EntryPoint","urlTemplate":"https:\/\/adimlarim.com\/de\/?s={search_term_string}"},"query-input":{"@type":"PropertyValueSpecification","valueRequired":true,"valueName":"search_term_string"}}],"inLanguage":"de"},{"@type":"Organization","@id":"https:\/\/adimlarim.com\/de\/#organization","name":"Ad\u0131mlar\u0131m","url":"https:\/\/adimlarim.com\/de\/","logo":{"@type":"ImageObject","inLanguage":"de","@id":"https:\/\/adimlarim.com\/de\/#\/schema\/logo\/image\/","url":"https:\/\/adimlarim.com\/wp-content\/uploads\/adimlarim.com_.perspektive.kontur.verlauf.blau_.header.png","contentUrl":"https:\/\/adimlarim.com\/wp-content\/uploads\/adimlarim.com_.perspektive.kontur.verlauf.blau_.header.png","width":401,"height":319,"caption":"Ad\u0131mlar\u0131m"},"image":{"@id":"https:\/\/adimlarim.com\/de\/#\/schema\/logo\/image\/"}},{"@type":"Person","@id":"https:\/\/adimlarim.com\/de\/#\/schema\/person\/c44c648a41b8519f8e022d74c6de7805","name":"ZNMAC","url":"https:\/\/adimlarim.com\/de\/author\/znmac\/"}]}},"_links":{"self":[{"href":"https:\/\/adimlarim.com\/de\/wp-json\/wp\/v2\/posts\/23","targetHints":{"allow":["GET"]}}],"collection":[{"href":"https:\/\/adimlarim.com\/de\/wp-json\/wp\/v2\/posts"}],"about":[{"href":"https:\/\/adimlarim.com\/de\/wp-json\/wp\/v2\/types\/post"}],"author":[{"embeddable":true,"href":"https:\/\/adimlarim.com\/de\/wp-json\/wp\/v2\/users\/5"}],"replies":[{"embeddable":true,"href":"https:\/\/adimlarim.com\/de\/wp-json\/wp\/v2\/comments?post=23"}],"version-history":[{"count":2,"href":"https:\/\/adimlarim.com\/de\/wp-json\/wp\/v2\/posts\/23\/revisions"}],"predecessor-version":[{"id":3953,"href":"https:\/\/adimlarim.com\/de\/wp-json\/wp\/v2\/posts\/23\/revisions\/3953"}],"wp:featuredmedia":[{"embeddable":true,"href":"https:\/\/adimlarim.com\/de\/wp-json\/wp\/v2\/media\/1216"}],"wp:attachment":[{"href":"https:\/\/adimlarim.com\/de\/wp-json\/wp\/v2\/media?parent=23"}],"wp:term":[{"taxonomy":"category","embeddable":true,"href":"https:\/\/adimlarim.com\/de\/wp-json\/wp\/v2\/categories?post=23"},{"taxonomy":"post_tag","embeddable":true,"href":"https:\/\/adimlarim.com\/de\/wp-json\/wp\/v2\/tags?post=23"}],"curies":[{"name":"wp","href":"https:\/\/api.w.org\/{rel}","templated":true}]}}