{"id":2786,"date":"2019-09-20T12:26:00","date_gmt":"2019-09-20T10:26:00","guid":{"rendered":"https:\/\/adimlarim.com\/?p=2786"},"modified":"2024-04-05T17:33:35","modified_gmt":"2024-04-05T15:33:35","slug":"deutschland-koblenz","status":"publish","type":"post","link":"https:\/\/adimlarim.com\/de\/deutschland-koblenz\/","title":{"rendered":"Deutschland: Koblenz"},"content":{"rendered":"\n<p>Dort, wo die Mosel sich mit dem Rhein vereinigt, dort liegt die charmante Stadt Koblenz. Sie z\u00e4hlt zu den \u00e4ltesten St\u00e4dten Deutschlands. Scheinbar \u00fcbte das Gebiet von Koblenz bereits zur Steinzeit auf die Menschen einen Reiz aus. Auch die R\u00f6mer erkannten dieses Juwel, denn sie gr\u00fcndeten hier das Kastell Confluentes (Kastell bei den Zusammenflie\u00dfenden). Noch immer findet man Spuren ihrer Vergangenheit, ein f\u00fcr die Arch\u00e4ologie ergiebiges Areal.<\/p>\n\n\n\n<div class=\"wp-block-media-text is-stacked-on-mobile\"><figure class=\"wp-block-media-text__media\"><img loading=\"lazy\" decoding=\"async\" width=\"1080\" height=\"850\" src=\"https:\/\/adimlarim.com\/wp-content\/uploads\/DEU-Koblenz-20190920_102317-rotated.jpg\" alt=\"Altstadt von Koblenz in Deutschland; Almanya'da eski Koblenz \u015fehri\" class=\"wp-image-2844 size-full\" srcset=\"https:\/\/adimlarim.com\/wp-content\/uploads\/DEU-Koblenz-20190920_102317-rotated.jpg 1080w, https:\/\/adimlarim.com\/wp-content\/uploads\/DEU-Koblenz-20190920_102317-1024x806.jpg 1024w, https:\/\/adimlarim.com\/wp-content\/uploads\/DEU-Koblenz-20190920_102317-768x604.jpg 768w, https:\/\/adimlarim.com\/wp-content\/uploads\/DEU-Koblenz-20190920_102317-15x12.jpg 15w\" sizes=\"auto, (max-width: 1080px) 100vw, 1080px\" \/><\/figure><div class=\"wp-block-media-text__content\">\n<h2 class=\"wp-block-heading\">Altstadt von Koblenz<\/h2>\n\n\n\n<p>Hat man Zeit, so sollte man die Koblenzer Altstadt mit seinen romantischen Gassen, den malerischen Hinterh\u00f6fen, historischen Geb\u00e4uden und gem\u00fctlichen Caf\u00e9s besuchen. Folgende Sehensw\u00fcrdigkeiten l\u00e4gen unter anderem auf dem Weg zum Deutschen Eck: das Rathaus, der Jesuitenplatz, die Liebfrauenkirche, der Platz &#8222;Am Plan&#8220;, &#8222;Die vier T\u00fcrme&#8220; (so genannt der Blick nach oben mitten auf der Kreuzung Am Plan, L\u00f6hrstra\u00dfe, Marktstra\u00dfe und Altengraben), Haus Metternich, Altes M\u00fcnzmeisterhaus und vieles mehr: <a href=\"https:\/\/www.visit-koblenz.de\/sehenswuerdigkeiten\" target=\"_blank\" rel=\"noreferrer noopener\">Entdecken Sie die Sehensw\u00fcrdigkeiten der Stadt an Rhein und Mosel (Visit Koblenz)<\/a>.<\/p>\n<\/div><\/div>\n\n\n\n<h2 class=\"wp-block-heading\">Basilika St. Kastor<\/h2>\n\n\n\n<p>Die Basilika St. Kastor wird umgangssprachlich die Kastorkirche genannt. Die erste Kastorkirche in Koblenz (damals jedoch au\u00dferhalb der Grenzen von Koblenz) wurde um 817 auf den Fundamenten eines Tempels erbaut, die zweite um 882. Hier fanden die Vorverhandlungen zum Vertrag von Verdun statt.<\/p>\n\n\n\n<div class=\"wp-block-media-text is-stacked-on-mobile is-vertically-aligned-center\"><figure class=\"wp-block-media-text__media\"><img loading=\"lazy\" decoding=\"async\" width=\"850\" height=\"850\" src=\"https:\/\/adimlarim.com\/wp-content\/uploads\/DEU-Koblenz-20190920_104824-rotated.jpg\" alt=\"Deutsches Eck in Koblenz, Deutschland; Koblenz'deki Deutsches Eck, Almanya\" class=\"wp-image-2854 size-full\" srcset=\"https:\/\/adimlarim.com\/wp-content\/uploads\/DEU-Koblenz-20190920_104824-rotated.jpg 850w, https:\/\/adimlarim.com\/wp-content\/uploads\/DEU-Koblenz-20190920_104824-768x768.jpg 768w, https:\/\/adimlarim.com\/wp-content\/uploads\/DEU-Koblenz-20190920_104824-12x12.jpg 12w\" sizes=\"auto, (max-width: 850px) 100vw, 850px\" \/><\/figure><div class=\"wp-block-media-text__content\">\n<h2 class=\"wp-block-heading\">Deutsches Eck<\/h2>\n\n\n\n<p>Erst im Wandel der Zeit wurde aus dem &#8222;Deutscher Ordt&#8220; vor den Grenzen von Koblenz das &#8222;Deutsche Eck&#8220; in Koblenz. Sie war Teil eines Areals, der den Rittern des Deutschen Ordens von Erzbischof Theoderich von Wied um 1216 geschenkt wurde. Die Landzunge des Deutschen Ecks entstand in seiner jetzigen Gestalt durch Aufsch\u00fcttungen um 1890.<\/p>\n<\/div><\/div>\n\n\n\n<h2 class=\"wp-block-heading\">Kaiser-Wilhelm-Denkmal<\/h2>\n\n\n\n<p>Das Kaiser-Wilhelm-Denkmal befindet sich auf dem Deutschen Eck. Das um 1897 eingeweihte Denkmal hebt sich monumental aus den Baumreihen hervor. Man sollte unbedingt hochsteigen, dort inne halten und das rege Treiben am Deutschen Eck beobachten und versuchen, den Farbunterschied der Mosel im Vergleich zum Rhein auszumachen.<\/p>\n\n\n\n<figure class=\"wp-block-image alignwide size-full\"><img loading=\"lazy\" decoding=\"async\" width=\"1080\" height=\"670\" src=\"https:\/\/adimlarim.com\/wp-content\/uploads\/DEU-Koblenz-20190920_105959.jpg\" alt=\"Kaiser-Wilhelm-Denkmal in Koblenz, Deutschland; Koblenz'deki Kaiser Wilhelm An\u0131t\u0131, Almanya\" class=\"wp-image-2861\" srcset=\"https:\/\/adimlarim.com\/wp-content\/uploads\/DEU-Koblenz-20190920_105959.jpg 1080w, https:\/\/adimlarim.com\/wp-content\/uploads\/DEU-Koblenz-20190920_105959-1024x635.jpg 1024w, https:\/\/adimlarim.com\/wp-content\/uploads\/DEU-Koblenz-20190920_105959-768x476.jpg 768w, https:\/\/adimlarim.com\/wp-content\/uploads\/DEU-Koblenz-20190920_105959-18x12.jpg 18w\" sizes=\"auto, (max-width: 1080px) 100vw, 1080px\" \/><\/figure>\n\n\n\n<h2 class=\"wp-block-heading\">Seilbahn Koblenz<\/h2>\n\n\n\n<p>250 Meter vom Kaiser-Wilhelm-Denkmal kann man dann mit der Seilbahn zum Festungspark Ehrenbreitstein gelangen. Die atemberaubende Aussicht auf Koblenz in den verglasten Kabinen sollte bei Ihrer Reise nicht fehlen.<\/p>\n\n\n\n<figure class=\"wp-block-image alignwide size-full\"><img loading=\"lazy\" decoding=\"async\" width=\"1080\" height=\"670\" src=\"https:\/\/adimlarim.com\/wp-content\/uploads\/DEU-Koblenz-20190920_112502.jpg\" alt=\"Rhein-Mosel-Blick in Koblenz, Deutschland; Koblenz'deki Rhein-Mosel-Blick manzara yeri, Almanya\" class=\"wp-image-2857\" srcset=\"https:\/\/adimlarim.com\/wp-content\/uploads\/DEU-Koblenz-20190920_112502.jpg 1080w, https:\/\/adimlarim.com\/wp-content\/uploads\/DEU-Koblenz-20190920_112502-1024x635.jpg 1024w, https:\/\/adimlarim.com\/wp-content\/uploads\/DEU-Koblenz-20190920_112502-768x476.jpg 768w, https:\/\/adimlarim.com\/wp-content\/uploads\/DEU-Koblenz-20190920_112502-18x12.jpg 18w\" sizes=\"auto, (max-width: 1080px) 100vw, 1080px\" \/><\/figure>\n\n\n\n<h2 class=\"wp-block-heading\">Plattform Rhein-Mosel-Blick<\/h2>\n\n\n\n<p>Beim Festungspark Ehrenbreitstein angekommen, bietet sich ca. 250 m weiter von der Seilbahn entfernt auf der <a href=\"https:\/\/www.romantischer-rhein.de\/a-rhein-mosel-blick\" target=\"_blank\" rel=\"noreferrer noopener\">Rhein-Mosel-Blick<\/a> Plattform erneut die M\u00f6glichkeit, einen Blick auf den Rhein zu erhaschen. Ein weiterer guter Ort zum Fotografieren.<\/p>\n\n\n\n<div class=\"wp-block-media-text is-stacked-on-mobile\"><figure class=\"wp-block-media-text__media\"><img loading=\"lazy\" decoding=\"async\" width=\"850\" height=\"850\" src=\"https:\/\/adimlarim.com\/wp-content\/uploads\/DEU-Koblenz-20190920_124518.jpg\" alt=\"Festung Ehrenbreitstein in Koblenz, Deutschland; Koblenz'deki Ehrenbreitstein Kalesi, Almanya\" class=\"wp-image-2865 size-full\" srcset=\"https:\/\/adimlarim.com\/wp-content\/uploads\/DEU-Koblenz-20190920_124518.jpg 850w, https:\/\/adimlarim.com\/wp-content\/uploads\/DEU-Koblenz-20190920_124518-768x768.jpg 768w, https:\/\/adimlarim.com\/wp-content\/uploads\/DEU-Koblenz-20190920_124518-12x12.jpg 12w\" sizes=\"auto, (max-width: 850px) 100vw, 850px\" \/><\/figure><div class=\"wp-block-media-text__content\">\n<h2 class=\"wp-block-heading\">Festung Ehrenbreitstein<\/h2>\n\n\n\n<p>Die imposante Festung Ehrenbreitstein liegt gegen\u00fcber dem Deutschen Eck bzw. der Moselm\u00fcndung auf einem H\u00fcgel der anderen Rheinseite. Als Fu\u00dfg\u00e4nger kann man sehr gut mit der Seilbahn die Festung erreichen.<\/p>\n\n\n\n<p>Sie befindet sich auf einem Areal, welches \u00fcber Jahrtausende hinweg milit\u00e4risch genutzt wurde. Aus einer bronzezeitlichen Wehranlage aus dem 10. Jahrhundert v. Chr. entstand hieraus im Laufe der Zeit um ca. 1000 zuerst eine Burganlage. Im 16. Jahrhundet wiederrum entwickelte sich dann hieraus sukzessive eine Befestigungsanlage, deren jetzige Auspr\u00e4gung um 1817 erfolgte. Nicht umsonst wird die Festung als ein Geschichtsbuch angesehen.<\/p>\n\n\n\n<p>Informativ: <a href=\"https:\/\/www.kuladig.de\/Objektansicht\/O-98434-20140807-2\" target=\"_blank\" rel=\"noreferrer noopener\">Festung Ehrenbreitstein oberhalb von Koblenz (Landschaftsverband Rheinland)<\/a> <\/p>\n<\/div><\/div>\n\n\n\n<h2 class=\"wp-block-heading\">Kurf\u00fcrstliches Schloss Koblenz<\/h2>\n\n\n\n<p>Geht man vom Deutschen Eck am Rheinufer entlang, erreicht man das Kurf\u00fcrstliche Schloss Koblenz. Fr\u00fcher Residenz von Bisch\u00f6fen, jetzt Sitz von Bundesbeh\u00f6rden. Mich sprach es nicht so an. Aber es wird alle ansprechen, die am Klassizismus interessiert sind. Denn es z\u00e4hlt zu den bedeutendsten Schl\u00f6ssern des franz\u00f6sischen Fr\u00fchklassizismus in S\u00fcdwestdeutschland.<\/p>\n\n\n\n<h2 class=\"wp-block-heading\">Loreley + Rheinromantik oder Moselrundfahrten<\/h2>\n\n\n\n<p>Das Sinnbild der Rheinromantik erschlie\u00dft sich einem, wenn man sich auf eine Schiffsrundfahrt zum Loreley-Felsen begibt. Aber eine Mosel-Schiffsrundfahrt ist von Koblenz aus auch m\u00f6glich und auch sehr sch\u00f6n. Auf dem Deck sich hinsetzen; die Sonne auf der Haut sp\u00fcren; die romantische Kulisse mit den Burgen, den Ruinen, dem Gr\u00fcn, den Weinbergen genie\u00dfen; w\u00e4hrend die pitoresken St\u00e4dtchen an einem vorbeiziehen \u2026<\/p>\n\n\n\n<p>Koblenz schreit nicht, aber ruft dezent und man sollte diesem Ruf unbedingt folgen Reisende<\/p>\n","protected":false},"excerpt":{"rendered":"<p>Koblenz &#8211; an den Ufern der Mosel und des Rheins &#8211; z\u00e4hlt zu den \u00e4ltesten St\u00e4dten Deutschlands. \u00dcber jahrtausende hinweg \u00fcbt sie einen Reiz auf die Menschen aus.<\/p>\n","protected":false},"author":5,"featured_media":2839,"comment_status":"open","ping_status":"closed","sticky":false,"template":"","format":"standard","meta":{"footnotes":""},"categories":[27,26,177,25,20,238,52,9,96],"tags":[248,249,246,252,247,245,253,254,244,251,236,250],"class_list":["post-2786","post","type-post","status-publish","format-standard","has-post-thumbnail","hentry","category-aussichtspunkte","category-bauwerke","category-deutschland","category-kunst-kultur","category-orte-staetten","category-reisen","category-spaziergaenge","category-unesco-listen","category-wasser-meer","tag-altstadt","tag-basilika-st-kastor","tag-deutsches-eck","tag-ehrenbreitstein","tag-kaiser-wilhelm-denkmal","tag-koblenz","tag-loreley","tag-mosel","tag-rhein","tag-rhein-mosel-blick","tag-schloss","tag-seilbahn"],"yoast_head":"<!-- This site is optimized with the Yoast SEO plugin v25.6 - https:\/\/yoast.com\/wordpress\/plugins\/seo\/ -->\n<title>Deutschland: Koblenz - adimlarim.com<\/title>\n<meta name=\"description\" content=\"Spazier\u00adg\u00e4nge\" \/>\n<meta name=\"robots\" content=\"index, follow, max-snippet:-1, max-image-preview:large, max-video-preview:-1\" \/>\n<link rel=\"canonical\" href=\"https:\/\/adimlarim.com\/de\/deutschland-koblenz\/\" \/>\n<script type=\"application\/ld+json\" class=\"yoast-schema-graph\">{\"@context\":\"https:\/\/schema.org\",\"@graph\":[{\"@type\":\"Article\",\"@id\":\"https:\/\/adimlarim.com\/deutschland-koblenz\/#article\",\"isPartOf\":{\"@id\":\"https:\/\/adimlarim.com\/deutschland-koblenz\/\"},\"author\":{\"name\":\"ZNMAC\",\"@id\":\"https:\/\/adimlarim.com\/de\/#\/schema\/person\/c44c648a41b8519f8e022d74c6de7805\"},\"headline\":\"Deutschland: Koblenz\",\"datePublished\":\"2019-09-20T10:26:00+00:00\",\"dateModified\":\"2024-04-05T15:33:35+00:00\",\"mainEntityOfPage\":{\"@id\":\"https:\/\/adimlarim.com\/deutschland-koblenz\/\"},\"wordCount\":637,\"commentCount\":0,\"publisher\":{\"@id\":\"https:\/\/adimlarim.com\/de\/#organization\"},\"image\":{\"@id\":\"https:\/\/adimlarim.com\/deutschland-koblenz\/#primaryimage\"},\"thumbnailUrl\":\"https:\/\/adimlarim.com\/wp-content\/uploads\/DEU-Koblenz-20190920_124021.jpg\",\"keywords\":[\"Altstadt\",\"Basilika St. Kastor\",\"Deutsches Eck\",\"Ehrenbreitstein\",\"Kaiser-Wilhelm-Denkmal\",\"Koblenz\",\"Loreley\",\"Mosel\",\"Rhein\",\"Rhein-Mosel-Blick\",\"Schloss\",\"Seilbahn\"],\"articleSection\":[\"Aussichts\u00adpunkte\",\"Bau\u00adwerke\",\"Deutsch\u00adland\",\"Kunst + Kultur\",\"Orte + St\u00e4tten\",\"Reisen\",\"Spazier\u00adg\u00e4nge\",\"UNESCO-Listen\",\"Wasser + Meer\"],\"inLanguage\":\"de\",\"potentialAction\":[{\"@type\":\"CommentAction\",\"name\":\"Comment\",\"target\":[\"https:\/\/adimlarim.com\/deutschland-koblenz\/#respond\"]}]},{\"@type\":\"WebPage\",\"@id\":\"https:\/\/adimlarim.com\/deutschland-koblenz\/\",\"url\":\"https:\/\/adimlarim.com\/deutschland-koblenz\/\",\"name\":\"Deutschland: Koblenz - adimlarim.com\",\"isPartOf\":{\"@id\":\"https:\/\/adimlarim.com\/de\/#website\"},\"primaryImageOfPage\":{\"@id\":\"https:\/\/adimlarim.com\/deutschland-koblenz\/#primaryimage\"},\"image\":{\"@id\":\"https:\/\/adimlarim.com\/deutschland-koblenz\/#primaryimage\"},\"thumbnailUrl\":\"https:\/\/adimlarim.com\/wp-content\/uploads\/DEU-Koblenz-20190920_124021.jpg\",\"datePublished\":\"2019-09-20T10:26:00+00:00\",\"dateModified\":\"2024-04-05T15:33:35+00:00\",\"description\":\"Spazier\u00adg\u00e4nge\",\"breadcrumb\":{\"@id\":\"https:\/\/adimlarim.com\/deutschland-koblenz\/#breadcrumb\"},\"inLanguage\":\"de\",\"potentialAction\":[{\"@type\":\"ReadAction\",\"target\":[\"https:\/\/adimlarim.com\/deutschland-koblenz\/\"]}]},{\"@type\":\"ImageObject\",\"inLanguage\":\"de\",\"@id\":\"https:\/\/adimlarim.com\/deutschland-koblenz\/#primaryimage\",\"url\":\"https:\/\/adimlarim.com\/wp-content\/uploads\/DEU-Koblenz-20190920_124021.jpg\",\"contentUrl\":\"https:\/\/adimlarim.com\/wp-content\/uploads\/DEU-Koblenz-20190920_124021.jpg\",\"width\":1920,\"height\":1190,\"caption\":\"Deutschland: Koblenz; Almanya: Koblenz\"},{\"@type\":\"BreadcrumbList\",\"@id\":\"https:\/\/adimlarim.com\/deutschland-koblenz\/#breadcrumb\",\"itemListElement\":[{\"@type\":\"ListItem\",\"position\":1,\"name\":\"Startseite\",\"item\":\"https:\/\/adimlarim.com\/de\/\"},{\"@type\":\"ListItem\",\"position\":2,\"name\":\"Deutschland: Koblenz\"}]},{\"@type\":\"WebSite\",\"@id\":\"https:\/\/adimlarim.com\/de\/#website\",\"url\":\"https:\/\/adimlarim.com\/de\/\",\"name\":\"Ad\u0131mlar\u0131m\",\"description\":\"jede Reise beginnt mit den ersten Schritten\",\"publisher\":{\"@id\":\"https:\/\/adimlarim.com\/de\/#organization\"},\"alternateName\":\"Adimlarim\",\"potentialAction\":[{\"@type\":\"SearchAction\",\"target\":{\"@type\":\"EntryPoint\",\"urlTemplate\":\"https:\/\/adimlarim.com\/de\/?s={search_term_string}\"},\"query-input\":{\"@type\":\"PropertyValueSpecification\",\"valueRequired\":true,\"valueName\":\"search_term_string\"}}],\"inLanguage\":\"de\"},{\"@type\":\"Organization\",\"@id\":\"https:\/\/adimlarim.com\/de\/#organization\",\"name\":\"Ad\u0131mlar\u0131m\",\"url\":\"https:\/\/adimlarim.com\/de\/\",\"logo\":{\"@type\":\"ImageObject\",\"inLanguage\":\"de\",\"@id\":\"https:\/\/adimlarim.com\/de\/#\/schema\/logo\/image\/\",\"url\":\"https:\/\/adimlarim.com\/wp-content\/uploads\/adimlarim.com_.perspektive.kontur.verlauf.blau_.header.png\",\"contentUrl\":\"https:\/\/adimlarim.com\/wp-content\/uploads\/adimlarim.com_.perspektive.kontur.verlauf.blau_.header.png\",\"width\":401,\"height\":319,\"caption\":\"Ad\u0131mlar\u0131m\"},\"image\":{\"@id\":\"https:\/\/adimlarim.com\/de\/#\/schema\/logo\/image\/\"}},{\"@type\":\"Person\",\"@id\":\"https:\/\/adimlarim.com\/de\/#\/schema\/person\/c44c648a41b8519f8e022d74c6de7805\",\"name\":\"ZNMAC\",\"url\":\"https:\/\/adimlarim.com\/de\/author\/znmac\/\"}]}<\/script>\n<!-- \/ Yoast SEO plugin. -->","yoast_head_json":{"title":"Deutschland: Koblenz - adimlarim.com","description":"Spazier\u00adg\u00e4nge","robots":{"index":"index","follow":"follow","max-snippet":"max-snippet:-1","max-image-preview":"max-image-preview:large","max-video-preview":"max-video-preview:-1"},"canonical":"https:\/\/adimlarim.com\/de\/deutschland-koblenz\/","schema":{"@context":"https:\/\/schema.org","@graph":[{"@type":"Article","@id":"https:\/\/adimlarim.com\/deutschland-koblenz\/#article","isPartOf":{"@id":"https:\/\/adimlarim.com\/deutschland-koblenz\/"},"author":{"name":"ZNMAC","@id":"https:\/\/adimlarim.com\/de\/#\/schema\/person\/c44c648a41b8519f8e022d74c6de7805"},"headline":"Deutschland: Koblenz","datePublished":"2019-09-20T10:26:00+00:00","dateModified":"2024-04-05T15:33:35+00:00","mainEntityOfPage":{"@id":"https:\/\/adimlarim.com\/deutschland-koblenz\/"},"wordCount":637,"commentCount":0,"publisher":{"@id":"https:\/\/adimlarim.com\/de\/#organization"},"image":{"@id":"https:\/\/adimlarim.com\/deutschland-koblenz\/#primaryimage"},"thumbnailUrl":"https:\/\/adimlarim.com\/wp-content\/uploads\/DEU-Koblenz-20190920_124021.jpg","keywords":["Altstadt","Basilika St. Kastor","Deutsches Eck","Ehrenbreitstein","Kaiser-Wilhelm-Denkmal","Koblenz","Loreley","Mosel","Rhein","Rhein-Mosel-Blick","Schloss","Seilbahn"],"articleSection":["Aussichts\u00adpunkte","Bau\u00adwerke","Deutsch\u00adland","Kunst + Kultur","Orte + St\u00e4tten","Reisen","Spazier\u00adg\u00e4nge","UNESCO-Listen","Wasser + Meer"],"inLanguage":"de","potentialAction":[{"@type":"CommentAction","name":"Comment","target":["https:\/\/adimlarim.com\/deutschland-koblenz\/#respond"]}]},{"@type":"WebPage","@id":"https:\/\/adimlarim.com\/deutschland-koblenz\/","url":"https:\/\/adimlarim.com\/deutschland-koblenz\/","name":"Deutschland: Koblenz - adimlarim.com","isPartOf":{"@id":"https:\/\/adimlarim.com\/de\/#website"},"primaryImageOfPage":{"@id":"https:\/\/adimlarim.com\/deutschland-koblenz\/#primaryimage"},"image":{"@id":"https:\/\/adimlarim.com\/deutschland-koblenz\/#primaryimage"},"thumbnailUrl":"https:\/\/adimlarim.com\/wp-content\/uploads\/DEU-Koblenz-20190920_124021.jpg","datePublished":"2019-09-20T10:26:00+00:00","dateModified":"2024-04-05T15:33:35+00:00","description":"Spazier\u00adg\u00e4nge","breadcrumb":{"@id":"https:\/\/adimlarim.com\/deutschland-koblenz\/#breadcrumb"},"inLanguage":"de","potentialAction":[{"@type":"ReadAction","target":["https:\/\/adimlarim.com\/deutschland-koblenz\/"]}]},{"@type":"ImageObject","inLanguage":"de","@id":"https:\/\/adimlarim.com\/deutschland-koblenz\/#primaryimage","url":"https:\/\/adimlarim.com\/wp-content\/uploads\/DEU-Koblenz-20190920_124021.jpg","contentUrl":"https:\/\/adimlarim.com\/wp-content\/uploads\/DEU-Koblenz-20190920_124021.jpg","width":1920,"height":1190,"caption":"Deutschland: Koblenz; Almanya: Koblenz"},{"@type":"BreadcrumbList","@id":"https:\/\/adimlarim.com\/deutschland-koblenz\/#breadcrumb","itemListElement":[{"@type":"ListItem","position":1,"name":"Startseite","item":"https:\/\/adimlarim.com\/de\/"},{"@type":"ListItem","position":2,"name":"Deutschland: Koblenz"}]},{"@type":"WebSite","@id":"https:\/\/adimlarim.com\/de\/#website","url":"https:\/\/adimlarim.com\/de\/","name":"Ad\u0131mlar\u0131m","description":"jede Reise beginnt mit den ersten Schritten","publisher":{"@id":"https:\/\/adimlarim.com\/de\/#organization"},"alternateName":"Adimlarim","potentialAction":[{"@type":"SearchAction","target":{"@type":"EntryPoint","urlTemplate":"https:\/\/adimlarim.com\/de\/?s={search_term_string}"},"query-input":{"@type":"PropertyValueSpecification","valueRequired":true,"valueName":"search_term_string"}}],"inLanguage":"de"},{"@type":"Organization","@id":"https:\/\/adimlarim.com\/de\/#organization","name":"Ad\u0131mlar\u0131m","url":"https:\/\/adimlarim.com\/de\/","logo":{"@type":"ImageObject","inLanguage":"de","@id":"https:\/\/adimlarim.com\/de\/#\/schema\/logo\/image\/","url":"https:\/\/adimlarim.com\/wp-content\/uploads\/adimlarim.com_.perspektive.kontur.verlauf.blau_.header.png","contentUrl":"https:\/\/adimlarim.com\/wp-content\/uploads\/adimlarim.com_.perspektive.kontur.verlauf.blau_.header.png","width":401,"height":319,"caption":"Ad\u0131mlar\u0131m"},"image":{"@id":"https:\/\/adimlarim.com\/de\/#\/schema\/logo\/image\/"}},{"@type":"Person","@id":"https:\/\/adimlarim.com\/de\/#\/schema\/person\/c44c648a41b8519f8e022d74c6de7805","name":"ZNMAC","url":"https:\/\/adimlarim.com\/de\/author\/znmac\/"}]}},"_links":{"self":[{"href":"https:\/\/adimlarim.com\/de\/wp-json\/wp\/v2\/posts\/2786","targetHints":{"allow":["GET"]}}],"collection":[{"href":"https:\/\/adimlarim.com\/de\/wp-json\/wp\/v2\/posts"}],"about":[{"href":"https:\/\/adimlarim.com\/de\/wp-json\/wp\/v2\/types\/post"}],"author":[{"embeddable":true,"href":"https:\/\/adimlarim.com\/de\/wp-json\/wp\/v2\/users\/5"}],"replies":[{"embeddable":true,"href":"https:\/\/adimlarim.com\/de\/wp-json\/wp\/v2\/comments?post=2786"}],"version-history":[{"count":2,"href":"https:\/\/adimlarim.com\/de\/wp-json\/wp\/v2\/posts\/2786\/revisions"}],"predecessor-version":[{"id":2894,"href":"https:\/\/adimlarim.com\/de\/wp-json\/wp\/v2\/posts\/2786\/revisions\/2894"}],"wp:featuredmedia":[{"embeddable":true,"href":"https:\/\/adimlarim.com\/de\/wp-json\/wp\/v2\/media\/2839"}],"wp:attachment":[{"href":"https:\/\/adimlarim.com\/de\/wp-json\/wp\/v2\/media?parent=2786"}],"wp:term":[{"taxonomy":"category","embeddable":true,"href":"https:\/\/adimlarim.com\/de\/wp-json\/wp\/v2\/categories?post=2786"},{"taxonomy":"post_tag","embeddable":true,"href":"https:\/\/adimlarim.com\/de\/wp-json\/wp\/v2\/tags?post=2786"}],"curies":[{"name":"wp","href":"https:\/\/api.w.org\/{rel}","templated":true}]}}