{"id":3982,"date":"2024-08-26T17:12:01","date_gmt":"2024-08-26T15:12:01","guid":{"rendered":"https:\/\/adimlarim.com\/?p=3982"},"modified":"2024-11-21T11:35:57","modified_gmt":"2024-11-21T10:35:57","slug":"deutschland-allgaeu","status":"publish","type":"post","link":"https:\/\/adimlarim.com\/de\/deutschland-allgaeu\/","title":{"rendered":"Deutsch\u00adland: All\u00adg\u00e4u"},"content":{"rendered":"\n<p>Wenn vom All\u00adg\u00e4u die Re\u00adde ist, so er\u00adscheint ein Bild von Ber\u00adgen, Al\u00admen, Wie\u00adsen und gl\u00fcck\u00adlichen K\u00fchen vor dem in\u00adte\u00adres\u00adsier\u00adten Au\u00adge. Hin\u00adgegen die Fra\u00adge, wo das All\u00adg\u00e4u be\u00adginnt und wo es auf\u00adh\u00f6rt, ist geo\u00adgra\u00adfisch schwie\u00adrig ein\u00adzu\u00adord\u00adnen. Aber ehr\u00adlich: wen st\u00f6rt es? Was ein\u00addeu\u00adtig ist, ist, dass das All\u00adg\u00e4u im S\u00fc\u00adden Deutsch\u00adlands und mit den All\u00adg\u00e4uer Al\u00adpen auf \u00f6ster\u00adreichi\u00adschem Ge\u00adbiet liegt. Zu dem h\u00f6chs\u00adten Gip\u00adfel mit 2.656 m z\u00e4hlt der Gro\u00dfe Krot\u00adten\u00adkopf ge\u00adfolgt von di\u00adver\u00adsen \u00fcber 2.500 Me\u00adter ho\u00adhen Ber\u00adgen.<\/p>\n\n\n\n<h2 class=\"wp-block-heading\">3 Tage im All\u00adg\u00e4u<\/h2>\n\n\n\n<p>F\u00fcr mich stand fest: die\u00adses Mal soll\u00adte mei\u00adne Rei\u00adse in das All\u00adg\u00e4u f\u00fch\u00adren. Das ge\u00adbuch\u00adte Ho\u00adtel in Ober\u00adst\u00addorf bot die Berg\u00adbahn\u00adti\u00adckets mit im Preis an. In der Rei\u00adse\u00adpla\u00adnung ein wich\u00adti\u00adger mit zu be\u00adr\u00fcck\u00adsich\u00adti\u00adgen\u00adder Punkt. Mei\u00adne 3-Ta\u00adge-Tour mit \u00dcber\u00adnach\u00adtung in Ober\u00adst\u00addorf sah fol\u00adgen\u00adder\u00adma\u00ad\u00dfen aus:<\/p>\n\n\n\n<p><strong>All\u00adg\u00e4u-Reise\u00adver\u00adlauf Tag 1<\/strong><br><a href=\"https:\/\/adimlarim.com\/de\/deutschland-allgaeu\/#nebelhornbahn\">Nebel\u00adhorn\u00adbahn<\/a><br><a href=\"https:\/\/adimlarim.com\/de\/deutschland-allgaeu\/#hoefatsblick\">H\u00f6fats\u00adblick<\/a><br><a href=\"https:\/\/adimlarim.com\/de\/deutschland-allgaeu\/#seealpsee\">See\u00adalp\u00adsee<\/a><br><a href=\"https:\/\/adimlarim.com\/de\/deutschland-allgaeu\/#zeigersattel\">Zeiger\u00adsattel<\/a><br><a href=\"https:\/\/adimlarim.com\/de\/deutschland-allgaeu\/#nebelhorn\">Nebel\u00adhorn-Gipfel<\/a><\/p>\n\n\n\n<p><strong>All\u00adg\u00e4u-Reise\u00adver\u00adlauf Tag 2<\/strong><br><a href=\"https:\/\/adimlarim.com\/de\/deutschland-allgaeu\/#fellhornbahn\">Fell\u00adhorn\u00adbahn<\/a><br><a href=\"https:\/\/adimlarim.com\/de\/deutschland-allgaeu\/#fellhorngrat\">Fell\u00adhorn\u00adgrat<\/a><br><a href=\"https:\/\/adimlarim.com\/de\/deutschland-allgaeu\/#schlappoltsee\">Schlappolt\u00adsee<\/a><br><a href=\"https:\/\/adimlarim.com\/de\/deutschland-allgaeu\/#fellhorn-gipfel\">Fell\u00adhorn-Gipfel<\/a><br><a href=\"https:\/\/adimlarim.com\/de\/deutschland-allgaeu\/#blumen-lehrpfad\">Blumen-Lehr\u00adpfad<\/a><br><a href=\"https:\/\/adimlarim.com\/de\/deutschland-allgaeu\/#mittelstation\">Mittel\u00adstation<\/a><\/p>\n\n\n\n<p><strong>All\u00adg\u00e4u-Reise\u00adver\u00adlauf Tag 3<\/strong><br><a href=\"https:\/\/adimlarim.com\/de\/deutschland-allgaeu\/#breitach-klamm\">Breitach-Klamm<\/a><\/p>\n\n\n\n<h3 class=\"wp-block-heading\" id=\"nebelhornbahn\">Nebel\u00adhorn\u00adbahn<\/h3>\n\n\n\n<p>Kosten\u00adpunkt: 52,50 \u20ac (Stand 2024)<br>Tal\u00adsta\u00adtion: Nebel\u00adhorn\u00adstra\u00dfe 67, 87561 Oberst\u00addorf: 828 m<br>Berg\u00adsta\u00adtion: See\u00adalpe: 1.280 m (Koor\u00addi\u00adna\u00adten: 47.408655, 10.313890)<br>Berg\u00adsta\u00adtion: H\u00f6fats\u00adblick: 1.932 m (Koor\u00addi\u00adna\u00adten: 47.414420, 10.346677)<br>Berg\u00adsta\u00adtion: Gipfel: 2.214 m (Koor\u00addi\u00adna\u00adten: 47.421568, 10.342331)<\/p>\n\n\n\n<h3 class=\"wp-block-heading\" id=\"hoefatsblick\">Pano\u00adrama-Wan\u00adder\u00adweg vom H\u00f6fats\u00adblick zum See\u00adalp\u00adsee<\/h3>\n\n\n\n<figure class=\"wp-block-image size-full\"><img loading=\"lazy\" decoding=\"async\" width=\"1620\" height=\"1080\" src=\"https:\/\/adimlarim.com\/wp-content\/uploads\/Deutschland-Allgaeu-Panoramawanderweg-Hoefatsblick-Seealpsee-DSC04487.jpg\" alt=\"Deutschland: Allg\u00e4u: Panorama-Wanderweg vom H\u00f6fatsblick zum Seealpsee; Almanya: Allg\u00e4u: H\u00f6fatsblick'ten Seealpsee g\u00f6l\u00fcne panoramik y\u00fcr\u00fcy\u00fc\u015f yolu\" class=\"wp-image-4006\" srcset=\"https:\/\/adimlarim.com\/wp-content\/uploads\/Deutschland-Allgaeu-Panoramawanderweg-Hoefatsblick-Seealpsee-DSC04487.jpg 1620w, https:\/\/adimlarim.com\/wp-content\/uploads\/Deutschland-Allgaeu-Panoramawanderweg-Hoefatsblick-Seealpsee-DSC04487-1024x683.jpg 1024w, https:\/\/adimlarim.com\/wp-content\/uploads\/Deutschland-Allgaeu-Panoramawanderweg-Hoefatsblick-Seealpsee-DSC04487-768x512.jpg 768w, https:\/\/adimlarim.com\/wp-content\/uploads\/Deutschland-Allgaeu-Panoramawanderweg-Hoefatsblick-Seealpsee-DSC04487-1536x1024.jpg 1536w, https:\/\/adimlarim.com\/wp-content\/uploads\/Deutschland-Allgaeu-Panoramawanderweg-Hoefatsblick-Seealpsee-DSC04487-18x12.jpg 18w\" sizes=\"auto, (max-width: 1620px) 100vw, 1620px\" \/><\/figure>\n\n\n\n<p>Im wahrsten Sin\u00adne des Wor\u00adtes ein &#8222;Pano\u00adrama-Wan\u00adder\u00adweg&#8220;, nicht wahr?<\/p>\n\n\n\n<div class=\"wp-block-media-text is-stacked-on-mobile\"><figure class=\"wp-block-media-text__media\"><img loading=\"lazy\" decoding=\"async\" width=\"1080\" height=\"1080\" src=\"https:\/\/adimlarim.com\/wp-content\/uploads\/Deutschland-Allgaeu-Seealpsee-DSC04481.jpg\" alt=\"\" class=\"wp-image-4011 size-full\" srcset=\"https:\/\/adimlarim.com\/wp-content\/uploads\/Deutschland-Allgaeu-Seealpsee-DSC04481.jpg 1080w, https:\/\/adimlarim.com\/wp-content\/uploads\/Deutschland-Allgaeu-Seealpsee-DSC04481-1024x1024.jpg 1024w, https:\/\/adimlarim.com\/wp-content\/uploads\/Deutschland-Allgaeu-Seealpsee-DSC04481-768x768.jpg 768w, https:\/\/adimlarim.com\/wp-content\/uploads\/Deutschland-Allgaeu-Seealpsee-DSC04481-12x12.jpg 12w\" sizes=\"auto, (max-width: 1080px) 100vw, 1080px\" \/><\/figure><div class=\"wp-block-media-text__content\">\n<h3 class=\"wp-block-heading\" id=\"seealpsee\">See\u00adalp\u00adsee<\/h3>\n\n\n\n<p>Ein Hoch\u00adge\u00adbirgs\u00adsee auf ei\u00adner H\u00f6\u00adhe von ca. 1.622 Me\u00adtern. Ein\u00adfach traum\u00adhaft.<\/p>\n<\/div><\/div>\n\n\n\n<div class=\"wp-block-media-text is-stacked-on-mobile\"><figure class=\"wp-block-media-text__media\"><img loading=\"lazy\" decoding=\"async\" width=\"1080\" height=\"1080\" src=\"https:\/\/adimlarim.com\/wp-content\/uploads\/Deutschland-Allgaeu-Zeigersattel-DSC04494.jpg\" alt=\"\" class=\"wp-image-4013 size-full\" srcset=\"https:\/\/adimlarim.com\/wp-content\/uploads\/Deutschland-Allgaeu-Zeigersattel-DSC04494.jpg 1080w, https:\/\/adimlarim.com\/wp-content\/uploads\/Deutschland-Allgaeu-Zeigersattel-DSC04494-1024x1024.jpg 1024w, https:\/\/adimlarim.com\/wp-content\/uploads\/Deutschland-Allgaeu-Zeigersattel-DSC04494-768x768.jpg 768w, https:\/\/adimlarim.com\/wp-content\/uploads\/Deutschland-Allgaeu-Zeigersattel-DSC04494-12x12.jpg 12w\" sizes=\"auto, (max-width: 1080px) 100vw, 1080px\" \/><\/figure><div class=\"wp-block-media-text__content\">\n<h3 class=\"wp-block-heading\" id=\"zeigersattel\">Zeiger\u00adsat\u00adtel<\/h3>\n\n\n\n<p>Der Zeiger\u00adsat\u00adtel liegt auf ei\u00adner H\u00f6\u00adhe von ca. 1.920 Me\u00adtern. Im\u00adpo\u00adsant und satt gr\u00fcn, aber nicht so be\u00adwan\u00addert wie der Fell\u00adhorn\u00adgrat.<\/p>\n<\/div><\/div>\n\n\n\n<div class=\"wp-block-media-text is-stacked-on-mobile\"><figure class=\"wp-block-media-text__media\"><img loading=\"lazy\" decoding=\"async\" width=\"1080\" height=\"1080\" src=\"https:\/\/adimlarim.com\/wp-content\/uploads\/Deutschland-Allgaeu-Nebelhorn-Gipfelkreuz-image3-rotated.jpg\" alt=\"Deutschland: Allg\u00e4u: Nebelhorn: Gipfelkreuz; Almanya: Allg\u00e4u: Nebelhorn: Da\u011f\u0131n zirvesindeki ha\u00e7\" class=\"wp-image-4116 size-full\" srcset=\"https:\/\/adimlarim.com\/wp-content\/uploads\/Deutschland-Allgaeu-Nebelhorn-Gipfelkreuz-image3-rotated.jpg 1080w, https:\/\/adimlarim.com\/wp-content\/uploads\/Deutschland-Allgaeu-Nebelhorn-Gipfelkreuz-image3-1024x1024.jpg 1024w, https:\/\/adimlarim.com\/wp-content\/uploads\/Deutschland-Allgaeu-Nebelhorn-Gipfelkreuz-image3-768x768.jpg 768w, https:\/\/adimlarim.com\/wp-content\/uploads\/Deutschland-Allgaeu-Nebelhorn-Gipfelkreuz-image3-12x12.jpg 12w\" sizes=\"auto, (max-width: 1080px) 100vw, 1080px\" \/><\/figure><div class=\"wp-block-media-text__content\">\n<h3 class=\"wp-block-heading\" id=\"nebelhorn\">Nebel\u00adhorn-Gipfel<\/h3>\n\n\n\n<p>Der Gipfel des Nebel\u00adhorns liegt auf ca. 2.224 Me\u00adtern.<\/p>\n<\/div><\/div>\n\n\n\n<h4 class=\"wp-block-heading\">Nebel\u00adhorn-Rund\u00adweg auf Stahl\u00adkon\u00adstruk\u00adtion<\/h4>\n\n\n\n<figure class=\"wp-block-image size-full\"><img loading=\"lazy\" decoding=\"async\" width=\"1620\" height=\"1080\" src=\"https:\/\/adimlarim.com\/wp-content\/uploads\/Deutschland-Allgaeu-Nebelhorn-Rundweg-DSC04506.jpg\" alt=\"Deutschland: Allg\u00e4u: Nebelhorn: Rundweg auf Stahlkonstruktion; Almanya: Allg\u00e4u: Nebelhorn: \u00c7elik konstr\u00fcksiyon \u00fczerinde tur\" class=\"wp-image-4017\" srcset=\"https:\/\/adimlarim.com\/wp-content\/uploads\/Deutschland-Allgaeu-Nebelhorn-Rundweg-DSC04506.jpg 1620w, https:\/\/adimlarim.com\/wp-content\/uploads\/Deutschland-Allgaeu-Nebelhorn-Rundweg-DSC04506-1024x683.jpg 1024w, https:\/\/adimlarim.com\/wp-content\/uploads\/Deutschland-Allgaeu-Nebelhorn-Rundweg-DSC04506-768x512.jpg 768w, https:\/\/adimlarim.com\/wp-content\/uploads\/Deutschland-Allgaeu-Nebelhorn-Rundweg-DSC04506-1536x1024.jpg 1536w, https:\/\/adimlarim.com\/wp-content\/uploads\/Deutschland-Allgaeu-Nebelhorn-Rundweg-DSC04506-18x12.jpg 18w\" sizes=\"auto, (max-width: 1620px) 100vw, 1620px\" \/><\/figure>\n\n\n\n<p>Ich hat\u00adte das Gl\u00fcck, einen Tag ohne Nebel er\u00adwischt zu ha\u00adben \u2013 eine atem\u00adbe\u00adrau\u00adben\u00adde Rund\u00adum\u00adsicht.<\/p>\n\n\n\n<h3 class=\"wp-block-heading\" id=\"fellhornbahn\">Fell\u00adhorn\u00adbahn<\/h3>\n\n\n\n<p>Kosten\u00adpunkt: 38,00 \u20ac (Stand 2024)<br>Tal\u00adsta\u00adtion: Faiste\u00adnoy 10, 87561 Oberst\u00addorf: 927 m<br>Berg\u00adsta\u00adtion: Mittel\u00adsta\u00adtion (Schlap\u00adpolt\u00adsee): 1.785 m (Koor\u00addi\u00adna\u00adten: 47.349233, 10.227470)<br>Berg\u00adsta\u00adtion: Gipfel\u00adsta\u00adtion: 1.975 m (Koor\u00addi\u00adna\u00adten: 47.348198, 10.215702)<\/p>\n\n\n\n<h3 class=\"wp-block-heading\" id=\"fellhorngrat\">Fell\u00adhorn\u00adgrat<\/h3>\n\n\n\n<figure class=\"wp-block-image size-full\"><img loading=\"lazy\" decoding=\"async\" width=\"1620\" height=\"1080\" src=\"https:\/\/adimlarim.com\/wp-content\/uploads\/Deutschland-Allgaeu-Fellhorngrat-DSC04516.jpg\" alt=\"\" class=\"wp-image-4024\" srcset=\"https:\/\/adimlarim.com\/wp-content\/uploads\/Deutschland-Allgaeu-Fellhorngrat-DSC04516.jpg 1620w, https:\/\/adimlarim.com\/wp-content\/uploads\/Deutschland-Allgaeu-Fellhorngrat-DSC04516-1024x683.jpg 1024w, https:\/\/adimlarim.com\/wp-content\/uploads\/Deutschland-Allgaeu-Fellhorngrat-DSC04516-768x512.jpg 768w, https:\/\/adimlarim.com\/wp-content\/uploads\/Deutschland-Allgaeu-Fellhorngrat-DSC04516-1536x1024.jpg 1536w, https:\/\/adimlarim.com\/wp-content\/uploads\/Deutschland-Allgaeu-Fellhorngrat-DSC04516-18x12.jpg 18w\" sizes=\"auto, (max-width: 1620px) 100vw, 1620px\" \/><\/figure>\n\n\n\n<p>Die sch\u00f6nste Grat\u00adwan\u00adde\u00adrung die\u00adser Re\u00adgi\u00adon, die durch die Gipfel\u00adsta\u00adtion der Fell\u00adhorn\u00adberg\u00adbahn di\u00adrekt ohne m\u00fch\u00adsa\u00admen An\u00adstieg er\u00adreich\u00adbar ist. Ei\u00adne Wan\u00adde\u00adrung durch Deutsch\u00adland und \u00d6ster\u00adreich mit je\u00addem Schritt.<\/p>\n\n\n\n<h3 class=\"wp-block-heading\" id=\"schlappoltsee\">Schlap\u00adpolt\u00adsee<\/h3>\n\n\n\n<figure class=\"wp-block-image size-full\"><img loading=\"lazy\" decoding=\"async\" width=\"1620\" height=\"1080\" src=\"https:\/\/adimlarim.com\/wp-content\/uploads\/Deutschland-Allgaeu-Schlappoltsee-DSC04588.jpg\" alt=\"Deutschland: Allg\u00e4u: Schlappoltsee; Almanya: Allg\u00e4u: Fellhorn: Schlappoltsee g\u00f6l\u00fc\" class=\"wp-image-4030\" srcset=\"https:\/\/adimlarim.com\/wp-content\/uploads\/Deutschland-Allgaeu-Schlappoltsee-DSC04588.jpg 1620w, https:\/\/adimlarim.com\/wp-content\/uploads\/Deutschland-Allgaeu-Schlappoltsee-DSC04588-1024x683.jpg 1024w, https:\/\/adimlarim.com\/wp-content\/uploads\/Deutschland-Allgaeu-Schlappoltsee-DSC04588-768x512.jpg 768w, https:\/\/adimlarim.com\/wp-content\/uploads\/Deutschland-Allgaeu-Schlappoltsee-DSC04588-1536x1024.jpg 1536w, https:\/\/adimlarim.com\/wp-content\/uploads\/Deutschland-Allgaeu-Schlappoltsee-DSC04588-18x12.jpg 18w\" sizes=\"auto, (max-width: 1620px) 100vw, 1620px\" \/><\/figure>\n\n\n\n<p>Der Schlap\u00adpolt\u00adsee \u2013 einer von vie\u00adlen Seen in die\u00adser Re\u00adgi\u00adon \u2013 liegt auf einer H\u00f6\u00adhe von ca. 1.700 Me\u00adtern, ein\u00adge\u00adbet\u00adtet in das Na\u00adtur\u00adschutz\u00adge\u00adbiet der All\u00adg\u00e4u\u00ader Hoch\u00adalpen.<\/p>\n\n\n\n<div class=\"wp-block-media-text is-stacked-on-mobile\"><figure class=\"wp-block-media-text__media\"><img loading=\"lazy\" decoding=\"async\" width=\"1080\" height=\"1080\" src=\"https:\/\/adimlarim.com\/wp-content\/uploads\/Deutschland-Allgaeu-Fellhorn-Gipfelkreuz-image0.jpeg\" alt=\"Deutschland: Allg\u00e4u: Fellhorn: Gipfelkreuz; Almanya: Allg\u00e4u: Fellhorn: Da\u011f\u0131n zirvesindeki ha\u00e7\" class=\"wp-image-4027 size-full\" srcset=\"https:\/\/adimlarim.com\/wp-content\/uploads\/Deutschland-Allgaeu-Fellhorn-Gipfelkreuz-image0.jpeg 1080w, https:\/\/adimlarim.com\/wp-content\/uploads\/Deutschland-Allgaeu-Fellhorn-Gipfelkreuz-image0-1024x1024.jpeg 1024w, https:\/\/adimlarim.com\/wp-content\/uploads\/Deutschland-Allgaeu-Fellhorn-Gipfelkreuz-image0-768x768.jpeg 768w, https:\/\/adimlarim.com\/wp-content\/uploads\/Deutschland-Allgaeu-Fellhorn-Gipfelkreuz-image0-12x12.jpeg 12w\" sizes=\"auto, (max-width: 1080px) 100vw, 1080px\" \/><\/figure><div class=\"wp-block-media-text__content\">\n<h3 class=\"wp-block-heading\" id=\"fellhorn-gipfel\">Fell\u00adhorn-Gipfel<\/h3>\n\n\n\n<p>Laut einem Ar\u00adti\u00adkel in dem Oberst\u00addorf-Lexi\u00adkon gilt das Fell\u00adhorn &#8222;als der Blu\u00admen\u00adberg der All\u00adg\u00e4uer Al\u00adpen&#8220;. Der Gipfel liegt bei ca. 2.038 Me\u00adtern.<\/p>\n<\/div><\/div>\n\n\n\n<div class=\"wp-block-media-text is-stacked-on-mobile\"><figure class=\"wp-block-media-text__media\"><img loading=\"lazy\" decoding=\"async\" width=\"1080\" height=\"1080\" src=\"https:\/\/adimlarim.com\/wp-content\/uploads\/Deutschland-Allgaeu-Fellhorn-Lehrpfad-DSC04606.jpg\" alt=\"Deutschland: Allg\u00e4u: Fellhorn: Blumenlehrpfad; Almanya: Allg\u00e4u: Fellhorn: Do\u011fa daki yaban \u00e7i\u00e7eklerin \u00f6\u011fretim parkuru\" class=\"wp-image-4034 size-full\" srcset=\"https:\/\/adimlarim.com\/wp-content\/uploads\/Deutschland-Allgaeu-Fellhorn-Lehrpfad-DSC04606.jpg 1080w, https:\/\/adimlarim.com\/wp-content\/uploads\/Deutschland-Allgaeu-Fellhorn-Lehrpfad-DSC04606-1024x1024.jpg 1024w, https:\/\/adimlarim.com\/wp-content\/uploads\/Deutschland-Allgaeu-Fellhorn-Lehrpfad-DSC04606-768x768.jpg 768w, https:\/\/adimlarim.com\/wp-content\/uploads\/Deutschland-Allgaeu-Fellhorn-Lehrpfad-DSC04606-12x12.jpg 12w\" sizes=\"auto, (max-width: 1080px) 100vw, 1080px\" \/><\/figure><div class=\"wp-block-media-text__content\">\n<h3 class=\"wp-block-heading\" id=\"blumen-lehrpfad\">Blumen-Lehr\u00adpfad<\/h3>\n\n\n\n<p>Der Blumen- und Wan\u00adder\u00adlehr\u00adpfad Fell\u00adhorn liegt zwi\u00adschen Mit\u00adtel- und Gipfel\u00adsta\u00adtion. Bei die\u00adser Rei\u00adse ha\u00adbe ich das erste Mal in meinem Le\u00adben das Edel\u00adwei\u00df ge\u00adse\u00adhen. Ei\u00adne sel\u00adte\u00adne inte\u00adres\u00adsant aus\u00adse\u00adhen\u00adde Pflan\u00adze, ne\u00adben vie\u00adlen an\u00adde\u00adren wun\u00adder\u00adsch\u00f6\u00adnen Pflan\u00adzen dort.<\/p>\n<\/div><\/div>\n\n\n\n<div class=\"wp-block-media-text is-stacked-on-mobile\"><figure class=\"wp-block-media-text__media\"><img loading=\"lazy\" decoding=\"async\" width=\"1080\" height=\"1080\" src=\"https:\/\/adimlarim.com\/wp-content\/uploads\/Deutschland-Allgaeu-Blumenwiesen-DSC04479-rotated.jpg\" alt=\"Deutschland: Allg\u00e4u: Blumenwiese; Almanya: Allg\u00e4u: \u00c7i\u00e7ek \u00e7ay\u0131rlar\u0131\" class=\"wp-image-4033 size-full\" srcset=\"https:\/\/adimlarim.com\/wp-content\/uploads\/Deutschland-Allgaeu-Blumenwiesen-DSC04479-rotated.jpg 1080w, https:\/\/adimlarim.com\/wp-content\/uploads\/Deutschland-Allgaeu-Blumenwiesen-DSC04479-1024x1024.jpg 1024w, https:\/\/adimlarim.com\/wp-content\/uploads\/Deutschland-Allgaeu-Blumenwiesen-DSC04479-768x768.jpg 768w, https:\/\/adimlarim.com\/wp-content\/uploads\/Deutschland-Allgaeu-Blumenwiesen-DSC04479-12x12.jpg 12w\" sizes=\"auto, (max-width: 1080px) 100vw, 1080px\" \/><\/figure><div class=\"wp-block-media-text__content\">\n<div class=\"wp-block-group is-nowrap is-layout-flex wp-container-core-group-is-layout-6c531013 wp-block-group-is-layout-flex\">\n<p>Da\u00adne\u00adben, dass vie\u00adle Pflan\u00adzen un\u00adter Natur\u00adschutz ste\u00adhen und nicht ge\u00adpfl\u00fcckt oder zer\u00adst\u00f6rt wer\u00adden d\u00fcr\u00adfen, bin ich \u00fcber\u00adzeugt, dass al\u00adles seinen Ort hat, seinen Platz auf die\u00adser Welt hat. Und ge\u00adnau an die\u00adsem Platz ent\u00adfal\u00adtet sich auch die Sch\u00f6n\u00adheit die\u00adser Na\u00adtur.<\/p>\n<\/div>\n<\/div><\/div>\n\n\n\n<h3 class=\"wp-block-heading\" id=\"mittelstation\">R\u00fcck\u00adweg zur Mittel\u00adstation<\/h3>\n\n\n\n<figure data-wp-context=\"{&quot;imageId&quot;:&quot;69f1d2a406b13&quot;}\" data-wp-interactive=\"core\/image\" data-wp-key=\"69f1d2a406b13\" class=\"wp-block-image size-full wp-lightbox-container\"><img loading=\"lazy\" decoding=\"async\" width=\"1620\" height=\"1080\" data-wp-class--hide=\"state.isContentHidden\" data-wp-class--show=\"state.isContentVisible\" data-wp-init=\"callbacks.setButtonStyles\" data-wp-on--click=\"actions.showLightbox\" data-wp-on--load=\"callbacks.setButtonStyles\" data-wp-on-window--resize=\"callbacks.setButtonStyles\" src=\"https:\/\/adimlarim.com\/wp-content\/uploads\/Deutschland-Allgaeu-Fellhorn-Gewitter-DSC04603.jpg\" alt=\"Deutschland: Allg\u00e4u: Fellhorn: Gewitter zieht auf; Almanya: Allg\u00e4u: Fellhorn: Hava bozuluyor\" class=\"wp-image-4035\" srcset=\"https:\/\/adimlarim.com\/wp-content\/uploads\/Deutschland-Allgaeu-Fellhorn-Gewitter-DSC04603.jpg 1620w, https:\/\/adimlarim.com\/wp-content\/uploads\/Deutschland-Allgaeu-Fellhorn-Gewitter-DSC04603-1024x683.jpg 1024w, https:\/\/adimlarim.com\/wp-content\/uploads\/Deutschland-Allgaeu-Fellhorn-Gewitter-DSC04603-768x512.jpg 768w, https:\/\/adimlarim.com\/wp-content\/uploads\/Deutschland-Allgaeu-Fellhorn-Gewitter-DSC04603-1536x1024.jpg 1536w, https:\/\/adimlarim.com\/wp-content\/uploads\/Deutschland-Allgaeu-Fellhorn-Gewitter-DSC04603-18x12.jpg 18w\" sizes=\"auto, (max-width: 1620px) 100vw, 1620px\" \/><button\n\t\t\tclass=\"lightbox-trigger\"\n\t\t\ttype=\"button\"\n\t\t\taria-haspopup=\"dialog\"\n\t\t\taria-label=\"Vergr\u00f6\u00dfern\"\n\t\t\tdata-wp-init=\"callbacks.initTriggerButton\"\n\t\t\tdata-wp-on--click=\"actions.showLightbox\"\n\t\t\tdata-wp-style--right=\"state.imageButtonRight\"\n\t\t\tdata-wp-style--top=\"state.imageButtonTop\"\n\t\t>\n\t\t\t<svg xmlns=\"http:\/\/www.w3.org\/2000\/svg\" width=\"12\" height=\"12\" fill=\"none\" viewBox=\"0 0 12 12\">\n\t\t\t\t<path fill=\"#fff\" d=\"M2 0a2 2 0 0 0-2 2v2h1.5V2a.5.5 0 0 1 .5-.5h2V0H2Zm2 10.5H2a.5.5 0 0 1-.5-.5V8H0v2a2 2 0 0 0 2 2h2v-1.5ZM8 12v-1.5h2a.5.5 0 0 0 .5-.5V8H12v2a2 2 0 0 1-2 2H8Zm2-12a2 2 0 0 1 2 2v2h-1.5V2a.5.5 0 0 0-.5-.5H8V0h2Z\" \/>\n\t\t\t<\/svg>\n\t\t<\/button><\/figure>\n\n\n\n<p>Mein erster Tag war mit Son\u00adnen\u00adschein ge\u00adkr\u00f6nt, mein zwei\u00adter Tag be\u00adgann zwar son\u00adnig be\u00adw\u00f6lkt, aber zu\u00adse\u00adhends zog es zu.<\/p>\n\n\n\n<div class=\"wp-block-media-text is-stacked-on-mobile\"><figure class=\"wp-block-media-text__media\"><img loading=\"lazy\" decoding=\"async\" width=\"1080\" height=\"1080\" src=\"https:\/\/adimlarim.com\/wp-content\/uploads\/Deutschland-Allgaeu-Breitach-Klamm-DSC04612-rotated.jpg\" alt=\"Deutschland: Allg\u00e4u: Breitach-Klamm; Almanya: Allg\u00e4u: Breitach-Klamm\" class=\"wp-image-4117 size-full\" srcset=\"https:\/\/adimlarim.com\/wp-content\/uploads\/Deutschland-Allgaeu-Breitach-Klamm-DSC04612-rotated.jpg 1080w, https:\/\/adimlarim.com\/wp-content\/uploads\/Deutschland-Allgaeu-Breitach-Klamm-DSC04612-1024x1024.jpg 1024w, https:\/\/adimlarim.com\/wp-content\/uploads\/Deutschland-Allgaeu-Breitach-Klamm-DSC04612-768x768.jpg 768w, https:\/\/adimlarim.com\/wp-content\/uploads\/Deutschland-Allgaeu-Breitach-Klamm-DSC04612-12x12.jpg 12w\" sizes=\"auto, (max-width: 1080px) 100vw, 1080px\" \/><\/figure><div class=\"wp-block-media-text__content\">\n<h3 class=\"wp-block-heading\" id=\"breitach-klamm\">Breitach-Klamm<\/h3>\n\n\n\n<p>An meinem drit\u00adten Tag soll\u00adte es durch\u00adweg re\u00adgen und ge\u00adwit\u00adtern. Des\u00adhalb strich ich ein paar Punk\u00adte und ent\u00adschied mich, nur noch die Breit\u00adach-Klamm zu be\u00adsich\u00adti\u00adgen. Der Ein\u00adgang wirkt et\u00adwas un\u00adwirt\u00adlich, aber der Weg lohnt sich.<\/p>\n<\/div><\/div>\n\n\n\n<figure class=\"wp-block-image alignwide size-full\"><img loading=\"lazy\" decoding=\"async\" width=\"1620\" height=\"1080\" src=\"https:\/\/adimlarim.com\/wp-content\/uploads\/Deutschland-Allgaeu-Breitach-Klamm-DSC04654.01-rotated.jpg\" alt=\"Deutschland: Allg\u00e4u: Breitach-Klamm; Almanya: Allg\u00e4u: Breitach-Klamm\" class=\"wp-image-4110\" srcset=\"https:\/\/adimlarim.com\/wp-content\/uploads\/Deutschland-Allgaeu-Breitach-Klamm-DSC04654.01-rotated.jpg 1620w, https:\/\/adimlarim.com\/wp-content\/uploads\/Deutschland-Allgaeu-Breitach-Klamm-DSC04654.01-1024x683.jpg 1024w, https:\/\/adimlarim.com\/wp-content\/uploads\/Deutschland-Allgaeu-Breitach-Klamm-DSC04654.01-768x512.jpg 768w, https:\/\/adimlarim.com\/wp-content\/uploads\/Deutschland-Allgaeu-Breitach-Klamm-DSC04654.01-1536x1024.jpg 1536w, https:\/\/adimlarim.com\/wp-content\/uploads\/Deutschland-Allgaeu-Breitach-Klamm-DSC04654.01-18x12.jpg 18w\" sizes=\"auto, (max-width: 1620px) 100vw, 1620px\" \/><\/figure>\n\n\n\n<h3 class=\"wp-block-heading https:\/\/adimlarim.com\/de\/deutschland-allgaeu\/#resuemee\" id=\"resuemee\">Res\u00fcmee<\/h3>\n\n\n\n<p>Das All\u00adg\u00e4u ist auf je\u00adden Fall eine Reise wert. Je\u00addoch, wie \u00fcber\u00adall im Ge\u00adbir\u00adge, ist es wich\u00adtig, auf Wet\u00adter\u00adver\u00adh\u00e4lt\u00adnisse zu ach\u00adten und in der Pla\u00adnung mit zu be\u00adr\u00fcck\u00adsich\u00adtigen.<\/p>\n\n\n\n<p>Wie Sie se\u00adhen, bin ich keine Rei\u00adsen\u00adde der gro\u00dfen Wor\u00adte. Eher lie\u00adbe ich es, al\u00adles auf mich ein\u00adwir\u00adken zu las\u00adsen. Manch\u00admal ent\u00adscheide ich mich so\u00adgar, keine Fo\u00adtos auf\u00adzu\u00adneh\u00admen, nur um al\u00adles voll\u00adum\u00adf\u00e4ng\u00adlich zu ge\u00adnie\u00dfen. Eine Rei\u00adse ist im\u00admer mehr als al\u00adle Wor\u00adte und Fo\u00adtos, nicht wahr?<\/p>\n\n\n\n<p>In diesem Sinne Reisende auf diesen Seiten<\/p>\n\n\n\n<p><\/p>\n","protected":false},"excerpt":{"rendered":"<p>Das All\u00adg\u00e4u ge\u00adh\u00f6rt zur Alpen\u00adregion. Diese Region mit ihren kul\u00adtu\u00adrel\u00adlen und sprach\u00adlichen Eigen\u00adar\u00adten um\u00adfasst von ihrem Ge\u00adbiet her so\u00adwohl Deutsch\u00adland als auch \u00d6s\u00adter\u00adreich.<\/p>\n","protected":false},"author":2,"featured_media":4005,"comment_status":"open","ping_status":"closed","sticky":false,"template":"","format":"standard","meta":{"footnotes":""},"categories":[314,177,24,315,51],"tags":[317,316,325,323,320,319,318,324,322,321],"class_list":["post-3982","post","type-post","status-publish","format-standard","has-post-thumbnail","hentry","category-berge","category-deutschland","category-natur","category-reiseberichte","category-wandern","tag-allgaeu","tag-alpen","tag-breitach-klamm","tag-fellhorn","tag-hoefatsblick","tag-nebelhorn","tag-oberstdorf","tag-schlappoltsee","tag-seealpsee","tag-zeigersattel"],"yoast_head":"<!-- This site is optimized with the Yoast SEO plugin v25.6 - https:\/\/yoast.com\/wordpress\/plugins\/seo\/ -->\n<title>Deutsch\u00adland: All\u00adg\u00e4u - adimlarim.com<\/title>\n<meta name=\"description\" content=\"Wandern\" \/>\n<meta name=\"robots\" content=\"index, follow, max-snippet:-1, max-image-preview:large, max-video-preview:-1\" \/>\n<link rel=\"canonical\" href=\"https:\/\/adimlarim.com\/de\/deutschland-allgaeu\/\" \/>\n<script type=\"application\/ld+json\" class=\"yoast-schema-graph\">{\"@context\":\"https:\/\/schema.org\",\"@graph\":[{\"@type\":\"Article\",\"@id\":\"https:\/\/adimlarim.com\/deutschland-allgaeu\/#article\",\"isPartOf\":{\"@id\":\"https:\/\/adimlarim.com\/deutschland-allgaeu\/\"},\"author\":{\"name\":\"Ida\",\"@id\":\"https:\/\/adimlarim.com\/de\/#\/schema\/person\/da4e1c885de18f49b7a4b485ec88d208\"},\"headline\":\"Deutsch\u00adland: All\u00adg\u00e4u\",\"datePublished\":\"2024-08-26T15:12:01+00:00\",\"dateModified\":\"2024-11-21T10:35:57+00:00\",\"mainEntityOfPage\":{\"@id\":\"https:\/\/adimlarim.com\/deutschland-allgaeu\/\"},\"wordCount\":965,\"commentCount\":0,\"publisher\":{\"@id\":\"https:\/\/adimlarim.com\/de\/#organization\"},\"image\":{\"@id\":\"https:\/\/adimlarim.com\/deutschland-allgaeu\/#primaryimage\"},\"thumbnailUrl\":\"https:\/\/adimlarim.com\/wp-content\/uploads\/Deutschland-Allgaeu-DSC04457.jpg\",\"keywords\":[\"Allg\u00e4u\",\"Alpen\",\"Breitach-Klamm\",\"Fellhorn\",\"H\u00f6fatsblick\",\"Nebelhorn\",\"Oberstdorf\",\"Schlappoltsee\",\"Seealpsee\",\"Zeigersattel\"],\"articleSection\":[\"Berge\",\"Deutsch\u00adland\",\"Natur\",\"Reiseberichte\",\"Wandern\"],\"inLanguage\":\"de\",\"potentialAction\":[{\"@type\":\"CommentAction\",\"name\":\"Comment\",\"target\":[\"https:\/\/adimlarim.com\/deutschland-allgaeu\/#respond\"]}]},{\"@type\":\"WebPage\",\"@id\":\"https:\/\/adimlarim.com\/deutschland-allgaeu\/\",\"url\":\"https:\/\/adimlarim.com\/deutschland-allgaeu\/\",\"name\":\"Deutsch\u00adland: All\u00adg\u00e4u - adimlarim.com\",\"isPartOf\":{\"@id\":\"https:\/\/adimlarim.com\/de\/#website\"},\"primaryImageOfPage\":{\"@id\":\"https:\/\/adimlarim.com\/deutschland-allgaeu\/#primaryimage\"},\"image\":{\"@id\":\"https:\/\/adimlarim.com\/deutschland-allgaeu\/#primaryimage\"},\"thumbnailUrl\":\"https:\/\/adimlarim.com\/wp-content\/uploads\/Deutschland-Allgaeu-DSC04457.jpg\",\"datePublished\":\"2024-08-26T15:12:01+00:00\",\"dateModified\":\"2024-11-21T10:35:57+00:00\",\"description\":\"Wandern\",\"breadcrumb\":{\"@id\":\"https:\/\/adimlarim.com\/deutschland-allgaeu\/#breadcrumb\"},\"inLanguage\":\"de\",\"potentialAction\":[{\"@type\":\"ReadAction\",\"target\":[\"https:\/\/adimlarim.com\/deutschland-allgaeu\/\"]}]},{\"@type\":\"ImageObject\",\"inLanguage\":\"de\",\"@id\":\"https:\/\/adimlarim.com\/deutschland-allgaeu\/#primaryimage\",\"url\":\"https:\/\/adimlarim.com\/wp-content\/uploads\/Deutschland-Allgaeu-DSC04457.jpg\",\"contentUrl\":\"https:\/\/adimlarim.com\/wp-content\/uploads\/Deutschland-Allgaeu-DSC04457.jpg\",\"width\":1920,\"height\":800,\"caption\":\"Deutschland: Allg\u00e4u; Almanya: Allg\u00e4u\"},{\"@type\":\"BreadcrumbList\",\"@id\":\"https:\/\/adimlarim.com\/deutschland-allgaeu\/#breadcrumb\",\"itemListElement\":[{\"@type\":\"ListItem\",\"position\":1,\"name\":\"Startseite\",\"item\":\"https:\/\/adimlarim.com\/de\/\"},{\"@type\":\"ListItem\",\"position\":2,\"name\":\"Deutsch\u00adland: All\u00adg\u00e4u\"}]},{\"@type\":\"WebSite\",\"@id\":\"https:\/\/adimlarim.com\/de\/#website\",\"url\":\"https:\/\/adimlarim.com\/de\/\",\"name\":\"Ad\u0131mlar\u0131m\",\"description\":\"jede Reise beginnt mit den ersten Schritten\",\"publisher\":{\"@id\":\"https:\/\/adimlarim.com\/de\/#organization\"},\"alternateName\":\"Adimlarim\",\"potentialAction\":[{\"@type\":\"SearchAction\",\"target\":{\"@type\":\"EntryPoint\",\"urlTemplate\":\"https:\/\/adimlarim.com\/de\/?s={search_term_string}\"},\"query-input\":{\"@type\":\"PropertyValueSpecification\",\"valueRequired\":true,\"valueName\":\"search_term_string\"}}],\"inLanguage\":\"de\"},{\"@type\":\"Organization\",\"@id\":\"https:\/\/adimlarim.com\/de\/#organization\",\"name\":\"Ad\u0131mlar\u0131m\",\"url\":\"https:\/\/adimlarim.com\/de\/\",\"logo\":{\"@type\":\"ImageObject\",\"inLanguage\":\"de\",\"@id\":\"https:\/\/adimlarim.com\/de\/#\/schema\/logo\/image\/\",\"url\":\"https:\/\/adimlarim.com\/wp-content\/uploads\/adimlarim.com_.perspektive.kontur.verlauf.blau_.header.png\",\"contentUrl\":\"https:\/\/adimlarim.com\/wp-content\/uploads\/adimlarim.com_.perspektive.kontur.verlauf.blau_.header.png\",\"width\":401,\"height\":319,\"caption\":\"Ad\u0131mlar\u0131m\"},\"image\":{\"@id\":\"https:\/\/adimlarim.com\/de\/#\/schema\/logo\/image\/\"}},{\"@type\":\"Person\",\"@id\":\"https:\/\/adimlarim.com\/de\/#\/schema\/person\/da4e1c885de18f49b7a4b485ec88d208\",\"name\":\"Ida\",\"url\":\"https:\/\/adimlarim.com\/de\/author\/ida\/\"}]}<\/script>\n<!-- \/ Yoast SEO plugin. -->","yoast_head_json":{"title":"Deutsch\u00adland: All\u00adg\u00e4u - adimlarim.com","description":"Wandern","robots":{"index":"index","follow":"follow","max-snippet":"max-snippet:-1","max-image-preview":"max-image-preview:large","max-video-preview":"max-video-preview:-1"},"canonical":"https:\/\/adimlarim.com\/de\/deutschland-allgaeu\/","schema":{"@context":"https:\/\/schema.org","@graph":[{"@type":"Article","@id":"https:\/\/adimlarim.com\/deutschland-allgaeu\/#article","isPartOf":{"@id":"https:\/\/adimlarim.com\/deutschland-allgaeu\/"},"author":{"name":"Ida","@id":"https:\/\/adimlarim.com\/de\/#\/schema\/person\/da4e1c885de18f49b7a4b485ec88d208"},"headline":"Deutsch\u00adland: All\u00adg\u00e4u","datePublished":"2024-08-26T15:12:01+00:00","dateModified":"2024-11-21T10:35:57+00:00","mainEntityOfPage":{"@id":"https:\/\/adimlarim.com\/deutschland-allgaeu\/"},"wordCount":965,"commentCount":0,"publisher":{"@id":"https:\/\/adimlarim.com\/de\/#organization"},"image":{"@id":"https:\/\/adimlarim.com\/deutschland-allgaeu\/#primaryimage"},"thumbnailUrl":"https:\/\/adimlarim.com\/wp-content\/uploads\/Deutschland-Allgaeu-DSC04457.jpg","keywords":["Allg\u00e4u","Alpen","Breitach-Klamm","Fellhorn","H\u00f6fatsblick","Nebelhorn","Oberstdorf","Schlappoltsee","Seealpsee","Zeigersattel"],"articleSection":["Berge","Deutsch\u00adland","Natur","Reiseberichte","Wandern"],"inLanguage":"de","potentialAction":[{"@type":"CommentAction","name":"Comment","target":["https:\/\/adimlarim.com\/deutschland-allgaeu\/#respond"]}]},{"@type":"WebPage","@id":"https:\/\/adimlarim.com\/deutschland-allgaeu\/","url":"https:\/\/adimlarim.com\/deutschland-allgaeu\/","name":"Deutsch\u00adland: All\u00adg\u00e4u - adimlarim.com","isPartOf":{"@id":"https:\/\/adimlarim.com\/de\/#website"},"primaryImageOfPage":{"@id":"https:\/\/adimlarim.com\/deutschland-allgaeu\/#primaryimage"},"image":{"@id":"https:\/\/adimlarim.com\/deutschland-allgaeu\/#primaryimage"},"thumbnailUrl":"https:\/\/adimlarim.com\/wp-content\/uploads\/Deutschland-Allgaeu-DSC04457.jpg","datePublished":"2024-08-26T15:12:01+00:00","dateModified":"2024-11-21T10:35:57+00:00","description":"Wandern","breadcrumb":{"@id":"https:\/\/adimlarim.com\/deutschland-allgaeu\/#breadcrumb"},"inLanguage":"de","potentialAction":[{"@type":"ReadAction","target":["https:\/\/adimlarim.com\/deutschland-allgaeu\/"]}]},{"@type":"ImageObject","inLanguage":"de","@id":"https:\/\/adimlarim.com\/deutschland-allgaeu\/#primaryimage","url":"https:\/\/adimlarim.com\/wp-content\/uploads\/Deutschland-Allgaeu-DSC04457.jpg","contentUrl":"https:\/\/adimlarim.com\/wp-content\/uploads\/Deutschland-Allgaeu-DSC04457.jpg","width":1920,"height":800,"caption":"Deutschland: Allg\u00e4u; Almanya: Allg\u00e4u"},{"@type":"BreadcrumbList","@id":"https:\/\/adimlarim.com\/deutschland-allgaeu\/#breadcrumb","itemListElement":[{"@type":"ListItem","position":1,"name":"Startseite","item":"https:\/\/adimlarim.com\/de\/"},{"@type":"ListItem","position":2,"name":"Deutsch\u00adland: All\u00adg\u00e4u"}]},{"@type":"WebSite","@id":"https:\/\/adimlarim.com\/de\/#website","url":"https:\/\/adimlarim.com\/de\/","name":"Ad\u0131mlar\u0131m","description":"jede Reise beginnt mit den ersten Schritten","publisher":{"@id":"https:\/\/adimlarim.com\/de\/#organization"},"alternateName":"Adimlarim","potentialAction":[{"@type":"SearchAction","target":{"@type":"EntryPoint","urlTemplate":"https:\/\/adimlarim.com\/de\/?s={search_term_string}"},"query-input":{"@type":"PropertyValueSpecification","valueRequired":true,"valueName":"search_term_string"}}],"inLanguage":"de"},{"@type":"Organization","@id":"https:\/\/adimlarim.com\/de\/#organization","name":"Ad\u0131mlar\u0131m","url":"https:\/\/adimlarim.com\/de\/","logo":{"@type":"ImageObject","inLanguage":"de","@id":"https:\/\/adimlarim.com\/de\/#\/schema\/logo\/image\/","url":"https:\/\/adimlarim.com\/wp-content\/uploads\/adimlarim.com_.perspektive.kontur.verlauf.blau_.header.png","contentUrl":"https:\/\/adimlarim.com\/wp-content\/uploads\/adimlarim.com_.perspektive.kontur.verlauf.blau_.header.png","width":401,"height":319,"caption":"Ad\u0131mlar\u0131m"},"image":{"@id":"https:\/\/adimlarim.com\/de\/#\/schema\/logo\/image\/"}},{"@type":"Person","@id":"https:\/\/adimlarim.com\/de\/#\/schema\/person\/da4e1c885de18f49b7a4b485ec88d208","name":"Ida","url":"https:\/\/adimlarim.com\/de\/author\/ida\/"}]}},"_links":{"self":[{"href":"https:\/\/adimlarim.com\/de\/wp-json\/wp\/v2\/posts\/3982","targetHints":{"allow":["GET"]}}],"collection":[{"href":"https:\/\/adimlarim.com\/de\/wp-json\/wp\/v2\/posts"}],"about":[{"href":"https:\/\/adimlarim.com\/de\/wp-json\/wp\/v2\/types\/post"}],"author":[{"embeddable":true,"href":"https:\/\/adimlarim.com\/de\/wp-json\/wp\/v2\/users\/2"}],"replies":[{"embeddable":true,"href":"https:\/\/adimlarim.com\/de\/wp-json\/wp\/v2\/comments?post=3982"}],"version-history":[{"count":1,"href":"https:\/\/adimlarim.com\/de\/wp-json\/wp\/v2\/posts\/3982\/revisions"}],"predecessor-version":[{"id":4142,"href":"https:\/\/adimlarim.com\/de\/wp-json\/wp\/v2\/posts\/3982\/revisions\/4142"}],"wp:featuredmedia":[{"embeddable":true,"href":"https:\/\/adimlarim.com\/de\/wp-json\/wp\/v2\/media\/4005"}],"wp:attachment":[{"href":"https:\/\/adimlarim.com\/de\/wp-json\/wp\/v2\/media?parent=3982"}],"wp:term":[{"taxonomy":"category","embeddable":true,"href":"https:\/\/adimlarim.com\/de\/wp-json\/wp\/v2\/categories?post=3982"},{"taxonomy":"post_tag","embeddable":true,"href":"https:\/\/adimlarim.com\/de\/wp-json\/wp\/v2\/tags?post=3982"}],"curies":[{"name":"wp","href":"https:\/\/api.w.org\/{rel}","templated":true}]}}