{"id":1,"date":"2024-05-09T08:00:00","date_gmt":"2024-05-09T06:00:00","guid":{"rendered":"http:\/\/adimlarim.com\/?p=1"},"modified":"2024-07-26T08:37:41","modified_gmt":"2024-07-26T06:37:41","slug":"koeln-wahner-heide-ginster","status":"publish","type":"post","link":"https:\/\/adimlarim.com\/tr\/koeln-wahner-heide-ginster\/","title":{"rendered":"Al\u00adman\u00ad\u00adya: K\u00f6ln: Wahner Heide: Ka\u00adt\u0131r\u00ad\u00adt\u0131r\u00adna\u011f\u0131 \u00e7i\u00ad\u00e7e\u011fi"},"content":{"rendered":"<h2 class=\"wp-block-heading has-text-align-center\">May\u0131s ay\u0131n\u00adda ka\u00adt\u0131r\u00adt\u0131r\u00adna\u011f\u0131 \u00e7i\u00ad\u00e7ek a\u00e7\u00adt\u0131\u011f\u0131n\u00adda<\/h2>\n\n\n\n<p>... o zaman Wahner Heide'ye ba\u00adhar \u00e7ok\u00adtan gel\u00ad\u00admi\u015f\u00adtir. Bu par\u00adlak sar\u0131 renk ile K\u00f6ln'\u00fcn \u015fe\u00adhir s\u0131\u00adn\u0131r\u00ad\u00adla\u00adr\u0131n\u00ad\u00adda her se\u00adfe\u00adrin\u00adde fark\u00adl\u0131, g\u00f6r\u00ad\u00adme\u00adye de\u011fer bir Wahner Heide ken\u00addi\u00adsi\u00adni zi\u00adya\u00adret\u00ad\u00adci\u00adle\u00adri\u00adne su\u00adnu\u00adyor.<\/p>\n\n\n\n<h3 class=\"wp-block-heading\">Ka\u00adt\u0131r\u00ad\u00adt\u0131r\u00adna\u011f\u0131 ne zaman \u00e7i\u00e7ek a\u00e7ar?<\/h3>\n\n\n\n<p>So\u011fuk ya da ya\u011f\u00admur gibi hava ko\u015ful\u00ad\u00adlar\u0131 do\u011fa\u00adn\u0131n rit\u00admi\u00adni et\u00adki\u00adler. Bu ne\u00adden\u00adle bu so\u00adru\u00adnun ce\u00adva\u00adb\u0131 an\u00adcak tah\u00admin edi\u00adlir ve \u00e7i\u00e7ek a\u00e7\u00adt\u0131\u011f\u0131 an\u00addan iti\u00ad\u00adba\u00adren do\u011fru yan\u0131t veri\u00adle\u00ad\u00adbi\u00adlir. Ama de\u00adne\u00ad\u00adyim\u00adler yol g\u00f6s\u00adte\u00adrici bir fak\u00adt\u00f6r\u00ad\u00add\u00fcr ve bu y\u00fcz\u00adden ne\u00adre\u00ad\u00addey\u00adse 40.000 fo\u00adto\u011fra\u00ad\u00adf\u0131\u00adm\u0131 ara\u015f\u00ad\u00adt\u0131r\u00add\u0131m. May\u0131s ay\u0131n\u00adda bu ta\u00adrih\u00ad\u00adler\u00adde ara\u00ad\u00add\u0131\u011f\u0131m\u0131 bul\u00addum: 21.05.2017, 13.05.2021, 08.05.2022 ve 09.05.2024. Do\u00adlay\u0131\u00ad\u00ads\u0131y\u00adla: b\u00fc\u00ady\u00fck ola\u00ads\u0131\u00ad\u00adl\u0131k\u00adla ka\u00adt\u0131r\u00ad\u00adt\u0131r\u00adna\u011f\u0131 May\u0131s ay\u0131\u00adn\u0131n 1. ve 3. haf\u00adta\u00ad\u00adlar\u0131 ara\u00ad\u00ads\u0131n\u00adda \u00e7i\u00ad\u00e7ek a\u00e7a\u00ad\u00adcak\u00adt\u0131r.<\/p>\n\n\n\n<figure class=\"wp-block-image alignwide size-full\"><img loading=\"lazy\" decoding=\"async\" width=\"1920\" height=\"1080\" src=\"https:\/\/adimlarim.com\/wp-content\/uploads\/20240509_132051-DEU-Koeln-Wahner-Heide-Ginster.jpg\" alt=\"Deutschland: K\u00f6ln: Wahner Heide: Ginsterbl\u00fcte | Almanya: K\u00f6ln: Wahner Heide: Kat\u0131rt\u0131rna\u011f\u0131\" class=\"wp-image-3541\" srcset=\"https:\/\/adimlarim.com\/wp-content\/uploads\/20240509_132051-DEU-Koeln-Wahner-Heide-Ginster.jpg 1920w, https:\/\/adimlarim.com\/wp-content\/uploads\/20240509_132051-DEU-Koeln-Wahner-Heide-Ginster-1024x576.jpg 1024w, https:\/\/adimlarim.com\/wp-content\/uploads\/20240509_132051-DEU-Koeln-Wahner-Heide-Ginster-768x432.jpg 768w, https:\/\/adimlarim.com\/wp-content\/uploads\/20240509_132051-DEU-Koeln-Wahner-Heide-Ginster-1536x864.jpg 1536w, https:\/\/adimlarim.com\/wp-content\/uploads\/20240509_132051-DEU-Koeln-Wahner-Heide-Ginster-18x10.jpg 18w\" sizes=\"auto, (max-width: 1920px) 100vw, 1920px\" \/><\/figure>\n\n\n\n<h3 class=\"wp-block-heading\">Bit\u00adki cinsi Genis\u00adta<\/h3>\n\n\n\n<p>Ka\u00adt\u0131r\u00adt\u0131r\u00adna\u011f\u0131 Genis\u00adta cin\u00adsi\u00adne da\u00adhil ve bu cin\u00adsin da\u011f\u0131\u00adl\u0131m ala\u00adn\u0131 \u0130s\u00adve\u00e7'ten Av\u00adru\u00adpa'n\u0131n geri ka\u00adla\u00adn\u0131\u00adna, Ka\u00adnar\u00adya Ada\u00adla\u00adr\u0131'na, Ku\u00adzey Af\u00adri\u00adka ve Ak\u00adde\u00adniz b\u00f6l\u00adge\u00adsi\u00adne, ba\u00adt\u0131 Ya\u00adk\u0131n Do\u011fu'ya, bat\u0131 Kaf\u00adkas\u00adya'ya hat\u00adta Es\u00adton\u00adya'ya ka\u00addar uza\u00adn\u0131r. Bu t\u00fcre K\u00f6ln'deki Wahner Heide ve \u00e7ev\u00adre\u00adsin\u00adde de rast\u00adlan\u00admak\u00adta\u00add\u0131r. \"B\u00fcnd\u00adnis Heide\u00adter\u00adras\u00adse e. V.\" tara\u00adf\u0131n\u00addan ya\u00ady\u0131n\u00adla\u00adnan bir maka\u00adle\u00adye g\u00f6re (kay\u00adnak a\u015fa\u011f\u00adda), Wahner Heide'de Kat\u0131r\u00adt\u0131r\u00adna\u011f\u0131n bu t\u00fcr\u00adle\u00adri bu\u00adluna\u00adbilir: Ku\u015f \u00e7u\u00adbu\u011fu (Cytisus scoparius), Genista anglica (\"\u0130ngiliz Kat\u0131r\u00adt\u0131r\u00adna\u011f\u0131\") ve Genista pilosa (\"Sa\u00e7\u00adl\u0131 Kat\u0131r\u00adt\u0131rna\u011f\u0131\").<\/p>\n\n\n\n<h3 class=\"wp-block-heading\">Tur ro\u00adta\u00ads\u0131: K\u00f6ln: Wahner Heide'deki Ka\u00adt\u0131r\u00adt\u0131r\u00adna\u011f\u0131 \u00e7i\u00ad\u00e7e\u011fi<\/h3>\n\n\n\n<div class=\"wp-block-media-text is-stacked-on-mobile\" style=\"grid-template-columns:40% auto\"><figure class=\"wp-block-media-text__media\"><img loading=\"lazy\" decoding=\"async\" width=\"850\" height=\"1080\" src=\"https:\/\/adimlarim.com\/wp-content\/uploads\/20240509_130028-DEU-Koeln-Wahner-Heide-Ginster.jpg\" alt=\"Deutschland: K\u00f6ln: Wahner Heide: Ginsterbl\u00fcte | Almanya: K\u00f6ln: Wahner Heide: Kat\u0131rt\u0131rna\u011f\u0131\" class=\"wp-image-3533 size-full\" srcset=\"https:\/\/adimlarim.com\/wp-content\/uploads\/20240509_130028-DEU-Koeln-Wahner-Heide-Ginster.jpg 850w, https:\/\/adimlarim.com\/wp-content\/uploads\/20240509_130028-DEU-Koeln-Wahner-Heide-Ginster-806x1024.jpg 806w, https:\/\/adimlarim.com\/wp-content\/uploads\/20240509_130028-DEU-Koeln-Wahner-Heide-Ginster-768x976.jpg 768w, https:\/\/adimlarim.com\/wp-content\/uploads\/20240509_130028-DEU-Koeln-Wahner-Heide-Ginster-9x12.jpg 9w\" sizes=\"auto, (max-width: 850px) 100vw, 850px\" \/><\/figure><div class=\"wp-block-media-text__content\">\n<div class=\"wp-block-group is-nowrap is-layout-flex wp-container-core-group-is-layout-6c531013 wp-block-group-is-layout-flex\">\n<p>Bu y\u0131l yak\u00adla\u00ad\u015f\u0131k 4 km uzun\u00adlu\u00ad\u011fun\u00addaki tu\u00adru\u00admuz \"R\u00f6s\u00adrather Weg\" oto\u00adpar\u00adk\u0131n\u00adda ba\u015f\u00adlad\u0131. Ro\u00adta\u00adm\u0131\u00adz\u0131n ba\u00ad\u015f\u0131n\u00adda bize bu man\u00adza\u00adra ser\u00adgi\u00adlen\u00addi.<\/p>\n<\/div>\n<\/div><\/div>\n\n\n\n<div class=\"wp-block-media-text is-stacked-on-mobile\" style=\"grid-template-columns:40% auto\"><figure class=\"wp-block-media-text__media\"><img loading=\"lazy\" decoding=\"async\" width=\"850\" height=\"1080\" src=\"https:\/\/adimlarim.com\/wp-content\/uploads\/20240509_130647-DEU-Koeln-Wahner-Heide-Ginster.jpg\" alt=\"Deutschland: K\u00f6ln: Wahner Heide: Kaulquappe | Almanya: K\u00f6ln: Wahner Heide: \u0130riba\u015f\" class=\"wp-image-3534 size-full\" srcset=\"https:\/\/adimlarim.com\/wp-content\/uploads\/20240509_130647-DEU-Koeln-Wahner-Heide-Ginster.jpg 850w, https:\/\/adimlarim.com\/wp-content\/uploads\/20240509_130647-DEU-Koeln-Wahner-Heide-Ginster-806x1024.jpg 806w, https:\/\/adimlarim.com\/wp-content\/uploads\/20240509_130647-DEU-Koeln-Wahner-Heide-Ginster-768x976.jpg 768w, https:\/\/adimlarim.com\/wp-content\/uploads\/20240509_130647-DEU-Koeln-Wahner-Heide-Ginster-9x12.jpg 9w\" sizes=\"auto, (max-width: 850px) 100vw, 850px\" \/><\/figure><div class=\"wp-block-media-text__content\">\n<p>\u0130lk sa\u00adpa\u011f\u0131\u00adm\u0131\u00adza gi\u00adder\u00adken, bir\u00adaz b\u00fcy\u00fck\u00adce bir su bi\u00adri\u00adkin\u00adti\u00adsi\u00adnin ke\u00adna\u00adr\u0131n\u00addan y\u00fcr\u00fc\u00add\u00fck. O da ney\u00addi \u00f6y\u00adle? \u0130\u00e7in\u00adde y\u00fc\u00adzen bir t\u00fcr siyah nok\u00adta\u00adlar g\u00f6\u00adz\u00fc\u00adm\u00fc\u00adze bat\u00adt\u0131. \u0130lk ba\u015f\u00adta tah\u00admin y\u00fc\u00adr\u00fct\u00adt\u00fck ve foto\u011fraf\u00adla\u00adr\u0131\u00adn\u0131 \u00e7ek\u00adtik\u00adten sonra bu do\u011fru\u00adlan\u00add\u0131 - iri\u00adba\u015f\u00adlar\u00add\u0131 (kur\u00adba\u011fa yav\u00adru\u00adlar\u0131). G\u00fcne\u015f\u00adli bir ha\u00adva\u00adda bu su bi\u00adri\u00adkin\u00adti\u00adsi\u00adnin ne ka\u00addar \u00e7abuk yok ola\u00adca\u011f\u0131\u00adn\u0131 ve iri\u00adba\u015f\u00adla\u00adr\u0131n ne ola\u00adca\u011f\u0131\u00adn\u0131 me\u00adrak et\u00adtik.<\/p>\n<\/div><\/div>\n\n\n\n<div class=\"wp-block-media-text is-stacked-on-mobile\" style=\"grid-template-columns:40% auto\"><figure class=\"wp-block-media-text__media\"><img loading=\"lazy\" decoding=\"async\" width=\"850\" height=\"1080\" src=\"https:\/\/adimlarim.com\/wp-content\/uploads\/20240509_141924-DEU-Koeln-Wahner-Heide-Ginster.jpg\" alt=\"Deutschland: K\u00f6ln: Wahner Heide: Ginsterbl\u00fcte | Almanya: K\u00f6ln: Wahner Heide: Kat\u0131rt\u0131rna\u011f\u0131\" class=\"wp-image-3544 size-full\" srcset=\"https:\/\/adimlarim.com\/wp-content\/uploads\/20240509_141924-DEU-Koeln-Wahner-Heide-Ginster.jpg 850w, https:\/\/adimlarim.com\/wp-content\/uploads\/20240509_141924-DEU-Koeln-Wahner-Heide-Ginster-806x1024.jpg 806w, https:\/\/adimlarim.com\/wp-content\/uploads\/20240509_141924-DEU-Koeln-Wahner-Heide-Ginster-768x976.jpg 768w, https:\/\/adimlarim.com\/wp-content\/uploads\/20240509_141924-DEU-Koeln-Wahner-Heide-Ginster-9x12.jpg 9w\" sizes=\"auto, (max-width: 850px) 100vw, 850px\" \/><\/figure><div class=\"wp-block-media-text__content\">\n<p>Ro\u00adta\u00adm\u0131z sona er\u00adme\u00adden \u00f6n\u00adce dev\u00adril\u00admi\u015f bir \u00e7am a\u011fa\u00adc\u0131\u00adn\u0131n g\u00f6v\u00adde\u00adsi\u00adne otur\u00adduk ve sa\u00adde\u00adce an\u0131n ta\u00add\u0131n\u0131 \u00e7\u0131\u00adkar\u00add\u0131k - medi\u00adta\u00adtif bir an (da\u00adl\u0131n\u00e7 = ki\u015fi\u00adnin i\u00e7 hu\u00adzu\u00adra, s\u00fck\u00fbne\u00adte var\u00adma\u00ads\u0131), tek keli\u00admey\u00adle g\u00fc\u00adzel.<\/p>\n\n\n\n<p>Ro\u00adta\u00adm\u0131z Komoot'ta mev\u00adcut\u00adtur (a\u015fa\u011f\u0131\u00adya ba\u00adk\u0131\u00adn\u0131z). GPX ve\u00adri\u00adle\u00adri\u00adni de ora\u00addan in\u00addi\u00adre\u00adbi\u00adlir\u00adsi\u00adniz.<\/p>\n<\/div><\/div>\n\n\n\n<figure class=\"wp-block-image alignwide size-large\"><img loading=\"lazy\" decoding=\"async\" width=\"1757\" height=\"1080\" src=\"https:\/\/adimlarim.com\/wp-content\/uploads\/20240509_140012-DEU-Koeln-Wahner-Heide-Ginster-1757x1080.jpg\" alt=\"Deutschland: K\u00f6ln: Wahner Heide: Ginsterbl\u00fcte | Almanya: K\u00f6ln: Wahner Heide: Kat\u0131rt\u0131rna\u011f\u0131\" class=\"wp-image-3552\" srcset=\"https:\/\/adimlarim.com\/wp-content\/uploads\/20240509_140012-DEU-Koeln-Wahner-Heide-Ginster-1757x1080.jpg 1757w, https:\/\/adimlarim.com\/wp-content\/uploads\/20240509_140012-DEU-Koeln-Wahner-Heide-Ginster-1024x629.jpg 1024w, https:\/\/adimlarim.com\/wp-content\/uploads\/20240509_140012-DEU-Koeln-Wahner-Heide-Ginster-768x472.jpg 768w, https:\/\/adimlarim.com\/wp-content\/uploads\/20240509_140012-DEU-Koeln-Wahner-Heide-Ginster-1536x944.jpg 1536w, https:\/\/adimlarim.com\/wp-content\/uploads\/20240509_140012-DEU-Koeln-Wahner-Heide-Ginster-18x12.jpg 18w, https:\/\/adimlarim.com\/wp-content\/uploads\/20240509_140012-DEU-Koeln-Wahner-Heide-Ginster.jpg 1920w\" sizes=\"auto, (max-width: 1757px) 100vw, 1757px\" \/><\/figure>\n\n\n\n<p>Bu sar\u0131 ren\u00adge ruh\u00adla\u00adr\u0131\u00adn\u0131z dal\u00ads\u0131n gez\u00adgin\u00adler<\/p>\n\n\n\n<div style=\"height:50px\" aria-hidden=\"true\" class=\"wp-block-spacer\"><\/div>\n\n\n\n<hr class=\"wp-block-separator alignwide has-alpha-channel-opacity\"\/>\n\n\n\n<figure class=\"wp-block-table is-style-stripes\"><table><tbody><tr><td>Seyahat \u00f6nerisi:<\/td><td>Kesin tavsiye edilir.<\/td><\/tr><tr><td>Koordinatlar:<\/td><td>Park\u00adplatz R\u00f6srather Weg: 50.886428, 7.130262<\/td><\/tr><tr><td>Adres:<\/td><td>R\u00f6srather Weg, 51147 K\u00f6ln<\/td><\/tr><tr><td>Mesafe:<\/td><td>Park\u00adplatz R\u00f6srather Weg \u2013 K\u00f6ln-Kalk: 13 km<br>Park\u00adplatz R\u00f6srather Weg \u2013 \u0130stan\u00adbul-Ba\u011flar\u00adba\u015f\u0131: 2.440 km<\/td><\/tr><tr><td>Y\u00fcr\u00fcy\u00fc\u015f rotalar\u0131:<\/td><td>Komoot: <a href=\"https:\/\/www.komoot.com\/de-de\/tour\/1573888224?share_token=ackirSG2zA99jF6bMdZ1Kcj7YmNTsb1se81vJ5LXu7xXliAWd6&amp;ref=#previewMap\" target=\"_blank\" rel=\"noreferrer noopener\">K\u00f6ln: Wahner Hei\u00adde zur Gin\u00adster\u00adbl\u00fcte<\/a><\/td><\/tr><tr><td>Ek bilgi:<\/td><td><a href=\"https:\/\/www.wahnerheide.net\/artikel.php?news_id=148&amp;kategorie_id=10\" target=\"_blank\" rel=\"noreferrer noopener\">B\u00fcnd\u00adnis Heide\u00adter\u00adras\u00adse e. V. &#8211; Wahner Heide: B\u00fcndnis Heide: \u00d6ko\u00adlo\u00adgie: Habi\u00adtat: Heide<\/a><\/td><\/tr><\/tbody><\/table><\/figure>","protected":false},"excerpt":{"rendered":"<p>May\u0131s ay\u0131n\u00adda Kat\u0131r\u00adt\u0131rna\u011f\u0131 \u00e7i\u00ad\u00e7ek a\u00e7\u00adt\u0131\u011f\u0131n\u00adda, Wahner Hei\u00adde sar\u0131 renkli kiya\u00adfe\u00adtini se\u00e7\u00admi\u015f\u00adtir. \u00c7oktan beri Wahner Hei\u00adde'ye ba\u00adhar gel\u00admi\u015f demek\u00adtir.<\/p>","protected":false},"author":5,"featured_media":3671,"comment_status":"open","ping_status":"open","sticky":false,"template":"","format":"standard","meta":{"footnotes":""},"categories":[36,177,30,24,52,51],"tags":[265,271,131,272,214,136,273,274,275,276,277,161],"class_list":["post-1","post","type-post","status-publish","format-standard","has-post-thumbnail","hentry","category-bluetenzauber","category-deutschland","category-fruehling","category-natur","category-spaziergaenge","category-wandern","tag-ginsterbluete-2","tag-heidelandschaft-2","tag-koeln","tag-lohmar-2","tag-mai","tag-maerz","tag-naturschutzgebiet-2","tag-nordrhein-westfalen-2","tag-roesrath-2","tag-siegburg-2","tag-troisdorf-2","tag-wahner-heide"],"yoast_head":"<!-- This site is optimized with the Yoast SEO plugin v25.6 - https:\/\/yoast.com\/wordpress\/plugins\/seo\/ -->\n<title>Deutsch\u00adland: K\u00f6ln: Wahner Hei\u00adde: Gin\u00adster\u00adbl\u00fcte - adimlarim.com<\/title>\n<meta name=\"description\" content=\"Wandern Wenn im Mai der Ginster bl\u00fcht, so ist in der Wahner Heide bereits der Fr\u00fchling eingekehrt.\" \/>\n<meta name=\"robots\" content=\"index, follow, max-snippet:-1, max-image-preview:large, max-video-preview:-1\" \/>\n<link rel=\"canonical\" href=\"https:\/\/adimlarim.com\/tr\/koeln-wahner-heide-ginster\/\" \/>\n<script type=\"application\/ld+json\" class=\"yoast-schema-graph\">{\"@context\":\"https:\/\/schema.org\",\"@graph\":[{\"@type\":\"Article\",\"@id\":\"https:\/\/adimlarim.com\/koeln-wahner-heide-ginster\/#article\",\"isPartOf\":{\"@id\":\"https:\/\/adimlarim.com\/koeln-wahner-heide-ginster\/\"},\"author\":{\"name\":\"ZNMAC\",\"@id\":\"https:\/\/adimlarim.com\/de\/#\/schema\/person\/c44c648a41b8519f8e022d74c6de7805\"},\"headline\":\"Deutsch\u00adland: K\u00f6ln: Wahner Hei\u00adde: Gin\u00adster\u00adbl\u00fcte\",\"datePublished\":\"2024-05-09T06:00:00+00:00\",\"dateModified\":\"2024-07-26T06:37:41+00:00\",\"mainEntityOfPage\":{\"@id\":\"https:\/\/adimlarim.com\/koeln-wahner-heide-ginster\/\"},\"wordCount\":633,\"commentCount\":0,\"publisher\":{\"@id\":\"https:\/\/adimlarim.com\/de\/#organization\"},\"image\":{\"@id\":\"https:\/\/adimlarim.com\/koeln-wahner-heide-ginster\/#primaryimage\"},\"thumbnailUrl\":\"https:\/\/adimlarim.com\/wp-content\/uploads\/20240509_140451-DEU-Koeln-Wahner-Heide-Ginster.jpg\",\"keywords\":[\"Gin\u00adster\u00adbl\u00fcte\",\"Heide\u00adland\u00adschaft\",\"K\u00f6ln\",\"Loh\u00admar\",\"Mai\",\"M\u00e4rz\",\"Natur\u00adschutz\u00adge\u00adbiet\",\"Nord\u00adrhein-West\u00adfalen\",\"R\u00f6s\u00adrath\",\"Sieg\u00adburg\",\"Trois\u00addorf\",\"Wahner Heide\"],\"articleSection\":[\"Bl\u00fcten\u00adzauber\",\"Deutsch\u00adland\",\"Fr\u00fchling\",\"Natur\",\"Spazier\u00adg\u00e4nge\",\"Wandern\"],\"inLanguage\":\"tr\",\"potentialAction\":[{\"@type\":\"CommentAction\",\"name\":\"Comment\",\"target\":[\"https:\/\/adimlarim.com\/koeln-wahner-heide-ginster\/#respond\"]}]},{\"@type\":\"WebPage\",\"@id\":\"https:\/\/adimlarim.com\/koeln-wahner-heide-ginster\/\",\"url\":\"https:\/\/adimlarim.com\/koeln-wahner-heide-ginster\/\",\"name\":\"Deutsch\u00adland: K\u00f6ln: Wahner Hei\u00adde: Gin\u00adster\u00adbl\u00fcte - adimlarim.com\",\"isPartOf\":{\"@id\":\"https:\/\/adimlarim.com\/de\/#website\"},\"primaryImageOfPage\":{\"@id\":\"https:\/\/adimlarim.com\/koeln-wahner-heide-ginster\/#primaryimage\"},\"image\":{\"@id\":\"https:\/\/adimlarim.com\/koeln-wahner-heide-ginster\/#primaryimage\"},\"thumbnailUrl\":\"https:\/\/adimlarim.com\/wp-content\/uploads\/20240509_140451-DEU-Koeln-Wahner-Heide-Ginster.jpg\",\"datePublished\":\"2024-05-09T06:00:00+00:00\",\"dateModified\":\"2024-07-26T06:37:41+00:00\",\"description\":\"Wandern Wenn im Mai der Ginster bl\u00fcht, so ist in der Wahner Heide bereits der Fr\u00fchling eingekehrt.\",\"breadcrumb\":{\"@id\":\"https:\/\/adimlarim.com\/koeln-wahner-heide-ginster\/#breadcrumb\"},\"inLanguage\":\"tr\",\"potentialAction\":[{\"@type\":\"ReadAction\",\"target\":[\"https:\/\/adimlarim.com\/koeln-wahner-heide-ginster\/\"]}]},{\"@type\":\"ImageObject\",\"inLanguage\":\"tr\",\"@id\":\"https:\/\/adimlarim.com\/koeln-wahner-heide-ginster\/#primaryimage\",\"url\":\"https:\/\/adimlarim.com\/wp-content\/uploads\/20240509_140451-DEU-Koeln-Wahner-Heide-Ginster.jpg\",\"contentUrl\":\"https:\/\/adimlarim.com\/wp-content\/uploads\/20240509_140451-DEU-Koeln-Wahner-Heide-Ginster.jpg\",\"width\":1920,\"height\":800,\"caption\":\"Deutschland: K\u00f6ln: Wahner Heide: Ginsterbl\u00fcte | Almanya: K\u00f6ln: Wahner Heide: Kat\u0131rt\u0131rna\u011f\u0131\"},{\"@type\":\"BreadcrumbList\",\"@id\":\"https:\/\/adimlarim.com\/koeln-wahner-heide-ginster\/#breadcrumb\",\"itemListElement\":[{\"@type\":\"ListItem\",\"position\":1,\"name\":\"Startseite\",\"item\":\"https:\/\/adimlarim.com\/de\/\"},{\"@type\":\"ListItem\",\"position\":2,\"name\":\"Deutsch\u00adland: K\u00f6ln: Wahner Hei\u00adde: Gin\u00adster\u00adbl\u00fcte\"}]},{\"@type\":\"WebSite\",\"@id\":\"https:\/\/adimlarim.com\/de\/#website\",\"url\":\"https:\/\/adimlarim.com\/de\/\",\"name\":\"Ad\u0131mlar\u0131m\",\"description\":\"jede Reise beginnt mit den ersten Schritten\",\"publisher\":{\"@id\":\"https:\/\/adimlarim.com\/de\/#organization\"},\"alternateName\":\"Adimlarim\",\"potentialAction\":[{\"@type\":\"SearchAction\",\"target\":{\"@type\":\"EntryPoint\",\"urlTemplate\":\"https:\/\/adimlarim.com\/de\/?s={search_term_string}\"},\"query-input\":{\"@type\":\"PropertyValueSpecification\",\"valueRequired\":true,\"valueName\":\"search_term_string\"}}],\"inLanguage\":\"tr\"},{\"@type\":\"Organization\",\"@id\":\"https:\/\/adimlarim.com\/de\/#organization\",\"name\":\"Ad\u0131mlar\u0131m\",\"url\":\"https:\/\/adimlarim.com\/de\/\",\"logo\":{\"@type\":\"ImageObject\",\"inLanguage\":\"tr\",\"@id\":\"https:\/\/adimlarim.com\/de\/#\/schema\/logo\/image\/\",\"url\":\"https:\/\/adimlarim.com\/wp-content\/uploads\/adimlarim.com_.perspektive.kontur.verlauf.blau_.header.png\",\"contentUrl\":\"https:\/\/adimlarim.com\/wp-content\/uploads\/adimlarim.com_.perspektive.kontur.verlauf.blau_.header.png\",\"width\":401,\"height\":319,\"caption\":\"Ad\u0131mlar\u0131m\"},\"image\":{\"@id\":\"https:\/\/adimlarim.com\/de\/#\/schema\/logo\/image\/\"}},{\"@type\":\"Person\",\"@id\":\"https:\/\/adimlarim.com\/de\/#\/schema\/person\/c44c648a41b8519f8e022d74c6de7805\",\"name\":\"ZNMAC\",\"url\":\"https:\/\/adimlarim.com\/tr\/author\/znmac\/\"}]}<\/script>\n<!-- \/ Yoast SEO plugin. -->","yoast_head_json":{"title":"Deutsch\u00adland: K\u00f6ln: Wahner Hei\u00adde: Gin\u00adster\u00adbl\u00fcte - adimlarim.com","description":"Wandern Wenn im Mai der Ginster bl\u00fcht, so ist in der Wahner Heide bereits der Fr\u00fchling eingekehrt.","robots":{"index":"index","follow":"follow","max-snippet":"max-snippet:-1","max-image-preview":"max-image-preview:large","max-video-preview":"max-video-preview:-1"},"canonical":"https:\/\/adimlarim.com\/tr\/koeln-wahner-heide-ginster\/","schema":{"@context":"https:\/\/schema.org","@graph":[{"@type":"Article","@id":"https:\/\/adimlarim.com\/koeln-wahner-heide-ginster\/#article","isPartOf":{"@id":"https:\/\/adimlarim.com\/koeln-wahner-heide-ginster\/"},"author":{"name":"ZNMAC","@id":"https:\/\/adimlarim.com\/de\/#\/schema\/person\/c44c648a41b8519f8e022d74c6de7805"},"headline":"Deutsch\u00adland: K\u00f6ln: Wahner Hei\u00adde: Gin\u00adster\u00adbl\u00fcte","datePublished":"2024-05-09T06:00:00+00:00","dateModified":"2024-07-26T06:37:41+00:00","mainEntityOfPage":{"@id":"https:\/\/adimlarim.com\/koeln-wahner-heide-ginster\/"},"wordCount":633,"commentCount":0,"publisher":{"@id":"https:\/\/adimlarim.com\/de\/#organization"},"image":{"@id":"https:\/\/adimlarim.com\/koeln-wahner-heide-ginster\/#primaryimage"},"thumbnailUrl":"https:\/\/adimlarim.com\/wp-content\/uploads\/20240509_140451-DEU-Koeln-Wahner-Heide-Ginster.jpg","keywords":["Gin\u00adster\u00adbl\u00fcte","Heide\u00adland\u00adschaft","K\u00f6ln","Loh\u00admar","Mai","M\u00e4rz","Natur\u00adschutz\u00adge\u00adbiet","Nord\u00adrhein-West\u00adfalen","R\u00f6s\u00adrath","Sieg\u00adburg","Trois\u00addorf","Wahner Heide"],"articleSection":["Bl\u00fcten\u00adzauber","Deutsch\u00adland","Fr\u00fchling","Natur","Spazier\u00adg\u00e4nge","Wandern"],"inLanguage":"tr","potentialAction":[{"@type":"CommentAction","name":"Comment","target":["https:\/\/adimlarim.com\/koeln-wahner-heide-ginster\/#respond"]}]},{"@type":"WebPage","@id":"https:\/\/adimlarim.com\/koeln-wahner-heide-ginster\/","url":"https:\/\/adimlarim.com\/koeln-wahner-heide-ginster\/","name":"Deutsch\u00adland: K\u00f6ln: Wahner Hei\u00adde: Gin\u00adster\u00adbl\u00fcte - adimlarim.com","isPartOf":{"@id":"https:\/\/adimlarim.com\/de\/#website"},"primaryImageOfPage":{"@id":"https:\/\/adimlarim.com\/koeln-wahner-heide-ginster\/#primaryimage"},"image":{"@id":"https:\/\/adimlarim.com\/koeln-wahner-heide-ginster\/#primaryimage"},"thumbnailUrl":"https:\/\/adimlarim.com\/wp-content\/uploads\/20240509_140451-DEU-Koeln-Wahner-Heide-Ginster.jpg","datePublished":"2024-05-09T06:00:00+00:00","dateModified":"2024-07-26T06:37:41+00:00","description":"Wandern Wenn im Mai der Ginster bl\u00fcht, so ist in der Wahner Heide bereits der Fr\u00fchling eingekehrt.","breadcrumb":{"@id":"https:\/\/adimlarim.com\/koeln-wahner-heide-ginster\/#breadcrumb"},"inLanguage":"tr","potentialAction":[{"@type":"ReadAction","target":["https:\/\/adimlarim.com\/koeln-wahner-heide-ginster\/"]}]},{"@type":"ImageObject","inLanguage":"tr","@id":"https:\/\/adimlarim.com\/koeln-wahner-heide-ginster\/#primaryimage","url":"https:\/\/adimlarim.com\/wp-content\/uploads\/20240509_140451-DEU-Koeln-Wahner-Heide-Ginster.jpg","contentUrl":"https:\/\/adimlarim.com\/wp-content\/uploads\/20240509_140451-DEU-Koeln-Wahner-Heide-Ginster.jpg","width":1920,"height":800,"caption":"Deutschland: K\u00f6ln: Wahner Heide: Ginsterbl\u00fcte | Almanya: K\u00f6ln: Wahner Heide: Kat\u0131rt\u0131rna\u011f\u0131"},{"@type":"BreadcrumbList","@id":"https:\/\/adimlarim.com\/koeln-wahner-heide-ginster\/#breadcrumb","itemListElement":[{"@type":"ListItem","position":1,"name":"Startseite","item":"https:\/\/adimlarim.com\/de\/"},{"@type":"ListItem","position":2,"name":"Deutsch\u00adland: K\u00f6ln: Wahner Hei\u00adde: Gin\u00adster\u00adbl\u00fcte"}]},{"@type":"WebSite","@id":"https:\/\/adimlarim.com\/de\/#website","url":"https:\/\/adimlarim.com\/de\/","name":"Ad\u0131mlar\u0131m","description":"jede Reise beginnt mit den ersten Schritten","publisher":{"@id":"https:\/\/adimlarim.com\/de\/#organization"},"alternateName":"Adimlarim","potentialAction":[{"@type":"SearchAction","target":{"@type":"EntryPoint","urlTemplate":"https:\/\/adimlarim.com\/de\/?s={search_term_string}"},"query-input":{"@type":"PropertyValueSpecification","valueRequired":true,"valueName":"search_term_string"}}],"inLanguage":"tr"},{"@type":"Organization","@id":"https:\/\/adimlarim.com\/de\/#organization","name":"Ad\u0131mlar\u0131m","url":"https:\/\/adimlarim.com\/de\/","logo":{"@type":"ImageObject","inLanguage":"tr","@id":"https:\/\/adimlarim.com\/de\/#\/schema\/logo\/image\/","url":"https:\/\/adimlarim.com\/wp-content\/uploads\/adimlarim.com_.perspektive.kontur.verlauf.blau_.header.png","contentUrl":"https:\/\/adimlarim.com\/wp-content\/uploads\/adimlarim.com_.perspektive.kontur.verlauf.blau_.header.png","width":401,"height":319,"caption":"Ad\u0131mlar\u0131m"},"image":{"@id":"https:\/\/adimlarim.com\/de\/#\/schema\/logo\/image\/"}},{"@type":"Person","@id":"https:\/\/adimlarim.com\/de\/#\/schema\/person\/c44c648a41b8519f8e022d74c6de7805","name":"ZNMAC","url":"https:\/\/adimlarim.com\/tr\/author\/znmac\/"}]}},"_links":{"self":[{"href":"https:\/\/adimlarim.com\/tr\/wp-json\/wp\/v2\/posts\/1","targetHints":{"allow":["GET"]}}],"collection":[{"href":"https:\/\/adimlarim.com\/tr\/wp-json\/wp\/v2\/posts"}],"about":[{"href":"https:\/\/adimlarim.com\/tr\/wp-json\/wp\/v2\/types\/post"}],"author":[{"embeddable":true,"href":"https:\/\/adimlarim.com\/tr\/wp-json\/wp\/v2\/users\/5"}],"replies":[{"embeddable":true,"href":"https:\/\/adimlarim.com\/tr\/wp-json\/wp\/v2\/comments?post=1"}],"version-history":[{"count":0,"href":"https:\/\/adimlarim.com\/tr\/wp-json\/wp\/v2\/posts\/1\/revisions"}],"wp:featuredmedia":[{"embeddable":true,"href":"https:\/\/adimlarim.com\/tr\/wp-json\/wp\/v2\/media\/3671"}],"wp:attachment":[{"href":"https:\/\/adimlarim.com\/tr\/wp-json\/wp\/v2\/media?parent=1"}],"wp:term":[{"taxonomy":"category","embeddable":true,"href":"https:\/\/adimlarim.com\/tr\/wp-json\/wp\/v2\/categories?post=1"},{"taxonomy":"post_tag","embeddable":true,"href":"https:\/\/adimlarim.com\/tr\/wp-json\/wp\/v2\/tags?post=1"}],"curies":[{"name":"wp","href":"https:\/\/api.w.org\/{rel}","templated":true}]}}