{"id":1583,"date":"2023-04-10T10:30:38","date_gmt":"2023-04-10T08:30:38","guid":{"rendered":"https:\/\/adimlarim.com\/?p=1583"},"modified":"2024-08-06T08:02:57","modified_gmt":"2024-08-06T06:02:57","slug":"deutschland-bad-teinach-zavelstein-krokusbluete","status":"publish","type":"post","link":"https:\/\/adimlarim.com\/tr\/deutschland-bad-teinach-zavelstein-krokusbluete\/","title":{"rendered":"Almanya: Kara Orman: \u00c7i\u011fdem \u00e7i\u00e7e\u011fi"},"content":{"rendered":"<p class=\"attribution has-text-align-center has-small-font-size\">\n(Makale foto\u011fraf\u0131: \n<a href=\"https:\/\/creativecommons.org\/share-your-work\/public-domain\/cc0\/\" target=\"_blank\" rel=\"noreferrer noopener\">CCO<\/a> licensed \n<a href=\"https:\/\/wordpress.org\/photos\/photo\/15662355a0\/\" target=\"_blank\" rel=\"noreferrer noopener\">photo<\/a> by \n<a href=\"https:\/\/wordpress.org\/photos\/author\/shelob9\/\" target=\"_blank\" rel=\"noreferrer noopener\">Josh Pollock<\/a> from the \n<a href=\"https:\/\/wordpress.org\/photos\/\" target=\"_blank\" rel=\"noreferrer noopener\">WordPress Photo Directory<\/a>)<\/p>\n\n\n\n<p>\u00c7i\u00e7eklerin b\u00fcy\u00fcs\u00fcne il\u00adgi duyan her\u00adkes i\u00e7in: her y\u0131l Mart ay\u0131nda Bad Teinach-Zavel\u00adstein'da yabani \u00e7i\u011fdem \"Crocus neg\u00adlectus\" \u00e7i\u00e7ek a\u00e7ar. Biz yine ka\u00ad\u00e7\u0131r\u00add\u0131k, ama belki ge\u00adlecek y\u0131l bu \u00e7i\u011f\u00addemin baharda a\u00e7\u00adt\u0131\u011f\u0131n\u0131 yakal\u0131\u00adya\u00adbiliriz - kim bilir?<\/p>\n\n\n\n<p>Kara Orman (Schwarz\u00adwald) b\u00f6lge\u00adsin\u00addeki \u00c7i\u011fdem \u00e7ay\u0131r\u00adlar\u0131 yak\u00adla\u015f\u0131k 560 metre y\u00fcksek\u00adli\u011finde yer almak\u00adtad\u0131r. Zavel\u00adstein'\u0131n d\u0131\u015f s\u0131n\u0131r\u0131n kuzeyin\u00adde\u00adlerdir. Yaban \u00e7i\u011f\u00addem\u00adleri her sene Mart ay\u0131nda koruma al\u00adt\u0131ndaki 52,5 hek\u00adtar\u00adl\u0131k alan\u0131 kaplar.<\/p>\n\n\n\n<p>Baharda nas\u0131l kokarlar acaba gez\u00adginci dostlar?<\/p>\n\n\n\n<div style=\"height:50px\" aria-hidden=\"true\" class=\"wp-block-spacer\"><\/div>\n\n\n\n<hr class=\"wp-block-separator alignwide has-alpha-channel-opacity\"\/>\n\n\n\n<figure class=\"wp-block-table is-style-stripes\"><table><tbody><tr><td>Seyahat \u00f6nerisi:<\/td><td>Hen\u00fcz daha oraya gitmedik.<\/td><\/tr><tr><td>Koordinatlar:<\/td><td>48.697923, 8.694067<\/td><\/tr><tr><td>Adresler:<\/td><td>Park yeri an der Schule: Schulstr. 67, Bad Teinach-Zavel\u00adstein: 48.692679, 8.699755<br>Park yeri P3: Krokus\u00adstra\u00dfe\/Staufer\u00adstra\u00dfe, Bad Teinach-Zavel\u00adstein: 48.697603, 8.688974<br>Park yeri Sonnen\u00adhalde: Bad Teinach-Zavel\u00adstein: 48.695864, 8.690670<br>Park yeri Therme: Otto-Neidhart-Allee 5, Bad Teinach-Zavel\u00adstein: 48.688827, 8.685295<br>Orman park yeri Zavel\u00adstein: Fronwaldstr. Bad Teinach-Zavel\u00adstein: 48.699199, 8.695527<\/td><\/tr><tr><td>Mesafe:<\/td><td>Zavelsteiner \u00e7i\u011fdem \u00e7i\u00e7e\u011fi \u00e7ay\u0131rlar\u0131 \u2013 K\u00f6ln\/Kalk: 350 km<br>Zavelsteiner \u00e7i\u011fdem \u00e7i\u00e7e\u011fi \u00e7ay\u0131rlar\u0131 \u2013 Istan\u00adbul\/Ba\u011flar\u00adba\u015f\u0131: 2.180 km<\/td><\/tr><tr><td>Y\u00fcr\u00fcy\u00fc\u015f rotalar\u0131:<\/td><td><a href=\"https:\/\/www.outdooractive.com\/de\/route\/themenweg\/zavelsteiner-krokuswiesen\/die-grosse-krokustour\/42669173\/\" target=\"_blank\" rel=\"noreferrer noopener\">Outdooractive: Die gro\u00dfe Krokustour (10,4 km)<\/a><br><a href=\"https:\/\/www.touren-schwarzwald.info\/de\/tour\/wanderungen\/der-zavelsteiner-krokusweg\/3470120\/\" target=\"_blank\" rel=\"noreferrer noopener\">Schwarzwald Tourenplaner: Der Zavelsteiner Krokusweg (3,8 km)<\/a><br><a href=\"https:\/\/www.ich-geh-wandern.de\/krokusweg-bad-teinach-zavelstein-schwarzwald\" target=\"_blank\" rel=\"noreferrer noopener\">Ich geh wandern: Krokusweg Bad Teinach-Zavelstein (Schwarzwald) (3,7 km)<\/a><br><a href=\"\/tr\/Zavelsteiner Krokuswiesen + Burgruine (2,9 km)\/\" target=\"_blank\" rel=\"noreferrer noopener\">Komoot: Zavelsteiner Krokuswiesen + Burgruine <\/a><a href=\"https:\/\/www.komoot.de\/tour\/680199943\" target=\"_blank\" rel=\"noreferrer noopener\">(2,9 <\/a><a href=\"\/tr\/Zavelsteiner Krokuswiesen + Burgruine (2,9 km)\/\" target=\"_blank\" rel=\"noreferrer noopener\">km)<\/a><\/td><\/tr><tr><td>Yak\u0131nlarda:<\/td><td>Zavelstein kalesi: Bergfried, 75385 Bad Teinach-Zavelstein: 48.692301, 8.691449<br>Manzara noktas\u0131 1: Bad Teinach-Zavelstein: 48.699969, 8.701804<br>Manzara noktas\u0131 2: Altstadt von Calw: 48.714801, 8.737850<br>Manzara noktas\u0131 3: Baumhaus Bad Teinach (a\u011fa\u00e7 ev) <a href=\"https:\/\/www.mein-schwarzwald.de\/poi\/baumhaus-bad-teinach-hoehenluft\/?articleId=6f22f5d8-d5b7-4b33-888c-24bd1fd17433\" target=\"_blank\" rel=\"noreferrer noopener\">Baumhaus Bad Teinach (a\u011fa\u00e7 ev)<\/a><\/td><\/tr><tr><td>Ek bilgi:<\/td><td>\u00c7i\u011fdemin \u00e7i\u00e7eklenme durumun g\u00fcncel g\u00f6stergesi: <a href=\"https:\/\/www.teinachtal.de\/orte-im-teinachtal\/bad-teinach-zavelstein\/zavelsteiner-krokusbluete\/\" target=\"_blank\" rel=\"noreferrer noopener\">Aktueller Stand der Krokusbl\u00fcte<\/a><\/td><\/tr><\/tbody><\/table><\/figure>","protected":false},"excerpt":{"rendered":"<p>\u00c7i\u00e7eklerin b\u00fcy\u00fcs\u00fcne ilgi duyan herkes i\u00e7in: Her y\u0131l Mart ay\u0131nda Bad Teinach-Zavel\u00adstein'da yabani \u00e7i\u011fdem \"Crocus neg\u00adlectus\" \u00e7i\u00e7ek a\u00e7ar. Belki gelecek y\u0131lda?<\/p>","protected":false},"author":5,"featured_media":1587,"comment_status":"open","ping_status":"closed","sticky":false,"template":"","format":"standard","meta":{"footnotes":""},"categories":[36,177,30,24,238,52,51],"tags":[165,296,295,136,298,293,292,297],"class_list":["post-1583","post","type-post","status-publish","format-standard","has-post-thumbnail","hentry","category-bluetenzauber","category-deutschland","category-fruehling","category-natur","category-reisen","category-spaziergaenge","category-wandern","tag-bad-teichnach","tag-baden-wuerttemberg-2","tag-krokusbluete-2","tag-maerz","tag-naturschutzgebiete","tag-schwarzwald-2","tag-teinachtal-2","tag-zavelstein-2"],"yoast_head":"<!-- This site is optimized with the Yoast SEO plugin v25.6 - https:\/\/yoast.com\/wordpress\/plugins\/seo\/ -->\n<title>Deutsch\u00adland: Schwarz\u00adwald: Krokus\u00adbl\u00fcte - adimlarim.com<\/title>\n<meta name=\"description\" content=\"Bl\u00fcten\u00adzauber\" \/>\n<meta name=\"robots\" content=\"index, follow, max-snippet:-1, max-image-preview:large, max-video-preview:-1\" \/>\n<link rel=\"canonical\" href=\"https:\/\/adimlarim.com\/tr\/deutschland-bad-teinach-zavelstein-krokusbluete\/\" \/>\n<script type=\"application\/ld+json\" class=\"yoast-schema-graph\">{\"@context\":\"https:\/\/schema.org\",\"@graph\":[{\"@type\":\"Article\",\"@id\":\"https:\/\/adimlarim.com\/deutschland-bad-teinach-zavelstein-krokusbluete\/#article\",\"isPartOf\":{\"@id\":\"https:\/\/adimlarim.com\/deutschland-bad-teinach-zavelstein-krokusbluete\/\"},\"author\":{\"name\":\"ZNMAC\",\"@id\":\"https:\/\/adimlarim.com\/de\/#\/schema\/person\/c44c648a41b8519f8e022d74c6de7805\"},\"headline\":\"Deutsch\u00adland: Schwarz\u00adwald: Krokus\u00adbl\u00fcte\",\"datePublished\":\"2023-04-10T08:30:38+00:00\",\"dateModified\":\"2024-08-06T06:02:57+00:00\",\"mainEntityOfPage\":{\"@id\":\"https:\/\/adimlarim.com\/deutschland-bad-teinach-zavelstein-krokusbluete\/\"},\"wordCount\":273,\"commentCount\":0,\"publisher\":{\"@id\":\"https:\/\/adimlarim.com\/de\/#organization\"},\"image\":{\"@id\":\"https:\/\/adimlarim.com\/deutschland-bad-teinach-zavelstein-krokusbluete\/#primaryimage\"},\"thumbnailUrl\":\"https:\/\/adimlarim.com\/wp-content\/uploads\/15662355a024b9f00.38373546-Original-Size-3072\u00d74080.jpg\",\"keywords\":[\"Bad Teichnach\",\"Baden-W\u00fcrttem\u00adberg\",\"Krokus\u00adbl\u00fcte\",\"M\u00e4rz\",\"Natur\u00adschutz\u00adgebiete\",\"Schwarz\u00adwald\",\"Teinach\u00adtal\",\"Zavel\u00adstein\"],\"articleSection\":[\"Bl\u00fcten\u00adzauber\",\"Deutsch\u00adland\",\"Fr\u00fchling\",\"Natur\",\"Reisen\",\"Spazier\u00adg\u00e4nge\",\"Wandern\"],\"inLanguage\":\"tr\",\"potentialAction\":[{\"@type\":\"CommentAction\",\"name\":\"Comment\",\"target\":[\"https:\/\/adimlarim.com\/deutschland-bad-teinach-zavelstein-krokusbluete\/#respond\"]}]},{\"@type\":\"WebPage\",\"@id\":\"https:\/\/adimlarim.com\/deutschland-bad-teinach-zavelstein-krokusbluete\/\",\"url\":\"https:\/\/adimlarim.com\/deutschland-bad-teinach-zavelstein-krokusbluete\/\",\"name\":\"Deutsch\u00adland: Schwarz\u00adwald: Krokus\u00adbl\u00fcte - adimlarim.com\",\"isPartOf\":{\"@id\":\"https:\/\/adimlarim.com\/de\/#website\"},\"primaryImageOfPage\":{\"@id\":\"https:\/\/adimlarim.com\/deutschland-bad-teinach-zavelstein-krokusbluete\/#primaryimage\"},\"image\":{\"@id\":\"https:\/\/adimlarim.com\/deutschland-bad-teinach-zavelstein-krokusbluete\/#primaryimage\"},\"thumbnailUrl\":\"https:\/\/adimlarim.com\/wp-content\/uploads\/15662355a024b9f00.38373546-Original-Size-3072\u00d74080.jpg\",\"datePublished\":\"2023-04-10T08:30:38+00:00\",\"dateModified\":\"2024-08-06T06:02:57+00:00\",\"description\":\"Bl\u00fcten\u00adzauber\",\"breadcrumb\":{\"@id\":\"https:\/\/adimlarim.com\/deutschland-bad-teinach-zavelstein-krokusbluete\/#breadcrumb\"},\"inLanguage\":\"tr\",\"potentialAction\":[{\"@type\":\"ReadAction\",\"target\":[\"https:\/\/adimlarim.com\/deutschland-bad-teinach-zavelstein-krokusbluete\/\"]}]},{\"@type\":\"ImageObject\",\"inLanguage\":\"tr\",\"@id\":\"https:\/\/adimlarim.com\/deutschland-bad-teinach-zavelstein-krokusbluete\/#primaryimage\",\"url\":\"https:\/\/adimlarim.com\/wp-content\/uploads\/15662355a024b9f00.38373546-Original-Size-3072\u00d74080.jpg\",\"contentUrl\":\"https:\/\/adimlarim.com\/wp-content\/uploads\/15662355a024b9f00.38373546-Original-Size-3072\u00d74080.jpg\",\"width\":1912,\"height\":800,\"caption\":\"Krokusse\"},{\"@type\":\"BreadcrumbList\",\"@id\":\"https:\/\/adimlarim.com\/deutschland-bad-teinach-zavelstein-krokusbluete\/#breadcrumb\",\"itemListElement\":[{\"@type\":\"ListItem\",\"position\":1,\"name\":\"Startseite\",\"item\":\"https:\/\/adimlarim.com\/de\/\"},{\"@type\":\"ListItem\",\"position\":2,\"name\":\"Deutsch\u00adland: Schwarz\u00adwald: Krokus\u00adbl\u00fcte\"}]},{\"@type\":\"WebSite\",\"@id\":\"https:\/\/adimlarim.com\/de\/#website\",\"url\":\"https:\/\/adimlarim.com\/de\/\",\"name\":\"Ad\u0131mlar\u0131m\",\"description\":\"jede Reise beginnt mit den ersten Schritten\",\"publisher\":{\"@id\":\"https:\/\/adimlarim.com\/de\/#organization\"},\"alternateName\":\"Adimlarim\",\"potentialAction\":[{\"@type\":\"SearchAction\",\"target\":{\"@type\":\"EntryPoint\",\"urlTemplate\":\"https:\/\/adimlarim.com\/de\/?s={search_term_string}\"},\"query-input\":{\"@type\":\"PropertyValueSpecification\",\"valueRequired\":true,\"valueName\":\"search_term_string\"}}],\"inLanguage\":\"tr\"},{\"@type\":\"Organization\",\"@id\":\"https:\/\/adimlarim.com\/de\/#organization\",\"name\":\"Ad\u0131mlar\u0131m\",\"url\":\"https:\/\/adimlarim.com\/de\/\",\"logo\":{\"@type\":\"ImageObject\",\"inLanguage\":\"tr\",\"@id\":\"https:\/\/adimlarim.com\/de\/#\/schema\/logo\/image\/\",\"url\":\"https:\/\/adimlarim.com\/wp-content\/uploads\/adimlarim.com_.perspektive.kontur.verlauf.blau_.header.png\",\"contentUrl\":\"https:\/\/adimlarim.com\/wp-content\/uploads\/adimlarim.com_.perspektive.kontur.verlauf.blau_.header.png\",\"width\":401,\"height\":319,\"caption\":\"Ad\u0131mlar\u0131m\"},\"image\":{\"@id\":\"https:\/\/adimlarim.com\/de\/#\/schema\/logo\/image\/\"}},{\"@type\":\"Person\",\"@id\":\"https:\/\/adimlarim.com\/de\/#\/schema\/person\/c44c648a41b8519f8e022d74c6de7805\",\"name\":\"ZNMAC\",\"url\":\"https:\/\/adimlarim.com\/tr\/author\/znmac\/\"}]}<\/script>\n<!-- \/ Yoast SEO plugin. -->","yoast_head_json":{"title":"Deutsch\u00adland: Schwarz\u00adwald: Krokus\u00adbl\u00fcte - adimlarim.com","description":"\u00c7i\u00e7ek sihiri","robots":{"index":"index","follow":"follow","max-snippet":"max-snippet:-1","max-image-preview":"max-image-preview:large","max-video-preview":"max-video-preview:-1"},"canonical":"https:\/\/adimlarim.com\/tr\/deutschland-bad-teinach-zavelstein-krokusbluete\/","schema":{"@context":"https:\/\/schema.org","@graph":[{"@type":"Article","@id":"https:\/\/adimlarim.com\/deutschland-bad-teinach-zavelstein-krokusbluete\/#article","isPartOf":{"@id":"https:\/\/adimlarim.com\/deutschland-bad-teinach-zavelstein-krokusbluete\/"},"author":{"name":"ZNMAC","@id":"https:\/\/adimlarim.com\/de\/#\/schema\/person\/c44c648a41b8519f8e022d74c6de7805"},"headline":"Deutsch\u00adland: Schwarz\u00adwald: Krokus\u00adbl\u00fcte","datePublished":"2023-04-10T08:30:38+00:00","dateModified":"2024-08-06T06:02:57+00:00","mainEntityOfPage":{"@id":"https:\/\/adimlarim.com\/deutschland-bad-teinach-zavelstein-krokusbluete\/"},"wordCount":273,"commentCount":0,"publisher":{"@id":"https:\/\/adimlarim.com\/de\/#organization"},"image":{"@id":"https:\/\/adimlarim.com\/deutschland-bad-teinach-zavelstein-krokusbluete\/#primaryimage"},"thumbnailUrl":"https:\/\/adimlarim.com\/wp-content\/uploads\/15662355a024b9f00.38373546-Original-Size-3072\u00d74080.jpg","keywords":["Bad Teichnach","Baden-W\u00fcrttem\u00adberg","Krokus\u00adbl\u00fcte","M\u00e4rz","Natur\u00adschutz\u00adgebiete","Schwarz\u00adwald","Teinach\u00adtal","Zavel\u00adstein"],"articleSection":["Bl\u00fcten\u00adzauber","Deutsch\u00adland","Fr\u00fchling","Natur","Reisen","Spazier\u00adg\u00e4nge","Wandern"],"inLanguage":"tr","potentialAction":[{"@type":"CommentAction","name":"Comment","target":["https:\/\/adimlarim.com\/deutschland-bad-teinach-zavelstein-krokusbluete\/#respond"]}]},{"@type":"WebPage","@id":"https:\/\/adimlarim.com\/deutschland-bad-teinach-zavelstein-krokusbluete\/","url":"https:\/\/adimlarim.com\/deutschland-bad-teinach-zavelstein-krokusbluete\/","name":"Deutsch\u00adland: Schwarz\u00adwald: Krokus\u00adbl\u00fcte - adimlarim.com","isPartOf":{"@id":"https:\/\/adimlarim.com\/de\/#website"},"primaryImageOfPage":{"@id":"https:\/\/adimlarim.com\/deutschland-bad-teinach-zavelstein-krokusbluete\/#primaryimage"},"image":{"@id":"https:\/\/adimlarim.com\/deutschland-bad-teinach-zavelstein-krokusbluete\/#primaryimage"},"thumbnailUrl":"https:\/\/adimlarim.com\/wp-content\/uploads\/15662355a024b9f00.38373546-Original-Size-3072\u00d74080.jpg","datePublished":"2023-04-10T08:30:38+00:00","dateModified":"2024-08-06T06:02:57+00:00","description":"\u00c7i\u00e7ek sihiri","breadcrumb":{"@id":"https:\/\/adimlarim.com\/deutschland-bad-teinach-zavelstein-krokusbluete\/#breadcrumb"},"inLanguage":"tr","potentialAction":[{"@type":"ReadAction","target":["https:\/\/adimlarim.com\/deutschland-bad-teinach-zavelstein-krokusbluete\/"]}]},{"@type":"ImageObject","inLanguage":"tr","@id":"https:\/\/adimlarim.com\/deutschland-bad-teinach-zavelstein-krokusbluete\/#primaryimage","url":"https:\/\/adimlarim.com\/wp-content\/uploads\/15662355a024b9f00.38373546-Original-Size-3072\u00d74080.jpg","contentUrl":"https:\/\/adimlarim.com\/wp-content\/uploads\/15662355a024b9f00.38373546-Original-Size-3072\u00d74080.jpg","width":1912,"height":800,"caption":"Krokusse"},{"@type":"BreadcrumbList","@id":"https:\/\/adimlarim.com\/deutschland-bad-teinach-zavelstein-krokusbluete\/#breadcrumb","itemListElement":[{"@type":"ListItem","position":1,"name":"Startseite","item":"https:\/\/adimlarim.com\/de\/"},{"@type":"ListItem","position":2,"name":"Deutsch\u00adland: Schwarz\u00adwald: Krokus\u00adbl\u00fcte"}]},{"@type":"WebSite","@id":"https:\/\/adimlarim.com\/de\/#website","url":"https:\/\/adimlarim.com\/de\/","name":"Ad\u0131mlar\u0131m","description":"jede Reise beginnt mit den ersten Schritten","publisher":{"@id":"https:\/\/adimlarim.com\/de\/#organization"},"alternateName":"Adimlarim","potentialAction":[{"@type":"SearchAction","target":{"@type":"EntryPoint","urlTemplate":"https:\/\/adimlarim.com\/de\/?s={search_term_string}"},"query-input":{"@type":"PropertyValueSpecification","valueRequired":true,"valueName":"search_term_string"}}],"inLanguage":"tr"},{"@type":"Organization","@id":"https:\/\/adimlarim.com\/de\/#organization","name":"Ad\u0131mlar\u0131m","url":"https:\/\/adimlarim.com\/de\/","logo":{"@type":"ImageObject","inLanguage":"tr","@id":"https:\/\/adimlarim.com\/de\/#\/schema\/logo\/image\/","url":"https:\/\/adimlarim.com\/wp-content\/uploads\/adimlarim.com_.perspektive.kontur.verlauf.blau_.header.png","contentUrl":"https:\/\/adimlarim.com\/wp-content\/uploads\/adimlarim.com_.perspektive.kontur.verlauf.blau_.header.png","width":401,"height":319,"caption":"Ad\u0131mlar\u0131m"},"image":{"@id":"https:\/\/adimlarim.com\/de\/#\/schema\/logo\/image\/"}},{"@type":"Person","@id":"https:\/\/adimlarim.com\/de\/#\/schema\/person\/c44c648a41b8519f8e022d74c6de7805","name":"ZNMAC","url":"https:\/\/adimlarim.com\/tr\/author\/znmac\/"}]}},"_links":{"self":[{"href":"https:\/\/adimlarim.com\/tr\/wp-json\/wp\/v2\/posts\/1583","targetHints":{"allow":["GET"]}}],"collection":[{"href":"https:\/\/adimlarim.com\/tr\/wp-json\/wp\/v2\/posts"}],"about":[{"href":"https:\/\/adimlarim.com\/tr\/wp-json\/wp\/v2\/types\/post"}],"author":[{"embeddable":true,"href":"https:\/\/adimlarim.com\/tr\/wp-json\/wp\/v2\/users\/5"}],"replies":[{"embeddable":true,"href":"https:\/\/adimlarim.com\/tr\/wp-json\/wp\/v2\/comments?post=1583"}],"version-history":[{"count":0,"href":"https:\/\/adimlarim.com\/tr\/wp-json\/wp\/v2\/posts\/1583\/revisions"}],"wp:featuredmedia":[{"embeddable":true,"href":"https:\/\/adimlarim.com\/tr\/wp-json\/wp\/v2\/media\/1587"}],"wp:attachment":[{"href":"https:\/\/adimlarim.com\/tr\/wp-json\/wp\/v2\/media?parent=1583"}],"wp:term":[{"taxonomy":"category","embeddable":true,"href":"https:\/\/adimlarim.com\/tr\/wp-json\/wp\/v2\/categories?post=1583"},{"taxonomy":"post_tag","embeddable":true,"href":"https:\/\/adimlarim.com\/tr\/wp-json\/wp\/v2\/tags?post=1583"}],"curies":[{"name":"wp","href":"https:\/\/api.w.org\/{rel}","templated":true}]}}