{"id":2093,"date":"2023-06-18T11:59:56","date_gmt":"2023-06-18T09:59:56","guid":{"rendered":"https:\/\/adimlarim.com\/?p=2093"},"modified":"2024-08-01T16:54:22","modified_gmt":"2024-08-01T14:54:22","slug":"deutschland-almanya-ahaus","status":"publish","type":"post","link":"https:\/\/adimlarim.com\/tr\/deutschland-almanya-ahaus\/","title":{"rendered":"Alman\u00adya: Ahaus"},"content":{"rendered":"<p>Son zamanlarda karavan aray\u0131\u00ad\u015f\u0131m\u0131z s\u0131ra\u00ads\u0131nda Alman\u00adya'da bir\u00ad\u00e7ok yeri ziya\u00adret ettik. Bu esnada ila\u00adveten \"nas\u0131l olsa ora\u00adday\u0131z\" diyerek yak\u0131n b\u00f6l\u00adge\u00addeki g\u00f6r\u00fcl\u00admeye de\u011fer yer\u00adleride g\u00f6r\u00admeye \u00e7al\u0131\u015f\u00adt\u0131k. Bu nedenle rotam\u0131z bu sefer bizi ini\u015fli \u00e7\u0131k\u0131\u015fl\u0131 tepeler, ye\u015fil \u00e7ay\u0131rlar ve tar\u00adlalar \u00fczeri Ahaus'a g\u00f6t\u00fcrd\u00fc.<\/p>\n\n\n\n<p>Ahaus, Kuzey Ren-Vest\u00adfalya'da M\u00fcnster\u00adland b\u00f6l\u00adge\u00adsinde, daha do\u011frusu Bat\u0131 M\u00fcnster\u00adland'da yer almak\u00adtad\u0131r. Hollan\u00adda s\u0131\u00adn\u0131r\u0131na sadece 15 km uzak\u00adl\u0131k\u00adtad\u0131r. Yak\u00adla\u015f\u0131k 40.000 n\u00fcfuslu orta b\u00fcy\u00fck\u00adl\u00fckte bir kasa\u00adbad\u0131r. 1030 y\u0131l\u0131nda ki kaynak\u00adlara g\u00f6re kasa\u00adban\u0131n Ahaus ad\u0131n\u0131 muh\u00adte\u00admelen asil soy\u00adlu\u00adlar\u0131n konu\u00adtunun ad\u0131ndan \"Haus an der Aa\" (Aa'deki ev) al\u00admas\u0131na neden ol\u00admu\u015f\u00adtur. Ahaus'un bir\u00ad\u00e7ok b\u00f6lgesi de \u00e7ok eski bir ge\u00e7\u00admi\u015fe sahip\u00adtir; \u00f6rne\u011fin 1316'da kurulan Otten\u00adstein, 1122'de ad\u0131 ge\u00e7en Wessum, 1188'de W\u00fcllen vb. E\u011fer zama\u00adn\u0131n\u0131z varsa, yak\u0131n \u00e7ev\u00adreyi de ke\u015ff\u00adetme\u00adlisiniz.<\/p>\n\n\n\n<figure class=\"wp-block-image alignwide size-full\"><a href=\"https:\/\/adimlarim.com\/wp-content\/uploads\/20230618_123044-DE-Ahaus.jpg\"><img loading=\"lazy\" decoding=\"async\" width=\"1920\" height=\"850\" src=\"https:\/\/adimlarim.com\/wp-content\/uploads\/20230618_123044-DE-Ahaus.jpg\" alt=\"Ahaus: Schlo\u00dfpark; Ahaus: \u015eatonun Park\u0131\" class=\"wp-image-2146\" srcset=\"https:\/\/adimlarim.com\/wp-content\/uploads\/20230618_123044-DE-Ahaus.jpg 1920w, https:\/\/adimlarim.com\/wp-content\/uploads\/20230618_123044-DE-Ahaus-1024x453.jpg 1024w, https:\/\/adimlarim.com\/wp-content\/uploads\/20230618_123044-DE-Ahaus-768x340.jpg 768w, https:\/\/adimlarim.com\/wp-content\/uploads\/20230618_123044-DE-Ahaus-1536x680.jpg 1536w, https:\/\/adimlarim.com\/wp-content\/uploads\/20230618_123044-DE-Ahaus-18x8.jpg 18w\" sizes=\"auto, (max-width: 1920px) 100vw, 1920px\" \/><\/a><\/figure>\n\n\n\n<h2 class=\"wp-block-heading\">Ahaus \u015eatosu (Schlo\u00df Ahaus)<\/h2>\n\n\n\n<p>Bizi bu su hendekli barok \u015fato bah\u00ad\u00e7e\u00adsiyle bir\u00adlikte b\u00fcy\u00fc\u00adledi. \u015eim\u00addeki haliyle y\u00fcz\u00ady\u0131llar boyunca pek \u00e7ok de\u011fi\u015fik\u00adli\u011fe u\u011fram\u0131\u015f ve sahip de\u011fi\u015f\u00adtir\u00admi\u015ftir. Ama yinede bana sanki bu g\u00fcn\u00fc\u00adm\u00fcz\u00fcn ve \u00e7a\u011f\u0131\u00adm\u0131z\u0131n bir par\u00ad\u00e7a\u00ads\u0131ym\u0131\u015f gibi izlenim b\u0131rakan pek az \u015fato\u00adlardan biridir. Pitoresk bir ortamda yer alan ve al\u00adbenili bir \u015fehir mer\u00adkezine en\u00adtegre edilmi\u015f tarif edil\u00admesi zor olan zamana tabi olmayan bir zaman\u00ads\u0131zl\u0131k etkisi b\u0131rak\u00admakta.<\/p>\n\n\n\n<figure class=\"wp-block-image alignwide size-full\"><a href=\"https:\/\/adimlarim.com\/wp-content\/uploads\/20230618_123337-DE-Ahaus.jpg\"><img loading=\"lazy\" decoding=\"async\" width=\"1920\" height=\"850\" src=\"https:\/\/adimlarim.com\/wp-content\/uploads\/20230618_123337-DE-Ahaus.jpg\" alt=\"Schlo\u00df Ahaus; Ahaus \u015eatosu\" class=\"wp-image-2120\" srcset=\"https:\/\/adimlarim.com\/wp-content\/uploads\/20230618_123337-DE-Ahaus.jpg 1920w, https:\/\/adimlarim.com\/wp-content\/uploads\/20230618_123337-DE-Ahaus-1024x453.jpg 1024w, https:\/\/adimlarim.com\/wp-content\/uploads\/20230618_123337-DE-Ahaus-768x340.jpg 768w, https:\/\/adimlarim.com\/wp-content\/uploads\/20230618_123337-DE-Ahaus-1536x680.jpg 1536w, https:\/\/adimlarim.com\/wp-content\/uploads\/20230618_123337-DE-Ahaus-18x8.jpg 18w\" sizes=\"auto, (max-width: 1920px) 100vw, 1920px\" \/><\/a><\/figure>\n\n\n\n<p>\u015eato bir su hende\u011fi ile \u00e7evri\u00adlidir ve bir k\u00f6pr\u00fcden sonra bir zafer kap\u0131\u00ads\u0131ndan ge\u00e7erek eri\u015fi\u00adle\u00adbilir. Dik\u00add\u00f6rtgen komplek\u00adsin her k\u00f6\u015fe\u00adsinde kuleler bulun\u00admakta ve yap\u0131lar komple bir \u00e7evre duvar\u0131 ile s\u0131n\u0131r\u00adlan\u00add\u0131\u00adr\u0131l\u00adm\u0131\u015ft\u0131r. Do\u011fu\u00addaki su hende\u011finden \u00e7ekilen iskeleli ana binan\u0131n foto\u011fraf\u0131 Venedik'te \u00e7ekil\u00admi\u015f gibi g\u00f6r\u00fcn\u00adm\u00fcyor mu?<\/p>\n\n\n\n<figure class=\"wp-block-image alignwide size-full\"><a href=\"https:\/\/adimlarim.com\/wp-content\/uploads\/20230618_122903-DE-Ahaus.01.jpg\"><img loading=\"lazy\" decoding=\"async\" width=\"1920\" height=\"850\" src=\"https:\/\/adimlarim.com\/wp-content\/uploads\/20230618_122903-DE-Ahaus.01.jpg\" alt=\"Schlo\u00df Ahaus: Seerosen im Burggraben; Ahaus \u015eatosu: Su hende\u011findeki nil\u00fcferler\" class=\"wp-image-2135\" srcset=\"https:\/\/adimlarim.com\/wp-content\/uploads\/20230618_122903-DE-Ahaus.01.jpg 1920w, https:\/\/adimlarim.com\/wp-content\/uploads\/20230618_122903-DE-Ahaus.01-1024x453.jpg 1024w, https:\/\/adimlarim.com\/wp-content\/uploads\/20230618_122903-DE-Ahaus.01-768x340.jpg 768w, https:\/\/adimlarim.com\/wp-content\/uploads\/20230618_122903-DE-Ahaus.01-1536x680.jpg 1536w, https:\/\/adimlarim.com\/wp-content\/uploads\/20230618_122903-DE-Ahaus.01-18x8.jpg 18w\" sizes=\"auto, (max-width: 1920px) 100vw, 1920px\" \/><\/a><\/figure>\n\n\n\n<p>Ahaus'taki \u015fatonun bu sakin g\u00fczel atmos\u00adferi foto\u011fraf\u00adlarda ancak k\u0131smen yakalana\u00adbilir. Su yans\u0131\u00admalar\u0131, nil\u00fc\u00adferler ya da farkl\u0131 ku\u015f t\u00fcr\u00adlerin yan\u0131\u00ads\u0131ra Kara ku\u011fular (alman\u00adcada: yas tutan ku\u011fular), her yerde nat\u00fcr\u00admort benzeri foto\u011fraflar i\u00e7in harika f\u0131rsat vermekte.<\/p>\n\n\n\n<figure class=\"wp-block-image size-full\"><a href=\"https:\/\/adimlarim.com\/wp-content\/uploads\/20230617_122715-rotated.jpg\"><img loading=\"lazy\" decoding=\"async\" width=\"1920\" height=\"850\" src=\"https:\/\/adimlarim.com\/wp-content\/uploads\/20230617_122715-rotated.jpg\" alt=\"Schlo\u00df Ahaus: Trauerschw\u00e4ne; Ahaus \u015eatosu: Kara ku\u011fu\" class=\"wp-image-2142\" srcset=\"https:\/\/adimlarim.com\/wp-content\/uploads\/20230617_122715-rotated.jpg 1920w, https:\/\/adimlarim.com\/wp-content\/uploads\/20230617_122715-1024x453.jpg 1024w, https:\/\/adimlarim.com\/wp-content\/uploads\/20230617_122715-768x340.jpg 768w, https:\/\/adimlarim.com\/wp-content\/uploads\/20230617_122715-1536x680.jpg 1536w, https:\/\/adimlarim.com\/wp-content\/uploads\/20230617_122715-18x8.jpg 18w\" sizes=\"auto, (max-width: 1920px) 100vw, 1920px\" \/><\/a><\/figure>\n\n\n\n<div class=\"wp-block-media-text alignwide is-stacked-on-mobile\" style=\"grid-template-columns:40% auto\"><figure class=\"wp-block-media-text__media\"><a href=\"https:\/\/adimlarim.com\/wp-content\/uploads\/20230618_123922-DE-Ahaus-rotated.jpg\"><img loading=\"lazy\" decoding=\"async\" width=\"850\" height=\"1080\" src=\"https:\/\/adimlarim.com\/wp-content\/uploads\/20230618_123922-DE-Ahaus-rotated.jpg\" alt=\"Schlo\u00df Ahaus; Ahaus \u015eatosu\" class=\"wp-image-2131 size-full\" srcset=\"https:\/\/adimlarim.com\/wp-content\/uploads\/20230618_123922-DE-Ahaus-rotated.jpg 850w, https:\/\/adimlarim.com\/wp-content\/uploads\/20230618_123922-DE-Ahaus-806x1024.jpg 806w, https:\/\/adimlarim.com\/wp-content\/uploads\/20230618_123922-DE-Ahaus-768x976.jpg 768w, https:\/\/adimlarim.com\/wp-content\/uploads\/20230618_123922-DE-Ahaus-9x12.jpg 9w\" sizes=\"auto, (max-width: 850px) 100vw, 850px\" \/><\/a><\/figure><div class=\"wp-block-media-text__content\">\n<p>\"Schloss Ahaus\" ziyaret\u00ad\u00e7ileri i\u00e7in rehberli turlar sunma\u00admakta ancak Teknik Akademi'ye ev sahip\u00adli\u011fi yapmakta. 1945 y\u0131l\u0131nda \u015fatoya ve bah\u00ad\u00e7esinin bir k\u0131s\u00adm\u0131na bom\u00adbalar isabet edince \u015fato ve i\u00e7i tamamen yanm\u0131\u015f. \u00dcstelik Frans\u0131z i\u015fgali s\u0131ra\u00ads\u0131nda \u015fatonun bah\u00e7e\u00adsindeki a\u011fa\u00e7lar yakacak odun olarak ciddi \u015fekilde eksi\u00adtil\u00admi\u015fti ve sonrada bom\u00adbalar tuzu biberi oldu. Buna ra\u011fmen saray bah\u00e7esi \u00e7ok g\u00fczel olup ziyaret\u00adcileri dinlen\u00admeye davet etmekte, ama her nede olsa sahici barok bah\u00ad\u00e7enin \u00e7ok az bir k\u0131sm\u0131 korun\u00admu\u015ftu.<\/p>\n<\/div><\/div>\n\n\n\n<div class=\"wp-block-media-text alignwide is-stacked-on-mobile\" style=\"grid-template-columns:40% auto\"><figure class=\"wp-block-media-text__media\"><a href=\"https:\/\/adimlarim.com\/wp-content\/uploads\/20230618_135254-DE-Ahaus-rotated.jpg\"><img loading=\"lazy\" decoding=\"async\" width=\"850\" height=\"1080\" src=\"https:\/\/adimlarim.com\/wp-content\/uploads\/20230618_135254-DE-Ahaus-rotated.jpg\" alt=\"Schlo\u00df Ahaus; Ahaus \u015eatosu\" class=\"wp-image-2125 size-full\" srcset=\"https:\/\/adimlarim.com\/wp-content\/uploads\/20230618_135254-DE-Ahaus-rotated.jpg 850w, https:\/\/adimlarim.com\/wp-content\/uploads\/20230618_135254-DE-Ahaus-806x1024.jpg 806w, https:\/\/adimlarim.com\/wp-content\/uploads\/20230618_135254-DE-Ahaus-768x976.jpg 768w, https:\/\/adimlarim.com\/wp-content\/uploads\/20230618_135254-DE-Ahaus-9x12.jpg 9w\" sizes=\"auto, (max-width: 850px) 100vw, 850px\" \/><\/a><\/figure><div class=\"wp-block-media-text__content\">\n<p>1950 y\u0131l civar\u0131nda Ahaus b\u00f6lgesi kaleyi sat\u0131n al\u0131p eski ori\u00adjinal yap\u0131\u00ads\u0131n\u0131 yeniden in\u015fa ettir\u00admi\u015f. O zaman\u00addan beri k\u00fclt\u00fcrel etkin\u00adlik\u00adler i\u00e7in bir mekan olmu\u015ftur ve F\u00fcrsten\u00adsaal'da d\u00fczenlenen \u015fato konser\u00adleri ile \u00fcn kazan\u00adm\u0131\u015ft\u0131r. Ama ayn\u0131 zamanda d\u00fc\u011f\u00fcnler i\u00e7in de masals\u0131 bir ortam sun\u00admakta.<\/p>\n\n\n\n<p>Ahaus \u015eatosu M\u00fcnsterland b\u00f6lgesinin \"<em><a href=\"https:\/\/www.muensterland.com\/tourismus\/themen\/radfahren-muensterland\/radrouten-muensterland\/100-schloesser-route\/\" target=\"_blank\" rel=\"noreferrer noopener\">100-Schl\u00f6sser-Route (100 Kale Rotas\u0131)<\/a><\/em>\"na dahil edilmi\u015ftir.<\/p>\n<\/div><\/div>\n\n\n\n<h2 class=\"wp-block-heading\">Ahaus \u015fehir merkezi<\/h2>\n\n\n\n<div class=\"wp-block-media-text alignwide is-stacked-on-mobile\" style=\"grid-template-columns:40% auto\"><figure class=\"wp-block-media-text__media\"><a href=\"https:\/\/adimlarim.com\/wp-content\/uploads\/20230618_134949-DE-Ahaus-rotated.jpg\"><img loading=\"lazy\" decoding=\"async\" width=\"850\" height=\"1080\" src=\"https:\/\/adimlarim.com\/wp-content\/uploads\/20230618_134949-DE-Ahaus-rotated.jpg\" alt=\"Ahaus: Amtsgericht; Ahaus: Yerel mahkeme\" class=\"wp-image-2115 size-full\" srcset=\"https:\/\/adimlarim.com\/wp-content\/uploads\/20230618_134949-DE-Ahaus-rotated.jpg 850w, https:\/\/adimlarim.com\/wp-content\/uploads\/20230618_134949-DE-Ahaus-806x1024.jpg 806w, https:\/\/adimlarim.com\/wp-content\/uploads\/20230618_134949-DE-Ahaus-768x976.jpg 768w, https:\/\/adimlarim.com\/wp-content\/uploads\/20230618_134949-DE-Ahaus-9x12.jpg 9w\" sizes=\"auto, (max-width: 850px) 100vw, 850px\" \/><\/a><\/figure><div class=\"wp-block-media-text__content\">\n<p>\u015eato k\u00f6pr\u00fcs\u00fcnden bak\u0131nca b\u00f6lge mahke\u00adme\u00adsinin kemeri g\u00f6r\u00fcn\u00admekte. Oradan ge\u00e7er\u00adseniz, Boni\u00adfatius Stirn\u00adberg'in Olden\u00adkott\u00adplatz'daki \u015fehir f\u0131sk\u0131\u00adye\u00adsine var\u0131r\u00ads\u0131n\u0131z.<\/p>\n<\/div><\/div>\n\n\n\n<div class=\"wp-block-media-text alignwide is-stacked-on-mobile\" style=\"grid-template-columns:40% auto\"><figure class=\"wp-block-media-text__media\"><a href=\"https:\/\/adimlarim.com\/wp-content\/uploads\/20230618_134829-DE-Ahaus.jpg\"><img loading=\"lazy\" decoding=\"async\" width=\"1080\" height=\"850\" src=\"https:\/\/adimlarim.com\/wp-content\/uploads\/20230618_134829-DE-Ahaus.jpg\" alt=\"Ahaus: Stadtbrunnen am Oldenkottplatz von Bonifatius Stirnberg; Ahaus: Bonifatius Stirnberg'in Oldenkottplatz'daki f\u0131skiye\" class=\"wp-image-2104 size-full\" srcset=\"https:\/\/adimlarim.com\/wp-content\/uploads\/20230618_134829-DE-Ahaus.jpg 1080w, https:\/\/adimlarim.com\/wp-content\/uploads\/20230618_134829-DE-Ahaus-1024x806.jpg 1024w, https:\/\/adimlarim.com\/wp-content\/uploads\/20230618_134829-DE-Ahaus-768x604.jpg 768w, https:\/\/adimlarim.com\/wp-content\/uploads\/20230618_134829-DE-Ahaus-15x12.jpg 15w\" sizes=\"auto, (max-width: 1080px) 100vw, 1080px\" \/><\/a><\/figure><div class=\"wp-block-media-text__content\">\n<p>Bu f\u0131sk\u0131ye 1994 y\u0131l\u0131nda Euregio Sanat Rotas\u0131'n\u0131n bir par\u00ad\u00e7as\u0131 olarak kurulmu\u015f. Ger\u00ad\u00e7ek\u00adten ilgin\u00e7 bir bronz \u00e7e\u015fme: orta\u00ads\u0131nda a\u011fa\u00e7 ve onun etra\u00adf\u0131nda \u00e7e\u015fitli hay\u00advan\u00adlar\u0131n yan\u0131 s\u0131ra \u00e7ift\u00e7i kar\u0131\u00adkoca, bir \u00e7ocuk ve bir takun\u00adyac\u0131 grup\u00adland\u0131\u00adr\u0131l\u00adm\u0131\u015ft\u0131r. Fig\u00fcrler ve elleri kollar\u0131 d\u00f6n\u00add\u00fcr\u00fcle\u00adbilir - oyna\u00admaya davet eden bir \u00e7e\u015fme.<\/p>\n<\/div><\/div>\n\n\n\n<div class=\"wp-block-media-text alignwide is-stacked-on-mobile\" style=\"grid-template-columns:40% auto\"><figure class=\"wp-block-media-text__media\"><a href=\"https:\/\/adimlarim.com\/wp-content\/uploads\/20230618_133239-DE-Ahaus-1-rotated.jpg\"><img loading=\"lazy\" decoding=\"async\" width=\"1080\" height=\"850\" src=\"https:\/\/adimlarim.com\/wp-content\/uploads\/20230618_133239-DE-Ahaus-1-rotated.jpg\" alt=\"Ahaus: Schlosscafe San Remo\" class=\"wp-image-2111 size-full\" srcset=\"https:\/\/adimlarim.com\/wp-content\/uploads\/20230618_133239-DE-Ahaus-1-rotated.jpg 1080w, https:\/\/adimlarim.com\/wp-content\/uploads\/20230618_133239-DE-Ahaus-1-1024x806.jpg 1024w, https:\/\/adimlarim.com\/wp-content\/uploads\/20230618_133239-DE-Ahaus-1-768x604.jpg 768w, https:\/\/adimlarim.com\/wp-content\/uploads\/20230618_133239-DE-Ahaus-1-15x12.jpg 15w\" sizes=\"auto, (max-width: 1080px) 100vw, 1080px\" \/><\/a><\/figure><div class=\"wp-block-media-text__content\">\n<p>Lezzetli bir dondurma molas\u0131 i\u00e7in sa\u011f kolda Schloss\u00adcafe San Remo bulun\u00admaktad\u0131r.<\/p>\n\n\n\n<p>\u00c7e\u015fmeden sonra sa\u011fa d\u00f6ner\u00adseniz pazar meydan\u0131na do\u011fru iler\u00adler\u00adsiniz. Pazar meydan\u0131na eski bir \u00e7an kulesi ve s\u0131\u011f\u0131nak benzeri bir binadan olu\u015fan Aziz Meryem'in G\u00f6\u011fe Kabul\u00fc Katolik kili\u00adsesi hakimdir. 2020'de Twitter'de \"D\u00fcnyan\u0131n En \u00c7irkin Kili\u00adsesi\" yar\u0131\u015f\u00admas\u0131na aday g\u00f6steril\u00admesi bo\u015funa de\u011fildi. Ama bu da Ahaus'a \u00f6zg\u00fc.<\/p>\n<\/div><\/div>\n\n\n\n<p>Hade \u015fato gezisine Gezginler<\/p>\n\n\n\n<div style=\"height:50px\" aria-hidden=\"true\" class=\"wp-block-spacer\"><\/div>\n\n\n\n<hr class=\"wp-block-separator alignwide has-alpha-channel-opacity\"\/>\n\n\n\n<figure class=\"wp-block-table is-style-stripes\"><table><tbody><tr><td>Seyahat \u00f6nerisi:<\/td><td>g\u00f6rmeye de\u011fer.<\/td><\/tr><tr><td>Koordinatlar:<\/td><td>52.075035, 7.010055<\/td><\/tr><tr><td>Adres:<\/td><td>Schlo\u00dfstra\u00dfe, 48683 Ahaus<\/td><\/tr><tr><td>Mesafe:<\/td><td>Ahaus &#8211; K\u00f6ln\/Kalk: 150 km<br>Ahaus \u2013 \u0130stan\u00adbul\/Ba\u011flar\u00adba\u015f\u0131: 2.570 km<\/td><\/tr><tr><td>Ek bilgi:<\/td><td><em><a href=\"https:\/\/www.baukunst-nrw.de\/objekte\/Schloss-Ahaus--1566.htm\" target=\"_blank\" rel=\"noreferrer noopener\">Baukunst NRW: Schloss Ahaus<\/a><\/em><br><em><a href=\"https:\/\/www.baukunst-nrw.de\/objekte\/Schlosspark-Ahaus--1567.htm\" target=\"_blank\" rel=\"noreferrer noopener\">Baukunst NRW: Schlosspark Ahaus<\/a><\/em><br><em><a href=\"https:\/\/leader-ahl.de\/die-stadt-ahaus\/\" target=\"_blank\" rel=\"noreferrer noopener\">Leader Ahl: Die Stadt Ahaus<\/a><\/em><br><em><a href=\"https:\/\/www.stadt-ahaus.de\/leben-in-ahaus\/kultur\/kultureinrichtungen\/schloss-ahaus\/\" target=\"_blank\" rel=\"noreferrer noopener\">Stadt Ahaus: Kultureinrichtungen: Schloss Ahaus<\/a><\/em><\/td><\/tr><\/tbody><\/table><\/figure>","protected":false},"excerpt":{"rendered":"<p>Pitoresk bir ortamda yer alan ve albenili bir \u015fehir merkezine entegre edilmi\u015f bu su hendekli barok \u015fato tarif edilmesi zor olan zamana tabi olmayan bir zamans\u0131zl\u0131k etkisi b\u0131rakmakta.<\/p>","protected":false},"author":5,"featured_media":2094,"comment_status":"open","ping_status":"closed","sticky":false,"template":"","format":"standard","meta":{"footnotes":""},"categories":[26,177,20,238,52],"tags":[235,145,237,236],"class_list":["post-2093","post","type-post","status-publish","format-standard","has-post-thumbnail","hentry","category-bauwerke","category-deutschland","category-orte-staetten","category-reisen","category-spaziergaenge","tag-ahaus","tag-nordrhein-westfalen","tag-park","tag-schloss"],"yoast_head":"<!-- This site is optimized with the Yoast SEO plugin v25.6 - https:\/\/yoast.com\/wordpress\/plugins\/seo\/ -->\n<title>Deutsch\u00adland: Ahaus - adimlarim.com<\/title>\n<meta name=\"description\" content=\"Deutsch\u00adland\" \/>\n<meta name=\"robots\" content=\"index, follow, max-snippet:-1, max-image-preview:large, max-video-preview:-1\" \/>\n<link rel=\"canonical\" href=\"https:\/\/adimlarim.com\/tr\/deutschland-almanya-ahaus\/\" \/>\n<script type=\"application\/ld+json\" class=\"yoast-schema-graph\">{\"@context\":\"https:\/\/schema.org\",\"@graph\":[{\"@type\":\"Article\",\"@id\":\"https:\/\/adimlarim.com\/deutschland-almanya-ahaus\/#article\",\"isPartOf\":{\"@id\":\"https:\/\/adimlarim.com\/deutschland-almanya-ahaus\/\"},\"author\":{\"name\":\"ZNMAC\",\"@id\":\"https:\/\/adimlarim.com\/de\/#\/schema\/person\/c44c648a41b8519f8e022d74c6de7805\"},\"headline\":\"Deutsch\u00adland: Ahaus\",\"datePublished\":\"2023-06-18T09:59:56+00:00\",\"dateModified\":\"2024-08-01T14:54:22+00:00\",\"mainEntityOfPage\":{\"@id\":\"https:\/\/adimlarim.com\/deutschland-almanya-ahaus\/\"},\"wordCount\":817,\"commentCount\":0,\"publisher\":{\"@id\":\"https:\/\/adimlarim.com\/de\/#organization\"},\"image\":{\"@id\":\"https:\/\/adimlarim.com\/deutschland-almanya-ahaus\/#primaryimage\"},\"thumbnailUrl\":\"https:\/\/adimlarim.com\/wp-content\/uploads\/20230618_123707-DE-Ahaus.jpg\",\"keywords\":[\"Ahaus\",\"Nordrhein-Westfalen\",\"Park\",\"Schloss\"],\"articleSection\":[\"Bau\u00adwerke\",\"Deutsch\u00adland\",\"Orte + St\u00e4tten\",\"Reisen\",\"Spazier\u00adg\u00e4nge\"],\"inLanguage\":\"tr\",\"potentialAction\":[{\"@type\":\"CommentAction\",\"name\":\"Comment\",\"target\":[\"https:\/\/adimlarim.com\/deutschland-almanya-ahaus\/#respond\"]}]},{\"@type\":\"WebPage\",\"@id\":\"https:\/\/adimlarim.com\/deutschland-almanya-ahaus\/\",\"url\":\"https:\/\/adimlarim.com\/deutschland-almanya-ahaus\/\",\"name\":\"Deutsch\u00adland: Ahaus - adimlarim.com\",\"isPartOf\":{\"@id\":\"https:\/\/adimlarim.com\/de\/#website\"},\"primaryImageOfPage\":{\"@id\":\"https:\/\/adimlarim.com\/deutschland-almanya-ahaus\/#primaryimage\"},\"image\":{\"@id\":\"https:\/\/adimlarim.com\/deutschland-almanya-ahaus\/#primaryimage\"},\"thumbnailUrl\":\"https:\/\/adimlarim.com\/wp-content\/uploads\/20230618_123707-DE-Ahaus.jpg\",\"datePublished\":\"2023-06-18T09:59:56+00:00\",\"dateModified\":\"2024-08-01T14:54:22+00:00\",\"description\":\"Deutsch\u00adland\",\"breadcrumb\":{\"@id\":\"https:\/\/adimlarim.com\/deutschland-almanya-ahaus\/#breadcrumb\"},\"inLanguage\":\"tr\",\"potentialAction\":[{\"@type\":\"ReadAction\",\"target\":[\"https:\/\/adimlarim.com\/deutschland-almanya-ahaus\/\"]}]},{\"@type\":\"ImageObject\",\"inLanguage\":\"tr\",\"@id\":\"https:\/\/adimlarim.com\/deutschland-almanya-ahaus\/#primaryimage\",\"url\":\"https:\/\/adimlarim.com\/wp-content\/uploads\/20230618_123707-DE-Ahaus.jpg\",\"contentUrl\":\"https:\/\/adimlarim.com\/wp-content\/uploads\/20230618_123707-DE-Ahaus.jpg\",\"width\":1920,\"height\":800,\"caption\":\"Schlo\u00df Ahaus; Ahaus \u015eatosu\"},{\"@type\":\"BreadcrumbList\",\"@id\":\"https:\/\/adimlarim.com\/deutschland-almanya-ahaus\/#breadcrumb\",\"itemListElement\":[{\"@type\":\"ListItem\",\"position\":1,\"name\":\"Startseite\",\"item\":\"https:\/\/adimlarim.com\/de\/\"},{\"@type\":\"ListItem\",\"position\":2,\"name\":\"Deutsch\u00adland: Ahaus\"}]},{\"@type\":\"WebSite\",\"@id\":\"https:\/\/adimlarim.com\/de\/#website\",\"url\":\"https:\/\/adimlarim.com\/de\/\",\"name\":\"Ad\u0131mlar\u0131m\",\"description\":\"jede Reise beginnt mit den ersten Schritten\",\"publisher\":{\"@id\":\"https:\/\/adimlarim.com\/de\/#organization\"},\"alternateName\":\"Adimlarim\",\"potentialAction\":[{\"@type\":\"SearchAction\",\"target\":{\"@type\":\"EntryPoint\",\"urlTemplate\":\"https:\/\/adimlarim.com\/de\/?s={search_term_string}\"},\"query-input\":{\"@type\":\"PropertyValueSpecification\",\"valueRequired\":true,\"valueName\":\"search_term_string\"}}],\"inLanguage\":\"tr\"},{\"@type\":\"Organization\",\"@id\":\"https:\/\/adimlarim.com\/de\/#organization\",\"name\":\"Ad\u0131mlar\u0131m\",\"url\":\"https:\/\/adimlarim.com\/de\/\",\"logo\":{\"@type\":\"ImageObject\",\"inLanguage\":\"tr\",\"@id\":\"https:\/\/adimlarim.com\/de\/#\/schema\/logo\/image\/\",\"url\":\"https:\/\/adimlarim.com\/wp-content\/uploads\/adimlarim.com_.perspektive.kontur.verlauf.blau_.header.png\",\"contentUrl\":\"https:\/\/adimlarim.com\/wp-content\/uploads\/adimlarim.com_.perspektive.kontur.verlauf.blau_.header.png\",\"width\":401,\"height\":319,\"caption\":\"Ad\u0131mlar\u0131m\"},\"image\":{\"@id\":\"https:\/\/adimlarim.com\/de\/#\/schema\/logo\/image\/\"}},{\"@type\":\"Person\",\"@id\":\"https:\/\/adimlarim.com\/de\/#\/schema\/person\/c44c648a41b8519f8e022d74c6de7805\",\"name\":\"ZNMAC\",\"url\":\"https:\/\/adimlarim.com\/tr\/author\/znmac\/\"}]}<\/script>\n<!-- \/ Yoast SEO plugin. -->","yoast_head_json":{"title":"Deutsch\u00adland: Ahaus - adimlarim.com","description":"Al\u00adman\u00adya","robots":{"index":"index","follow":"follow","max-snippet":"max-snippet:-1","max-image-preview":"max-image-preview:large","max-video-preview":"max-video-preview:-1"},"canonical":"https:\/\/adimlarim.com\/tr\/deutschland-almanya-ahaus\/","schema":{"@context":"https:\/\/schema.org","@graph":[{"@type":"Article","@id":"https:\/\/adimlarim.com\/deutschland-almanya-ahaus\/#article","isPartOf":{"@id":"https:\/\/adimlarim.com\/deutschland-almanya-ahaus\/"},"author":{"name":"ZNMAC","@id":"https:\/\/adimlarim.com\/de\/#\/schema\/person\/c44c648a41b8519f8e022d74c6de7805"},"headline":"Deutsch\u00adland: Ahaus","datePublished":"2023-06-18T09:59:56+00:00","dateModified":"2024-08-01T14:54:22+00:00","mainEntityOfPage":{"@id":"https:\/\/adimlarim.com\/deutschland-almanya-ahaus\/"},"wordCount":817,"commentCount":0,"publisher":{"@id":"https:\/\/adimlarim.com\/de\/#organization"},"image":{"@id":"https:\/\/adimlarim.com\/deutschland-almanya-ahaus\/#primaryimage"},"thumbnailUrl":"https:\/\/adimlarim.com\/wp-content\/uploads\/20230618_123707-DE-Ahaus.jpg","keywords":["Ahaus","Nordrhein-Westfalen","Park","Schloss"],"articleSection":["Bau\u00adwerke","Deutsch\u00adland","Orte + St\u00e4tten","Reisen","Spazier\u00adg\u00e4nge"],"inLanguage":"tr","potentialAction":[{"@type":"CommentAction","name":"Comment","target":["https:\/\/adimlarim.com\/deutschland-almanya-ahaus\/#respond"]}]},{"@type":"WebPage","@id":"https:\/\/adimlarim.com\/deutschland-almanya-ahaus\/","url":"https:\/\/adimlarim.com\/deutschland-almanya-ahaus\/","name":"Deutsch\u00adland: Ahaus - adimlarim.com","isPartOf":{"@id":"https:\/\/adimlarim.com\/de\/#website"},"primaryImageOfPage":{"@id":"https:\/\/adimlarim.com\/deutschland-almanya-ahaus\/#primaryimage"},"image":{"@id":"https:\/\/adimlarim.com\/deutschland-almanya-ahaus\/#primaryimage"},"thumbnailUrl":"https:\/\/adimlarim.com\/wp-content\/uploads\/20230618_123707-DE-Ahaus.jpg","datePublished":"2023-06-18T09:59:56+00:00","dateModified":"2024-08-01T14:54:22+00:00","description":"Al\u00adman\u00adya","breadcrumb":{"@id":"https:\/\/adimlarim.com\/deutschland-almanya-ahaus\/#breadcrumb"},"inLanguage":"tr","potentialAction":[{"@type":"ReadAction","target":["https:\/\/adimlarim.com\/deutschland-almanya-ahaus\/"]}]},{"@type":"ImageObject","inLanguage":"tr","@id":"https:\/\/adimlarim.com\/deutschland-almanya-ahaus\/#primaryimage","url":"https:\/\/adimlarim.com\/wp-content\/uploads\/20230618_123707-DE-Ahaus.jpg","contentUrl":"https:\/\/adimlarim.com\/wp-content\/uploads\/20230618_123707-DE-Ahaus.jpg","width":1920,"height":800,"caption":"Schlo\u00df Ahaus; Ahaus \u015eatosu"},{"@type":"BreadcrumbList","@id":"https:\/\/adimlarim.com\/deutschland-almanya-ahaus\/#breadcrumb","itemListElement":[{"@type":"ListItem","position":1,"name":"Startseite","item":"https:\/\/adimlarim.com\/de\/"},{"@type":"ListItem","position":2,"name":"Deutsch\u00adland: Ahaus"}]},{"@type":"WebSite","@id":"https:\/\/adimlarim.com\/de\/#website","url":"https:\/\/adimlarim.com\/de\/","name":"Ad\u0131mlar\u0131m","description":"jede Reise beginnt mit den ersten Schritten","publisher":{"@id":"https:\/\/adimlarim.com\/de\/#organization"},"alternateName":"Adimlarim","potentialAction":[{"@type":"SearchAction","target":{"@type":"EntryPoint","urlTemplate":"https:\/\/adimlarim.com\/de\/?s={search_term_string}"},"query-input":{"@type":"PropertyValueSpecification","valueRequired":true,"valueName":"search_term_string"}}],"inLanguage":"tr"},{"@type":"Organization","@id":"https:\/\/adimlarim.com\/de\/#organization","name":"Ad\u0131mlar\u0131m","url":"https:\/\/adimlarim.com\/de\/","logo":{"@type":"ImageObject","inLanguage":"tr","@id":"https:\/\/adimlarim.com\/de\/#\/schema\/logo\/image\/","url":"https:\/\/adimlarim.com\/wp-content\/uploads\/adimlarim.com_.perspektive.kontur.verlauf.blau_.header.png","contentUrl":"https:\/\/adimlarim.com\/wp-content\/uploads\/adimlarim.com_.perspektive.kontur.verlauf.blau_.header.png","width":401,"height":319,"caption":"Ad\u0131mlar\u0131m"},"image":{"@id":"https:\/\/adimlarim.com\/de\/#\/schema\/logo\/image\/"}},{"@type":"Person","@id":"https:\/\/adimlarim.com\/de\/#\/schema\/person\/c44c648a41b8519f8e022d74c6de7805","name":"ZNMAC","url":"https:\/\/adimlarim.com\/tr\/author\/znmac\/"}]}},"_links":{"self":[{"href":"https:\/\/adimlarim.com\/tr\/wp-json\/wp\/v2\/posts\/2093","targetHints":{"allow":["GET"]}}],"collection":[{"href":"https:\/\/adimlarim.com\/tr\/wp-json\/wp\/v2\/posts"}],"about":[{"href":"https:\/\/adimlarim.com\/tr\/wp-json\/wp\/v2\/types\/post"}],"author":[{"embeddable":true,"href":"https:\/\/adimlarim.com\/tr\/wp-json\/wp\/v2\/users\/5"}],"replies":[{"embeddable":true,"href":"https:\/\/adimlarim.com\/tr\/wp-json\/wp\/v2\/comments?post=2093"}],"version-history":[{"count":0,"href":"https:\/\/adimlarim.com\/tr\/wp-json\/wp\/v2\/posts\/2093\/revisions"}],"wp:featuredmedia":[{"embeddable":true,"href":"https:\/\/adimlarim.com\/tr\/wp-json\/wp\/v2\/media\/2094"}],"wp:attachment":[{"href":"https:\/\/adimlarim.com\/tr\/wp-json\/wp\/v2\/media?parent=2093"}],"wp:term":[{"taxonomy":"category","embeddable":true,"href":"https:\/\/adimlarim.com\/tr\/wp-json\/wp\/v2\/categories?post=2093"},{"taxonomy":"post_tag","embeddable":true,"href":"https:\/\/adimlarim.com\/tr\/wp-json\/wp\/v2\/tags?post=2093"}],"curies":[{"name":"wp","href":"https:\/\/api.w.org\/{rel}","templated":true}]}}