{"id":21,"date":"2024-04-01T09:27:27","date_gmt":"2024-04-01T07:27:27","guid":{"rendered":"https:\/\/adimlarim.com\/?p=21"},"modified":"2024-07-27T10:29:50","modified_gmt":"2024-07-27T08:29:50","slug":"belgien-hallerbos-hasengloeckchen","status":"publish","type":"post","link":"https:\/\/adimlarim.com\/tr\/belgien-hallerbos-hasengloeckchen\/","title":{"rendered":"Bel\u00ad\u00e7ika: Haller\u00adbos: Yaban S\u00fcmb\u00fcl Orman\u0131"},"content":{"rendered":"<h2 class=\"wp-block-heading\">Mavi bir r\u00fcya<\/h2>\n\n\n\n<p>Bel\u00e7ika'da \"Halle Orman\u0131\" olarak da bilinen Haller\u00adbos, ilk\u00adbahar\u00adda yaban s\u00fcmb\u00fcl\u00adle\u00adri a\u00e7t\u0131\u011f\u0131n\u00adda peri masal\u00adla\u00adr\u0131n\u00adda\u00adki gibi b\u00fcy\u00fc\u00adl\u00fc bir ormana d\u00f6n\u00fc\u00ad\u015f\u00fcr. O aylar\u00adda orman\u0131 mavi bir \u00e7i\u00e7ek denizi kap\u00adlar ve \u00f6y\u00adlece bir masal kuli\u00adsi g\u00f6z\u00adlere ser\u00adgi\u00adle\u00adnir.<\/p>\n\n\n\n<div class=\"wp-block-media-text alignwide is-stacked-on-mobile\" style=\"grid-template-columns:40% auto\"><figure class=\"wp-block-media-text__media\"><img loading=\"lazy\" decoding=\"async\" width=\"1080\" height=\"850\" src=\"https:\/\/adimlarim.com\/wp-content\/uploads\/2023-04-25-BE-Hallerbos-20230425_151014.jpg\" alt=\"Belgien: Hallerbos; Be\u00e7ika: Hallerbos\" class=\"wp-image-1651 size-full\" srcset=\"https:\/\/adimlarim.com\/wp-content\/uploads\/2023-04-25-BE-Hallerbos-20230425_151014.jpg 1080w, https:\/\/adimlarim.com\/wp-content\/uploads\/2023-04-25-BE-Hallerbos-20230425_151014-1024x806.jpg 1024w, https:\/\/adimlarim.com\/wp-content\/uploads\/2023-04-25-BE-Hallerbos-20230425_151014-768x604.jpg 768w, https:\/\/adimlarim.com\/wp-content\/uploads\/2023-04-25-BE-Hallerbos-20230425_151014-15x12.jpg 15w\" sizes=\"auto, (max-width: 1080px) 100vw, 1080px\" \/><\/figure><div class=\"wp-block-media-text__content\">\n<p>Tabiat korumas\u0131 alt\u0131n\u00adda bulu\u00adnan Haller\u00adbos karma orman\u0131 Br\u00fcksel'in g\u00fcney\u00adinde, Bel\u00ad\u00e7ika'n\u0131n Flaman Brabant eya\u00adle\u00adtinde yer almak\u00adta\u00add\u0131r. \u0130lk\u00adba\u00adhar\u00adda - hava ko\u015ful\u00adla\u00adr\u0131\u00adna ba\u011f\u00adl\u0131 olarak Nisan veya May\u0131s aylar\u0131n\u00adda - at\u00adlan\u00adtik veya in\u00adgi\u00adliz s\u00fcmb\u00fc\u00adl\u00fc olarak da bili\u00adnen \"Hya\u00adcin\u00adthoides non-scripta\" yaban s\u00fcmb\u00fcl t\u00fcr\u00fc \u00e7i\u00e7ek a\u00e7ar. \u00c7i\u00e7e\u011fi orta\u00adla\u00adma d\u00f6rt ve alt\u0131 haf\u00adta aras\u0131 s\u00fcrer. S\u00fcm\u00adb\u00fcl\u00adle\u00adrin tam \u00e7i\u00e7ek a\u00e7m\u0131\u015f ha\u00adlini g\u00f6r\u00admek isti\u00adyor\u00adsa\u00adn\u0131z, yola \u00e7\u0131k\u00admadan \u00f6nce \"<em><a href=\"https:\/\/www.hallerbos.be\/en\/bloom-bluebells\/\" target=\"_blank\" rel=\"noreferrer noopener\"><em><a href=\"https:\/\/www.hallerbos.be\/en\/bloom-bluebells\/\" target=\"_blank\" rel=\"noreferrer noopener\" lang=\"tr\">Hallerbos <\/a><\/em><\/a><\/em>\" site\u00adsin\u00adden detay\u00adl\u0131 bil\u00adgi edine\u00adbilir\u00adsi\u00adniz.<\/p>\n<\/div><\/div>\n\n\n\n<div class=\"wp-block-media-text alignwide is-stacked-on-mobile\" style=\"grid-template-columns:40% auto\"><figure class=\"wp-block-media-text__media\"><img loading=\"lazy\" decoding=\"async\" width=\"850\" height=\"1080\" src=\"https:\/\/adimlarim.com\/wp-content\/uploads\/2023-04-25-BE-Hallerbos-DSCN1323.jpg\" alt=\"Belgien: Hallerbos; Be\u00e7ika: Hallerbos\" class=\"wp-image-1630 size-full\" srcset=\"https:\/\/adimlarim.com\/wp-content\/uploads\/2023-04-25-BE-Hallerbos-DSCN1323.jpg 850w, https:\/\/adimlarim.com\/wp-content\/uploads\/2023-04-25-BE-Hallerbos-DSCN1323-806x1024.jpg 806w, https:\/\/adimlarim.com\/wp-content\/uploads\/2023-04-25-BE-Hallerbos-DSCN1323-768x976.jpg 768w, https:\/\/adimlarim.com\/wp-content\/uploads\/2023-04-25-BE-Hallerbos-DSCN1323-9x12.jpg 9w\" sizes=\"auto, (max-width: 850px) 100vw, 850px\" \/><\/figure><div class=\"wp-block-media-text__content\">\n<p>18.04.2023 tarihin\u00adde s\u00fcmb\u00fcl\u00adl\u00fcn ilk \u00e7i\u00e7ek\u00adlen\u00adme durumu yay\u0131n\u00adlan\u00add\u0131\u011f\u0131n\u00adda, en az\u0131n\u00addan biraz g\u00fcne\u00ad\u015fli bir i\u015f g\u00fcn\u00fc yaka\u00adlayana kadar bir haf\u00adta\u00addan faz\u00adla zaman ge\u00e7\u00adti. \u00d6zel\u00adlik\u00adle haf\u00adta i\u00e7i bir g\u00fcn\u00fc se\u00e7\u00admi\u015f\u00adtim, \u00e7\u00fcn\u00adk\u00fc buras\u0131 med\u00adyada \u00e7ok tan\u0131\u00adnan bir yer ol\u00addu\u011fu i\u00e7in haf\u00adta son\u00adlar\u0131 y\u00fck\u00adsek mik\u00adtar\u00adda ziyaret\u00adci ak\u0131n\u0131 bek\u00adleni\u00adlir. 25.04.2023 tarihin\u00adde ziyare\u00adti\u00admiz ger\u00e7ek\u00adle\u015f\u00adti.<\/p>\n<\/div><\/div>\n\n\n\n<div class=\"wp-block-media-text alignwide is-stacked-on-mobile\" style=\"grid-template-columns:40% auto\"><figure class=\"wp-block-media-text__media\"><img loading=\"lazy\" decoding=\"async\" width=\"1080\" height=\"850\" src=\"https:\/\/adimlarim.com\/wp-content\/uploads\/2023-04-25-BE-Hallerbos-20230425_123312.jpg\" alt=\"Belgien: Hallerbos; Be\u00e7ika: Hallerbos\" class=\"wp-image-1628 size-full\" srcset=\"https:\/\/adimlarim.com\/wp-content\/uploads\/2023-04-25-BE-Hallerbos-20230425_123312.jpg 1080w, https:\/\/adimlarim.com\/wp-content\/uploads\/2023-04-25-BE-Hallerbos-20230425_123312-1024x806.jpg 1024w, https:\/\/adimlarim.com\/wp-content\/uploads\/2023-04-25-BE-Hallerbos-20230425_123312-768x604.jpg 768w, https:\/\/adimlarim.com\/wp-content\/uploads\/2023-04-25-BE-Hallerbos-20230425_123312-15x12.jpg 15w\" sizes=\"auto, (max-width: 1080px) 100vw, 1080px\" \/><\/figure><div class=\"wp-block-media-text__content\">\n<p>\u00c7e\u015fit\u00adli y\u00fcr\u00fcy\u00fc\u015f ro\u00adta\u00adlar\u0131 o orman\u00addan ge\u00e7\u00admek\u00adte, yal\u00adn\u0131z\u00adca \"Blue\u00adbell Walk\" y\u00fcr\u00fc\u00ady\u00fc\u015f rota\u00ads\u0131 z\u00fcm\u00adb\u00fcl \u00e7i\u00e7e\u011fine odak\u00adl\u0131. Biz y\u00fcr\u00fcy\u00fc\u015f y\u00f6n\u00fc\u00adm\u00fc\u00adz\u00fc o rotaya g\u00f6re belir\u00adle\u00addik ve yak\u00adla\u00ad\u015f\u0131k 8 km'lik dairesel bir tur yap\u00adt\u0131k.<\/p>\n<\/div><\/div>\n\n\n\n<div class=\"wp-block-media-text alignwide is-stacked-on-mobile\" style=\"grid-template-columns:40% auto\"><figure class=\"wp-block-media-text__media\"><img loading=\"lazy\" decoding=\"async\" width=\"1080\" height=\"850\" src=\"https:\/\/adimlarim.com\/wp-content\/uploads\/2023-04-25-BE-Hallerbos-DSCN1407.jpg\" alt=\"Belgien: Hallerbos; Bel\u00e7ika: Hallerbos\" class=\"wp-image-1642 size-full\" srcset=\"https:\/\/adimlarim.com\/wp-content\/uploads\/2023-04-25-BE-Hallerbos-DSCN1407.jpg 1080w, https:\/\/adimlarim.com\/wp-content\/uploads\/2023-04-25-BE-Hallerbos-DSCN1407-1024x806.jpg 1024w, https:\/\/adimlarim.com\/wp-content\/uploads\/2023-04-25-BE-Hallerbos-DSCN1407-768x604.jpg 768w, https:\/\/adimlarim.com\/wp-content\/uploads\/2023-04-25-BE-Hallerbos-DSCN1407-15x12.jpg 15w\" sizes=\"auto, (max-width: 1080px) 100vw, 1080px\" \/><\/figure><div class=\"wp-block-media-text__content\">\n<p>Rotam\u0131\u00adz\u0131n ba\u015f\u0131n\u00adda tek t\u00fck mavi \u00e7i\u00e7ek\u00adler g\u00f6r\u00add\u00fck. \u00c7i\u00e7ek\u00adlen\u00adme mev\u00adsi\u00admi\u00adni ka\u00e7\u0131r\u00add\u0131\u011f\u0131\u00adm\u0131\u00adz\u0131 san\u00add\u0131\u011f\u0131m i\u00e7in b\u00fcy\u00fck bir hayal k\u0131r\u0131k\u00adl\u0131\u011f\u0131 ya\u015fa\u00add\u0131m. Ama ne g\u00f6re\u00adlim, bir s\u00fcre sonra orman g\u00fcr\u00adle\u00ad\u015fin\u00adce harika bir man\u00adza\u00adray\u00adla kar\u00ad\u015f\u0131\u00adla\u015f\u00adt\u0131k. Orman zemini y\u00fcz\u00adler\u00adce ve y\u00fcz\u00adler\u00adce mavi \u00e7i\u00e7ekle kap\u00adl\u0131y\u00add\u0131 - kesin\u00adlik\u00adle nefes kesi\u00adci bir man\u00adza\u00adray\u00add\u0131.<\/p>\n<\/div><\/div>\n\n\n\n<div class=\"wp-block-media-text alignwide is-stacked-on-mobile\" style=\"grid-template-columns:40% auto\"><figure class=\"wp-block-media-text__media\"><img loading=\"lazy\" decoding=\"async\" width=\"850\" height=\"1080\" src=\"https:\/\/adimlarim.com\/wp-content\/uploads\/2023-04-25-BE-Hallerbos-20230425_152226.jpg\" alt=\"Belgien: Hallerbos; Be\u00e7ika: Hallerbos\" class=\"wp-image-1636 size-full\" srcset=\"https:\/\/adimlarim.com\/wp-content\/uploads\/2023-04-25-BE-Hallerbos-20230425_152226.jpg 850w, https:\/\/adimlarim.com\/wp-content\/uploads\/2023-04-25-BE-Hallerbos-20230425_152226-806x1024.jpg 806w, https:\/\/adimlarim.com\/wp-content\/uploads\/2023-04-25-BE-Hallerbos-20230425_152226-768x976.jpg 768w, https:\/\/adimlarim.com\/wp-content\/uploads\/2023-04-25-BE-Hallerbos-20230425_152226-9x12.jpg 9w\" sizes=\"auto, (max-width: 850px) 100vw, 850px\" \/><\/figure><div class=\"wp-block-media-text__content\">\n<p>Y\u00fcr\u00fcy\u00fc\u015f\u00fcm\u00fczde yaban s\u00fcmb\u00fcllerin mavisi \u0131\u015f\u0131\u011f\u0131n yans\u0131mas\u0131na ve a\u011fa\u00e7lar\u0131n t\u00fcr\u00fcne ba\u011fl\u0131 olarak farkl\u0131 bir etki yaratt\u0131. Bazen sisten sanki mavi bir dalga belirdi, bazen bu mavi taze ye\u015filin i\u00e7inde sakland\u0131, bazen de yo\u011fun bir \u015fekilde bu mavi ortaya \u00e7\u0131kt\u0131, hatta mora d\u00f6n\u00fc\u015ft\u00fc. Bazen narin beyaz \u00e7i\u00e7eklerle kesi\u015fen bu mavi \u00e7i\u00e7ek hal\u0131s\u0131 bizi b\u00fcy\u00fclemekle kalmad\u0131, hay\u0131r, bu hafif s\u00fcmb\u00fcl kokusu da duyular\u0131m\u0131z\u0131 ele ge\u00e7irdi.<\/p>\n<\/div><\/div>\n\n\n\n<div class=\"wp-block-media-text alignwide is-stacked-on-mobile\" style=\"grid-template-columns:40% auto\"><figure class=\"wp-block-media-text__media\"><img loading=\"lazy\" decoding=\"async\" width=\"1080\" height=\"850\" src=\"https:\/\/adimlarim.com\/wp-content\/uploads\/2023-04-25-BE-Hallerbos-20230425_152524.jpg\" alt=\"\" class=\"wp-image-1647 size-full\" srcset=\"https:\/\/adimlarim.com\/wp-content\/uploads\/2023-04-25-BE-Hallerbos-20230425_152524.jpg 1080w, https:\/\/adimlarim.com\/wp-content\/uploads\/2023-04-25-BE-Hallerbos-20230425_152524-1024x806.jpg 1024w, https:\/\/adimlarim.com\/wp-content\/uploads\/2023-04-25-BE-Hallerbos-20230425_152524-768x604.jpg 768w, https:\/\/adimlarim.com\/wp-content\/uploads\/2023-04-25-BE-Hallerbos-20230425_152524-15x12.jpg 15w\" sizes=\"auto, (max-width: 1080px) 100vw, 1080px\" \/><\/figure><div class=\"wp-block-media-text__content\">\n<p>Ku\u015f c\u0131v\u0131l\u00adt\u0131\u00adla\u00adr\u0131 ve r\u00fcz\u00adga\u00adr\u0131n h\u0131\u015f\u0131r\u00adt\u0131\u00ads\u0131 d\u0131\u015f\u0131n\u00adda orman\u0131n b\u00fcy\u00fck b\u00f6l\u00fc\u00adm\u00fc nis\u00adpe\u00adten sessiz\u00addi. Ancak Br\u00fck\u00adsel-Paris kara\u00adyolu bu orman\u0131n i\u00e7in\u00adden ge\u00e7er. Oto\u00adyola ne kadar yakla\u015f\u00add\u0131k\u00adca, o kadar \u00e7ok \u00e7o\u011fa\u00adlan bir g\u00fcr\u00fcl\u00adt\u00fc duyul\u00admak\u00adta - bu turumu\u00adzun tek kayda de\u011fer eksik\u00adli\u011fi\u00addi.<\/p>\n<\/div><\/div>\n\n\n\n<div class=\"wp-block-media-text alignwide is-stacked-on-mobile\" style=\"grid-template-columns:40% auto\"><figure class=\"wp-block-media-text__media\"><img loading=\"lazy\" decoding=\"async\" width=\"850\" height=\"1080\" src=\"https:\/\/adimlarim.com\/wp-content\/uploads\/2023-04-25-BE-Hallerbos-20230425_130530.jpg\" alt=\"Belgien: Hallerbos; Be\u00e7ika: Hallerbos\" class=\"wp-image-1633 size-full\" srcset=\"https:\/\/adimlarim.com\/wp-content\/uploads\/2023-04-25-BE-Hallerbos-20230425_130530.jpg 850w, https:\/\/adimlarim.com\/wp-content\/uploads\/2023-04-25-BE-Hallerbos-20230425_130530-806x1024.jpg 806w, https:\/\/adimlarim.com\/wp-content\/uploads\/2023-04-25-BE-Hallerbos-20230425_130530-768x976.jpg 768w, https:\/\/adimlarim.com\/wp-content\/uploads\/2023-04-25-BE-Hallerbos-20230425_130530-9x12.jpg 9w\" sizes=\"auto, (max-width: 850px) 100vw, 850px\" \/><\/figure><div class=\"wp-block-media-text__content\">\n<p>Sadece s\u00fcm\u00adb\u00fcl\u00adler ilgimizi \u00e7ekmedi, tesad\u00fc\u00adfen sekoya a\u011fa\u00e7\u00adla\u00adr\u0131\u00adn\u0131n da yan\u0131n\u00addan ge\u00e7\u00adtik. Boyut\u00adlar\u0131 hay\u00adran\u00adl\u0131k\u00adla bak\u00adma\u00adm\u0131\u00adza neden oldu ve Tabiat Ana'ya say\u00adg\u0131 talep etti. \u0130l\u00adgini\u00adzi \u00e7ek\u00adtiy\u00adse bu sekoya a\u011fa\u00e7\u00adlar\u0131 konumun ko\u00ador\u00addinat\u00adlar\u0131 yak\u00adla\u015f\u0131k \n50.700955, 4.272297'd\u0131r.<\/p>\n<\/div><\/div>\n\n\n\n<p>Haller\u00adbos'u kendi ba\u015f\u0131n\u0131\u00adza deneyim\u00adle\u00adme\u00adli\u00adsi\u00adniz, \u00e7\u00fcn\u00adk\u00fc foto\u011fraf\u00adlar g\u00f6rd\u00fck\u00adle\u00adri\u00admi\u00adzin sadece bir kop\u00adyas\u0131.<\/p>\n\n\n\n<p>Bis zum n\u00e4chsten Jahr Reisende \u2013 ganz gewi\u00df<\/p>\n\n\n\n<div style=\"height:50px\" aria-hidden=\"true\" class=\"wp-block-spacer\"><\/div>\n\n\n\n<hr class=\"wp-block-separator alignwide has-alpha-channel-opacity\"\/>\n\n\n\n<figure class=\"wp-block-table alignwide is-style-stripes\"><table><tbody><tr><td><\/td><td>Seyahat \u00f6nerisi:<\/td><td>Yaln\u0131zca tavsiye edilir.<\/td><\/tr><tr><td><\/td><td>Koordinatlar:<\/td><td>Park yeri: 50.707948, 4.290709<\/td><\/tr><tr><td><\/td><td>Adres:<\/td><td>Halle, Bel\u00ad\u00e7ika<\/td><\/tr><tr><td><\/td><td>Mesafe:<\/td><td>Haller\u00adbos \u2013 K\u00f6ln\/Kalk: 250 km<br>Haller\u00adbos - \u0130stan\u00adbul\/Ba\u011flar\u00adba\u015f\u0131: 2.660 km<\/td><\/tr><tr><td><\/td><td>Ek bilgi:<\/td><td><a href=\"https:\/\/www.5reicherts.com\/2016\/05\/hallebos-belgien-der-wald-in-blau\/\" target=\"_blank\" rel=\"noreferrer noopener\">Haller\u00adbos, Bel\u00adgien \u2013 Der Wald in Blau<\/a><br><a href=\"https:\/\/www.geo.de\/reisen\/18831-rtkl-hallerbos-belgiens-blaues-wald-wunder\" target=\"_blank\" rel=\"noreferrer noopener\">Geo: Bel\u00adgiens blaues Wald-Wunder<\/a><br><a href=\"https:\/\/www.baumkunde.de\" target=\"_blank\" rel=\"noreferrer noopener\"><a href=\"https:\/\/www.baumkunde.de\" target=\"_blank\" rel=\"noreferrer noopener\" lang=\"de\">Baumkunde.de<\/a><\/a> a\u011fa\u00e7lar\u0131 merak eden insanlar i\u00e7in.<\/td><\/tr><\/tbody><\/table><\/figure>","protected":false},"excerpt":{"rendered":"<p>Bel\u00e7ika'daki Hallerbos - Halle Orman\u0131 - ilk\u00adbahar\u00adda masal\u00ads\u0131 bir yere d\u00f6n\u00fc\u00ad\u015f\u00fcr. Mavi \u00e7i\u00e7ek\u00adler\u00adden olu\u015fan bir deniz, bir \u00e7ok duyu\u00adlara hitap eden bir orman.<\/p>","protected":false},"author":5,"featured_media":1622,"comment_status":"open","ping_status":"closed","sticky":false,"template":"","format":"standard","meta":{"footnotes":""},"categories":[181,36,30,238,52],"tags":[137,170,171,139,140,169,214,142],"class_list":["post-21","post","type-post","status-publish","format-standard","has-post-thumbnail","hentry","category-belgien","category-bluetenzauber","category-fruehling","category-reisen","category-spaziergaenge","tag-april","tag-bruessel","tag-flaemisch-brabant","tag-hallerbos","tag-hasengloeckchen","tag-hyazinthen","tag-mai","tag-natur"],"yoast_head":"<!-- This site is optimized with the Yoast SEO plugin v25.6 - https:\/\/yoast.com\/wordpress\/plugins\/seo\/ -->\n<title>Bel\u00adgien: Haller\u00adbos: Hasen\u00adgl\u00f6ck\u00adchen-Wald - adimlarim.com<\/title>\n<meta name=\"description\" content=\"Bl\u00fcten\u00adzauber\" \/>\n<meta name=\"robots\" content=\"index, follow, max-snippet:-1, max-image-preview:large, max-video-preview:-1\" \/>\n<link rel=\"canonical\" href=\"https:\/\/adimlarim.com\/tr\/belgien-hallerbos-hasengloeckchen\/\" \/>\n<script type=\"application\/ld+json\" class=\"yoast-schema-graph\">{\"@context\":\"https:\/\/schema.org\",\"@graph\":[{\"@type\":\"Article\",\"@id\":\"https:\/\/adimlarim.com\/belgien-hallerbos-hasengloeckchen\/#article\",\"isPartOf\":{\"@id\":\"https:\/\/adimlarim.com\/belgien-hallerbos-hasengloeckchen\/\"},\"author\":{\"name\":\"ZNMAC\",\"@id\":\"https:\/\/adimlarim.com\/de\/#\/schema\/person\/c44c648a41b8519f8e022d74c6de7805\"},\"headline\":\"Bel\u00adgien: Haller\u00adbos: Hasen\u00adgl\u00f6ck\u00adchen-Wald\",\"datePublished\":\"2024-04-01T07:27:27+00:00\",\"dateModified\":\"2024-07-27T08:29:50+00:00\",\"mainEntityOfPage\":{\"@id\":\"https:\/\/adimlarim.com\/belgien-hallerbos-hasengloeckchen\/\"},\"wordCount\":741,\"commentCount\":0,\"publisher\":{\"@id\":\"https:\/\/adimlarim.com\/de\/#organization\"},\"image\":{\"@id\":\"https:\/\/adimlarim.com\/belgien-hallerbos-hasengloeckchen\/#primaryimage\"},\"thumbnailUrl\":\"https:\/\/adimlarim.com\/wp-content\/uploads\/2023-04-25-BE-Hallerbos-DSCN1420.jpg\",\"keywords\":[\"April\",\"Br\u00fcssel\",\"Fl\u00e4misch-Brabant\",\"Hallerbos\",\"Hasengl\u00f6ckchen\",\"Hyazinthen\",\"Mai\",\"Natur\"],\"articleSection\":[\"Belgien\",\"Bl\u00fcten\u00adzauber\",\"Fr\u00fchling\",\"Reisen\",\"Spazier\u00adg\u00e4nge\"],\"inLanguage\":\"tr\",\"potentialAction\":[{\"@type\":\"CommentAction\",\"name\":\"Comment\",\"target\":[\"https:\/\/adimlarim.com\/belgien-hallerbos-hasengloeckchen\/#respond\"]}]},{\"@type\":\"WebPage\",\"@id\":\"https:\/\/adimlarim.com\/belgien-hallerbos-hasengloeckchen\/\",\"url\":\"https:\/\/adimlarim.com\/belgien-hallerbos-hasengloeckchen\/\",\"name\":\"Bel\u00adgien: Haller\u00adbos: Hasen\u00adgl\u00f6ck\u00adchen-Wald - adimlarim.com\",\"isPartOf\":{\"@id\":\"https:\/\/adimlarim.com\/de\/#website\"},\"primaryImageOfPage\":{\"@id\":\"https:\/\/adimlarim.com\/belgien-hallerbos-hasengloeckchen\/#primaryimage\"},\"image\":{\"@id\":\"https:\/\/adimlarim.com\/belgien-hallerbos-hasengloeckchen\/#primaryimage\"},\"thumbnailUrl\":\"https:\/\/adimlarim.com\/wp-content\/uploads\/2023-04-25-BE-Hallerbos-DSCN1420.jpg\",\"datePublished\":\"2024-04-01T07:27:27+00:00\",\"dateModified\":\"2024-07-27T08:29:50+00:00\",\"description\":\"Bl\u00fcten\u00adzauber\",\"breadcrumb\":{\"@id\":\"https:\/\/adimlarim.com\/belgien-hallerbos-hasengloeckchen\/#breadcrumb\"},\"inLanguage\":\"tr\",\"potentialAction\":[{\"@type\":\"ReadAction\",\"target\":[\"https:\/\/adimlarim.com\/belgien-hallerbos-hasengloeckchen\/\"]}]},{\"@type\":\"ImageObject\",\"inLanguage\":\"tr\",\"@id\":\"https:\/\/adimlarim.com\/belgien-hallerbos-hasengloeckchen\/#primaryimage\",\"url\":\"https:\/\/adimlarim.com\/wp-content\/uploads\/2023-04-25-BE-Hallerbos-DSCN1420.jpg\",\"contentUrl\":\"https:\/\/adimlarim.com\/wp-content\/uploads\/2023-04-25-BE-Hallerbos-DSCN1420.jpg\",\"width\":1920,\"height\":800,\"caption\":\"Belgien: Hallerbos; Bel\u00e7ika: Hallerbos\"},{\"@type\":\"BreadcrumbList\",\"@id\":\"https:\/\/adimlarim.com\/belgien-hallerbos-hasengloeckchen\/#breadcrumb\",\"itemListElement\":[{\"@type\":\"ListItem\",\"position\":1,\"name\":\"Startseite\",\"item\":\"https:\/\/adimlarim.com\/de\/\"},{\"@type\":\"ListItem\",\"position\":2,\"name\":\"Bel\u00adgien: Haller\u00adbos: Hasen\u00adgl\u00f6ck\u00adchen-Wald\"}]},{\"@type\":\"WebSite\",\"@id\":\"https:\/\/adimlarim.com\/de\/#website\",\"url\":\"https:\/\/adimlarim.com\/de\/\",\"name\":\"Ad\u0131mlar\u0131m\",\"description\":\"jede Reise beginnt mit den ersten Schritten\",\"publisher\":{\"@id\":\"https:\/\/adimlarim.com\/de\/#organization\"},\"alternateName\":\"Adimlarim\",\"potentialAction\":[{\"@type\":\"SearchAction\",\"target\":{\"@type\":\"EntryPoint\",\"urlTemplate\":\"https:\/\/adimlarim.com\/de\/?s={search_term_string}\"},\"query-input\":{\"@type\":\"PropertyValueSpecification\",\"valueRequired\":true,\"valueName\":\"search_term_string\"}}],\"inLanguage\":\"tr\"},{\"@type\":\"Organization\",\"@id\":\"https:\/\/adimlarim.com\/de\/#organization\",\"name\":\"Ad\u0131mlar\u0131m\",\"url\":\"https:\/\/adimlarim.com\/de\/\",\"logo\":{\"@type\":\"ImageObject\",\"inLanguage\":\"tr\",\"@id\":\"https:\/\/adimlarim.com\/de\/#\/schema\/logo\/image\/\",\"url\":\"https:\/\/adimlarim.com\/wp-content\/uploads\/adimlarim.com_.perspektive.kontur.verlauf.blau_.header.png\",\"contentUrl\":\"https:\/\/adimlarim.com\/wp-content\/uploads\/adimlarim.com_.perspektive.kontur.verlauf.blau_.header.png\",\"width\":401,\"height\":319,\"caption\":\"Ad\u0131mlar\u0131m\"},\"image\":{\"@id\":\"https:\/\/adimlarim.com\/de\/#\/schema\/logo\/image\/\"}},{\"@type\":\"Person\",\"@id\":\"https:\/\/adimlarim.com\/de\/#\/schema\/person\/c44c648a41b8519f8e022d74c6de7805\",\"name\":\"ZNMAC\",\"url\":\"https:\/\/adimlarim.com\/tr\/author\/znmac\/\"}]}<\/script>\n<!-- \/ Yoast SEO plugin. -->","yoast_head_json":{"title":"Bel\u00adgien: Haller\u00adbos: Hasen\u00adgl\u00f6ck\u00adchen-Wald - adimlarim.com","description":"\u00c7i\u00e7ek sihiri","robots":{"index":"index","follow":"follow","max-snippet":"max-snippet:-1","max-image-preview":"max-image-preview:large","max-video-preview":"max-video-preview:-1"},"canonical":"https:\/\/adimlarim.com\/tr\/belgien-hallerbos-hasengloeckchen\/","schema":{"@context":"https:\/\/schema.org","@graph":[{"@type":"Article","@id":"https:\/\/adimlarim.com\/belgien-hallerbos-hasengloeckchen\/#article","isPartOf":{"@id":"https:\/\/adimlarim.com\/belgien-hallerbos-hasengloeckchen\/"},"author":{"name":"ZNMAC","@id":"https:\/\/adimlarim.com\/de\/#\/schema\/person\/c44c648a41b8519f8e022d74c6de7805"},"headline":"Bel\u00adgien: Haller\u00adbos: Hasen\u00adgl\u00f6ck\u00adchen-Wald","datePublished":"2024-04-01T07:27:27+00:00","dateModified":"2024-07-27T08:29:50+00:00","mainEntityOfPage":{"@id":"https:\/\/adimlarim.com\/belgien-hallerbos-hasengloeckchen\/"},"wordCount":741,"commentCount":0,"publisher":{"@id":"https:\/\/adimlarim.com\/de\/#organization"},"image":{"@id":"https:\/\/adimlarim.com\/belgien-hallerbos-hasengloeckchen\/#primaryimage"},"thumbnailUrl":"https:\/\/adimlarim.com\/wp-content\/uploads\/2023-04-25-BE-Hallerbos-DSCN1420.jpg","keywords":["April","Br\u00fcssel","Fl\u00e4misch-Brabant","Hallerbos","Hasengl\u00f6ckchen","Hyazinthen","Mai","Natur"],"articleSection":["Belgien","Bl\u00fcten\u00adzauber","Fr\u00fchling","Reisen","Spazier\u00adg\u00e4nge"],"inLanguage":"tr","potentialAction":[{"@type":"CommentAction","name":"Comment","target":["https:\/\/adimlarim.com\/belgien-hallerbos-hasengloeckchen\/#respond"]}]},{"@type":"WebPage","@id":"https:\/\/adimlarim.com\/belgien-hallerbos-hasengloeckchen\/","url":"https:\/\/adimlarim.com\/belgien-hallerbos-hasengloeckchen\/","name":"Bel\u00adgien: Haller\u00adbos: Hasen\u00adgl\u00f6ck\u00adchen-Wald - adimlarim.com","isPartOf":{"@id":"https:\/\/adimlarim.com\/de\/#website"},"primaryImageOfPage":{"@id":"https:\/\/adimlarim.com\/belgien-hallerbos-hasengloeckchen\/#primaryimage"},"image":{"@id":"https:\/\/adimlarim.com\/belgien-hallerbos-hasengloeckchen\/#primaryimage"},"thumbnailUrl":"https:\/\/adimlarim.com\/wp-content\/uploads\/2023-04-25-BE-Hallerbos-DSCN1420.jpg","datePublished":"2024-04-01T07:27:27+00:00","dateModified":"2024-07-27T08:29:50+00:00","description":"\u00c7i\u00e7ek sihiri","breadcrumb":{"@id":"https:\/\/adimlarim.com\/belgien-hallerbos-hasengloeckchen\/#breadcrumb"},"inLanguage":"tr","potentialAction":[{"@type":"ReadAction","target":["https:\/\/adimlarim.com\/belgien-hallerbos-hasengloeckchen\/"]}]},{"@type":"ImageObject","inLanguage":"tr","@id":"https:\/\/adimlarim.com\/belgien-hallerbos-hasengloeckchen\/#primaryimage","url":"https:\/\/adimlarim.com\/wp-content\/uploads\/2023-04-25-BE-Hallerbos-DSCN1420.jpg","contentUrl":"https:\/\/adimlarim.com\/wp-content\/uploads\/2023-04-25-BE-Hallerbos-DSCN1420.jpg","width":1920,"height":800,"caption":"Belgien: Hallerbos; Bel\u00e7ika: Hallerbos"},{"@type":"BreadcrumbList","@id":"https:\/\/adimlarim.com\/belgien-hallerbos-hasengloeckchen\/#breadcrumb","itemListElement":[{"@type":"ListItem","position":1,"name":"Startseite","item":"https:\/\/adimlarim.com\/de\/"},{"@type":"ListItem","position":2,"name":"Bel\u00adgien: Haller\u00adbos: Hasen\u00adgl\u00f6ck\u00adchen-Wald"}]},{"@type":"WebSite","@id":"https:\/\/adimlarim.com\/de\/#website","url":"https:\/\/adimlarim.com\/de\/","name":"Ad\u0131mlar\u0131m","description":"jede Reise beginnt mit den ersten Schritten","publisher":{"@id":"https:\/\/adimlarim.com\/de\/#organization"},"alternateName":"Adimlarim","potentialAction":[{"@type":"SearchAction","target":{"@type":"EntryPoint","urlTemplate":"https:\/\/adimlarim.com\/de\/?s={search_term_string}"},"query-input":{"@type":"PropertyValueSpecification","valueRequired":true,"valueName":"search_term_string"}}],"inLanguage":"tr"},{"@type":"Organization","@id":"https:\/\/adimlarim.com\/de\/#organization","name":"Ad\u0131mlar\u0131m","url":"https:\/\/adimlarim.com\/de\/","logo":{"@type":"ImageObject","inLanguage":"tr","@id":"https:\/\/adimlarim.com\/de\/#\/schema\/logo\/image\/","url":"https:\/\/adimlarim.com\/wp-content\/uploads\/adimlarim.com_.perspektive.kontur.verlauf.blau_.header.png","contentUrl":"https:\/\/adimlarim.com\/wp-content\/uploads\/adimlarim.com_.perspektive.kontur.verlauf.blau_.header.png","width":401,"height":319,"caption":"Ad\u0131mlar\u0131m"},"image":{"@id":"https:\/\/adimlarim.com\/de\/#\/schema\/logo\/image\/"}},{"@type":"Person","@id":"https:\/\/adimlarim.com\/de\/#\/schema\/person\/c44c648a41b8519f8e022d74c6de7805","name":"ZNMAC","url":"https:\/\/adimlarim.com\/tr\/author\/znmac\/"}]}},"_links":{"self":[{"href":"https:\/\/adimlarim.com\/tr\/wp-json\/wp\/v2\/posts\/21","targetHints":{"allow":["GET"]}}],"collection":[{"href":"https:\/\/adimlarim.com\/tr\/wp-json\/wp\/v2\/posts"}],"about":[{"href":"https:\/\/adimlarim.com\/tr\/wp-json\/wp\/v2\/types\/post"}],"author":[{"embeddable":true,"href":"https:\/\/adimlarim.com\/tr\/wp-json\/wp\/v2\/users\/5"}],"replies":[{"embeddable":true,"href":"https:\/\/adimlarim.com\/tr\/wp-json\/wp\/v2\/comments?post=21"}],"version-history":[{"count":0,"href":"https:\/\/adimlarim.com\/tr\/wp-json\/wp\/v2\/posts\/21\/revisions"}],"wp:featuredmedia":[{"embeddable":true,"href":"https:\/\/adimlarim.com\/tr\/wp-json\/wp\/v2\/media\/1622"}],"wp:attachment":[{"href":"https:\/\/adimlarim.com\/tr\/wp-json\/wp\/v2\/media?parent=21"}],"wp:term":[{"taxonomy":"category","embeddable":true,"href":"https:\/\/adimlarim.com\/tr\/wp-json\/wp\/v2\/categories?post=21"},{"taxonomy":"post_tag","embeddable":true,"href":"https:\/\/adimlarim.com\/tr\/wp-json\/wp\/v2\/tags?post=21"}],"curies":[{"name":"wp","href":"https:\/\/api.w.org\/{rel}","templated":true}]}}