{"id":2188,"date":"2023-08-13T10:33:05","date_gmt":"2023-08-13T08:33:05","guid":{"rendered":"https:\/\/adimlarim.com\/?p=2188"},"modified":"2024-08-01T15:58:20","modified_gmt":"2024-08-01T13:58:20","slug":"deutschland-hunsrueck-geierlay-haengeseilbruecke","status":"publish","type":"post","link":"https:\/\/adimlarim.com\/tr\/deutschland-hunsrueck-geierlay-haengeseilbruecke\/","title":{"rendered":"Almanya: Hunsr\u00fcck: Geierlay Asma K\u00f6pr\u00fcs\u00fc"},"content":{"rendered":"<p>Geierlay asma k\u00f6pr\u00fcs\u00fc bir\u00adka\u00e7 y\u0131ld\u0131r Bucket listem\u00addeydi (haya\u00adt\u0131mda yapmak iste\u00addi\u011fim \u015feylerin lis\u00adtesi). Ve bu benim ki\u015fisel mace\u00adram ola\u00adcakt\u0131, \u00e7\u00fcnk\u00fc daha \u00f6nce hi\u00e7 asma k\u00f6pr\u00fc\u00adden ge\u00e7me\u00admi\u015ftim.<\/p>\n\n\n\n<p>Nihayet g\u00fcne\u015fli bir Cuma sabah\u0131 saat 7'de K\u00f6ln'den yola \u00e7\u0131kt\u0131k. Brohl\u00adtal oto\u00adban ser\u00advis ala\u00adn\u0131nda s\u0131rt \u00e7an\u00adtal\u0131 y\u00fcr\u00fc\u00ady\u00fc\u015f\u00e7\u00fc grup\u00adlar\u0131 g\u00f6rmek \u015fa\u015f\u0131rt\u0131 bizi ve bize tuhaf geldi. Ama g\u00f6r\u00fc\u00adn\u00fc\u015fe g\u00f6re oras\u0131 y\u00fcr\u00fcy\u00fc\u015f i\u00e7in iyi bir ba\u015flan\u00adg\u0131\u00e7 nok\u00adtas\u0131 - \u00f6rne\u011fin Laacher See (yak\u00adla\u015f\u0131k 4,5 km) veya Wolfs\u00adschlucht'taki \u015felale (yak\u00adla\u015f\u0131k 6,5 km).<\/p>\n\n\n\n<figure class=\"wp-block-image alignwide size-full\"><a href=\"https:\/\/adimlarim.com\/wp-content\/uploads\/20230811_123607-DE-Geierlay.jpg\"><img loading=\"lazy\" decoding=\"async\" width=\"1920\" height=\"850\" src=\"https:\/\/adimlarim.com\/wp-content\/uploads\/20230811_123607-DE-Geierlay.jpg\" alt=\"Geierlay H\u00e4ngeseilbr\u00fccke; Geierlay asma halat k\u00f6pr\u00fcs\u00fc\" class=\"wp-image-2228\" srcset=\"https:\/\/adimlarim.com\/wp-content\/uploads\/20230811_123607-DE-Geierlay.jpg 1920w, https:\/\/adimlarim.com\/wp-content\/uploads\/20230811_123607-DE-Geierlay-1024x453.jpg 1024w, https:\/\/adimlarim.com\/wp-content\/uploads\/20230811_123607-DE-Geierlay-768x340.jpg 768w, https:\/\/adimlarim.com\/wp-content\/uploads\/20230811_123607-DE-Geierlay-1536x680.jpg 1536w, https:\/\/adimlarim.com\/wp-content\/uploads\/20230811_123607-DE-Geierlay-18x8.jpg 18w\" sizes=\"auto, (max-width: 1920px) 100vw, 1920px\" \/><\/a><\/figure>\n\n\n\n<p>Otobandan \u00e7\u0131k\u00adt\u0131\u011f\u0131m\u0131zda gide\u00adce\u011fimiz yere yakla\u015f\u00adm\u0131\u015ft\u0131k ve kalan yolumuz Huns\u00adr\u00fcck'\u00fcn pito\u00adresk manza\u00adras\u0131n\u0131n tad\u0131n\u0131 \u00e7\u0131kar\u00adtarak ge\u00e7ti.<\/p>\n\n\n\n<p>Asma halat k\u00f6pr\u00fcs\u00fcne giden y\u00fcr\u00fc\u00ady\u00fc\u015f\u00adlerin ba\u015flan\u00adg\u0131\u00e7 noktas\u0131 olarak genel\u00adlik\u00adle M\u00f6rs\u00addorf bili\u00adnir. Sadece bir k\u00f6p\u00adr\u00fcn\u00fcn iki ucu vard\u0131r ve bu k\u00f6p\u00adr\u00fcn\u00fcn di\u011fer ucu Sos\u00adberg'de. Sos\u00adberg fazla tan\u0131n\u00admad\u0131\u011f\u0131 i\u00e7in daha az dolu olabi\u00adlice\u011fi var\u00adsayd\u0131m ve tah\u00admimim do\u011fru\u00adland\u0131. Orda \u00f6zel bir park yerine araba\u00adm\u0131z\u0131 b\u0131rak\u00adt\u0131k (koor\u00addi\u00adnatlar 50.078267, 7.337684). Ve park \u00fccre\u00adtini posta kutu\u00adsuna att\u0131k (bu bana \u0130rlan\u00adda'y\u0131 hat\u0131r\u00adlatt\u0131).<\/p>\n\n\n\n<p>Oradan k\u00f6pr\u00fcye kadar olan y\u00fcr\u00fc\u00ady\u00fc\u015f mesa\u00adfesi 1,5 km. M\u00f6rs\u00addorf y\u00f6n\u00fcn\u00adden gel\u00adseniz bile asma k\u00f6pr\u00fc uzak\u00adtan g\u00f6r\u00fcn\u00adm\u00fcyor, ama genede yakla\u015f\u00adt\u0131k\u00e7a heyeca\u00adn\u0131m\u0131z daha da artt\u0131. Derken Geier\u00adlay asma k\u00f6pr\u00fc\u00ads\u00fcn\u00fcn \u00f6n\u00fcnde durduk.<\/p>\n\n\n\n<div class=\"wp-block-media-text is-stacked-on-mobile\" style=\"grid-template-columns:40% auto\"><figure class=\"wp-block-media-text__media\"><a href=\"https:\/\/adimlarim.com\/wp-content\/uploads\/20230811_104934-DE-Geierlay.jpg\"><img loading=\"lazy\" decoding=\"async\" width=\"850\" height=\"1080\" src=\"https:\/\/adimlarim.com\/wp-content\/uploads\/20230811_104934-DE-Geierlay.jpg\" alt=\"Geierlay H\u00e4ngeseilbr\u00fccke; Geierlay asma halat k\u00f6pr\u00fcs\u00fc\" class=\"wp-image-2237 size-full\" srcset=\"https:\/\/adimlarim.com\/wp-content\/uploads\/20230811_104934-DE-Geierlay.jpg 850w, https:\/\/adimlarim.com\/wp-content\/uploads\/20230811_104934-DE-Geierlay-806x1024.jpg 806w, https:\/\/adimlarim.com\/wp-content\/uploads\/20230811_104934-DE-Geierlay-768x976.jpg 768w, https:\/\/adimlarim.com\/wp-content\/uploads\/20230811_104934-DE-Geierlay-9x12.jpg 9w\" sizes=\"auto, (max-width: 850px) 100vw, 850px\" \/><\/a><\/figure><div class=\"wp-block-media-text__content\">\n<p>K\u00f6pr\u00fc \u00e7ok narin g\u00f6r\u00fcn\u00adsede ve havada u\u00e7u\u00adyormu\u015f hissi ver\u00adsede, yak\u0131ndan ince\u00adlen\u00addi\u011finde sabit ve g\u00fcvenli g\u00f6r\u00fcn\u00admekte. Tibet tarz\u0131 asma k\u00f6pr\u00fc yap\u0131\u00ads\u0131na g\u00f6re tasar\u00adlan\u00adm\u0131\u015ft\u0131r. Kal\u0131n\u00adl\u0131\u011f\u0131 4 santi\u00admetre olan alt\u0131 adet s\u0131cak dal\u00add\u0131rma galva\u00adnizli \u00e7elik halat tara\u00adf\u0131ndan tutul\u00admak\u00adtad\u0131r. Ask\u0131 halat\u00adlar\u0131n\u0131 sabit\u00adleyen dik\u00admeler kayan\u0131n 25 m derin\u00adli\u011fine kadar \u00e7ak\u0131l\u00adm\u0131\u015ft\u0131r.<\/p>\n<\/div><\/div>\n\n\n\n<p>R\u00fczgarl\u0131 havalarda sallan\u00admay\u0131 azalt\u00admak i\u00e7in ayr\u0131ca para\u00adbolik olarak destek\u00adlenmi\u015f yanal r\u00fczgar y\u00fck halat\u00adlar\u0131 ile sabitlen\u00admi\u015ftir. Avrupa'n\u0131n en uzun asma halat k\u00f6pr\u00fc\u00adle\u00adrinden biridir - di\u011fer ol\u00adgusal bil\u00adgiler \u015funlar\u00add\u0131r:<\/p>\n\n\n\n<ul class=\"wp-block-list\">\n<li>2015 y\u0131l\u0131nda in\u015fa edilmi\u015f;<\/li>\n\n\n\n<li>in\u015faat s\u00fcresi 6 ay;<\/li>\n\n\n\n<li>y\u00fcksekli\u011fi 100 metre;<\/li>\n\n\n\n<li>uzunlu\u011fu 360 metre;<\/li>\n\n\n\n<li>geni\u015fli\u011fi 85 santimetre;<\/li>\n\n\n\n<li>bo\u015f a\u011f\u0131rl\u0131\u011f\u0131 62 ton;<\/li>\n\n\n\n<li>ta\u015f\u0131ma kapasitesi toplam olarak ortalama 80 kg a\u011f\u0131r\u00adl\u0131\u011f\u0131nda olan 600 ki\u015fi.<\/li>\n<\/ul>\n\n\n\n<div class=\"wp-block-media-text is-stacked-on-mobile\" style=\"grid-template-columns:40% auto\"><figure class=\"wp-block-media-text__media\"><a href=\"https:\/\/adimlarim.com\/wp-content\/uploads\/20230811_104517-DE-Geierlay-rotated.jpg\"><img loading=\"lazy\" decoding=\"async\" width=\"850\" height=\"1080\" src=\"https:\/\/adimlarim.com\/wp-content\/uploads\/20230811_104517-DE-Geierlay-rotated.jpg\" alt=\"Geierlay H\u00e4ngeseilbr\u00fccke; Geierlay asma halat k\u00f6pr\u00fcs\u00fc\" class=\"wp-image-2230 size-full\" srcset=\"https:\/\/adimlarim.com\/wp-content\/uploads\/20230811_104517-DE-Geierlay-rotated.jpg 850w, https:\/\/adimlarim.com\/wp-content\/uploads\/20230811_104517-DE-Geierlay-806x1024.jpg 806w, https:\/\/adimlarim.com\/wp-content\/uploads\/20230811_104517-DE-Geierlay-768x976.jpg 768w, https:\/\/adimlarim.com\/wp-content\/uploads\/20230811_104517-DE-Geierlay-9x12.jpg 9w\" sizes=\"auto, (max-width: 850px) 100vw, 850px\" \/><\/a><\/figure><div class=\"wp-block-media-text__content\">\n<p>Teknoloji, yap\u0131, rakamlar, hepsi bir yana, k\u00f6pr\u00fcden ge\u00e7menin nas\u0131l bir deneyim oldu\u011funu tarif etmek zor. \u0130lk ad\u0131mlar\u0131m \u00fcrkekti, ayak\u00adlar\u0131m\u0131n alt\u0131nda sallan\u00admay\u0131 hisset\u00admeme ra\u011fmen ad\u0131m\u00adlar\u0131m ama git\u00adtik\u00e7e daha g\u00fcven dolu oldu. Sonra k\u00f6pr\u00fcn\u00fcn tam orta\u00ads\u0131nda durdum, soluk kesi\u00adciydi. U\u00e7urum\u00addan g\u00f6r\u00fcnen orman\u0131n a\u011fa\u00e7 \u00e7at\u0131\u00ads\u0131n\u0131n ara\u00ads\u0131ndan ara s\u0131ra bir dere p\u0131r\u0131l p\u0131r\u0131l par\u00adl\u0131\u00adyordu, \u00fcst\u00fcm\u00addeki g\u00f6k mavisi a\u015fa\u011f\u0131\u00addaki orman\u0131n ye\u015fi\u00adliyle z\u0131tla\u00ad\u015f\u0131yordu, havada s\u00fcz\u00fclen bir ku\u015fa benzer bir his \u00fczerime \u00e7\u00f6kt\u00fc, \u00e7ok g\u00fczeldi.<\/p>\n<\/div><\/div>\n\n\n\n<p>Evet ya, birde y\u00fckseklik korku\u00adsuyla m\u00fccadele etmek i\u00e7in asma k\u00f6pr\u00fcye tek ba\u015f\u0131na y\u00fcr\u00fcmeye cesaret eden kad\u0131n ve k\u00f6pr\u00fcn\u00fcn orta\u00ads\u0131nda y\u00fcksek\u00adlik korkusu ve arak\u00adnofobi (\u00f6r\u00fcmcek korkusu) hakk\u0131nda yap\u00adt\u0131\u011f\u0131m\u0131z sohbet. Ya da muhte\u00admelen e\u015fi kor\u00adkudan k\u00f6p\u00adr\u00fcy\u00fc \u00e7oktan h\u0131z\u00adl\u0131ca ge\u00e7mi\u015f olan yal\u00adn\u0131z kalan gen\u00e7 kad\u0131n\u0131n benden foto\u011fraf \u00e7ekmemi iste\u00admesi. Yollar\u0131 bu say\u00adfalara d\u00fc\u015ferse e\u011fer onlara selam yol\u00adluyorum.<\/p>\n\n\n\n<figure class=\"wp-block-image alignwide size-full\"><a href=\"https:\/\/adimlarim.com\/wp-content\/uploads\/20230811_141732-DE-Cochem.jpg\"><img loading=\"lazy\" decoding=\"async\" width=\"1920\" height=\"850\" src=\"https:\/\/adimlarim.com\/wp-content\/uploads\/20230811_141732-DE-Cochem.jpg\" alt=\"Cochem\" class=\"wp-image-2235\" srcset=\"https:\/\/adimlarim.com\/wp-content\/uploads\/20230811_141732-DE-Cochem.jpg 1920w, https:\/\/adimlarim.com\/wp-content\/uploads\/20230811_141732-DE-Cochem-1024x453.jpg 1024w, https:\/\/adimlarim.com\/wp-content\/uploads\/20230811_141732-DE-Cochem-768x340.jpg 768w, https:\/\/adimlarim.com\/wp-content\/uploads\/20230811_141732-DE-Cochem-1536x680.jpg 1536w, https:\/\/adimlarim.com\/wp-content\/uploads\/20230811_141732-DE-Cochem-18x8.jpg 18w\" sizes=\"auto, (max-width: 1920px) 100vw, 1920px\" \/><\/a><\/figure>\n\n\n\n<p>Geri d\u00f6n\u00fc\u015f yolumuz bizi Beil\u00adstein y\u00f6n\u00fcne giden 200 numa\u00adral\u0131 keskin virajl\u0131 yoldan, til\u00adkiler ve hara\u00adbelerin bulun\u00addu\u011fu, peri masa\u00adlar\u0131na benzer g\u00fczel \u00e7ay\u0131r manzara\u00adla\u00adr\u0131ndan, ormanlar, tar\u00adlalar ve mera\u00adlardan sonra Mosel nehrine kadar g\u00f6t\u00fcrd\u00fc. Oraya var\u00add\u0131ktan sonra Mosel nehrin ak\u0131\u00ad\u015f\u0131n\u0131 takip etmek i\u00e7in 98 numaral\u0131 yol g\u00fczel bir f\u0131rsat ve bir an kendi\u00adnizi Cochem'de bulacak\u00ads\u0131n\u0131z. Cochem k\u00fc\u00e7\u00fck ve \u015firin bir kasaba ve Reichs\u00adburg Cochem'e g\u00f6rmek i\u00e7in k\u0131sa gezinti yapmak i\u00e7in ideal.<\/p>\n\n\n\n<p>G\u00f6r\u00fc\u015fmek \u00fczere gezginci dostlar<\/p>\n\n\n\n<div style=\"height:50px\" aria-hidden=\"true\" class=\"wp-block-spacer\"><\/div>\n\n\n\n<hr class=\"wp-block-separator alignwide has-alpha-channel-opacity\"\/>\n\n\n\n<figure class=\"wp-block-table is-style-stripes\"><table><tbody><tr><td>Seyahat \u00f6nerisi:<\/td><td>Geierlay asma k\u00f6pr\u00fcs\u00fc ve Mosel b\u00f6lgesi g\u00f6r\u00fcl\u00admeye de\u011fer ve anla\u00adt\u0131\u00adlandan \u00e7ok daha fazla\u00ads\u0131n\u0131 ke\u015ff\u00adede\u00adbilir\u00adsiniz.<\/td><\/tr><tr><td>Koordinatlar:<\/td><td>50.088559, 7.339724<\/td><\/tr><tr><td>Adresler:<\/td><td>Otopark Haupt\u00adstra\u00dfe 45-41, 56858 Sosberg, 50.078191, 7.338041<br>Sosberg oto\u00adpark\u0131, 50.078978, 7.337240<\/td><\/tr><tr><td>Mesafe:<\/td><td>Geierlay asma k\u00f6pr\u00fc \u2013 K\u00f6ln\/Kalk: 140 km<br>Geierlay asma k\u00f6pr\u00fc \u2013 \u0130stan\u00adbul\/Ba\u011flar\u00adba\u015f\u0131: 2.380 km<\/td><\/tr><tr><td>Y\u00fcr\u00fcy\u00fc\u015f rotalar\u0131:<\/td><td><a href=\"https:\/\/geierlay.de\/umgebung-erkunden\/\" target=\"_blank\" rel=\"noreferrer noopener nofollow\">Geierlay: Umgebung erkunden: Rund\u00adwege (\u00e7evreyi ke\u015ffetme: gidi\u015f-d\u00f6n\u00fc\u015fl\u00fc rotalar)<\/a><\/td><\/tr><tr><td>Yol \u00fcst\u00fc:<\/td><td>Aussichts\u00adturm Bell\/Hunsr\u00fcck (Seyir kulesi), 50.065271, 7.419932<\/td><\/tr><tr><td>Ek bilgi:<\/td><td><a href=\"https:\/\/www.ingenieur.de\/technik\/fachbereiche\/architektur\/mutprobe-fuer-ingenieure-gang-ueber-laengste-haengeseilbruecke-deutschlands\/\" target=\"_blank\" rel=\"noreferrer noopener nofollow\">Mutprobe f\u00fcr Ingenieure: Gang \u00fcber die l\u00e4ngste H\u00e4ngeseilbr\u00fccke Deutschlands (m\u00fchen\u00addisler i\u00e7in cesaret testi: Alman\u00adya'n\u0131n en uzun asma halat k\u00f6pr\u00fc\u00ads\u00fcnden y\u00fcr\u00fc\u00adyerek ge\u00e7mek)<\/a><\/td><\/tr><\/tbody><\/table><\/figure>","protected":false},"excerpt":{"rendered":"<p>Bu benim kendi ki\u015fisel maceram ola\u00adcakt\u0131. Huns\u00adr\u00fcck'teki bu asma k\u00f6pr\u00fcy\u00fc 6 adet s\u0131cak gal\u00advaniz\u00adli \u00e7elik halat 360 metre uzun\u00adlu\u011funda tut\u00admakta.<\/p>","protected":false},"author":5,"featured_media":2226,"comment_status":"open","ping_status":"closed","sticky":false,"template":"","format":"standard","meta":{"footnotes":""},"categories":[27,26,177,24,238,51],"tags":[280,281,282,219,283,284],"class_list":["post-2188","post","type-post","status-publish","format-standard","has-post-thumbnail","hentry","category-aussichtspunkte","category-bauwerke","category-deutschland","category-natur","category-reisen","category-wandern","tag-haengeseilbruecke-2","tag-hunsrueck-2","tag-moersdorf-2","tag-panorama","tag-rheinland-pfalz-2","tag-sosberg-2"],"yoast_head":"<!-- This site is optimized with the Yoast SEO plugin v25.6 - https:\/\/yoast.com\/wordpress\/plugins\/seo\/ -->\n<title>Deutsch\u00adland: Huns\u00adr\u00fcck: Geier\u00adlay H\u00e4nge\u00adseil\u00adbr\u00fccke - adimlarim.com<\/title>\n<meta name=\"description\" content=\"Wandern\" \/>\n<meta name=\"robots\" content=\"index, follow, max-snippet:-1, max-image-preview:large, max-video-preview:-1\" \/>\n<link rel=\"canonical\" href=\"https:\/\/adimlarim.com\/tr\/deutschland-hunsrueck-geierlay-haengeseilbruecke\/\" \/>\n<script type=\"application\/ld+json\" class=\"yoast-schema-graph\">{\"@context\":\"https:\/\/schema.org\",\"@graph\":[{\"@type\":\"Article\",\"@id\":\"https:\/\/adimlarim.com\/deutschland-hunsrueck-geierlay-haengeseilbruecke\/#article\",\"isPartOf\":{\"@id\":\"https:\/\/adimlarim.com\/deutschland-hunsrueck-geierlay-haengeseilbruecke\/\"},\"author\":{\"name\":\"ZNMAC\",\"@id\":\"https:\/\/adimlarim.com\/de\/#\/schema\/person\/c44c648a41b8519f8e022d74c6de7805\"},\"headline\":\"Deutsch\u00adland: Huns\u00adr\u00fcck: Geier\u00adlay H\u00e4nge\u00adseil\u00adbr\u00fccke\",\"datePublished\":\"2023-08-13T08:33:05+00:00\",\"dateModified\":\"2024-08-01T13:58:20+00:00\",\"mainEntityOfPage\":{\"@id\":\"https:\/\/adimlarim.com\/deutschland-hunsrueck-geierlay-haengeseilbruecke\/\"},\"wordCount\":868,\"commentCount\":2,\"publisher\":{\"@id\":\"https:\/\/adimlarim.com\/de\/#organization\"},\"image\":{\"@id\":\"https:\/\/adimlarim.com\/deutschland-hunsrueck-geierlay-haengeseilbruecke\/#primaryimage\"},\"thumbnailUrl\":\"https:\/\/adimlarim.com\/wp-content\/uploads\/20230811_125038-DE-Geierlay.jpg\",\"keywords\":[\"H\u00e4nge\u00adseil\u00adbr\u00fccke\",\"Huns\u00adr\u00fcck\",\"M\u00f6rs\u00addorf\",\"Panorama\",\"Rhein\u00adland-Pfalz\",\"Sos\u00adberg\"],\"articleSection\":[\"Aussichts\u00adpunkte\",\"Bau\u00adwerke\",\"Deutsch\u00adland\",\"Natur\",\"Reisen\",\"Wandern\"],\"inLanguage\":\"tr\",\"potentialAction\":[{\"@type\":\"CommentAction\",\"name\":\"Comment\",\"target\":[\"https:\/\/adimlarim.com\/deutschland-hunsrueck-geierlay-haengeseilbruecke\/#respond\"]}]},{\"@type\":\"WebPage\",\"@id\":\"https:\/\/adimlarim.com\/deutschland-hunsrueck-geierlay-haengeseilbruecke\/\",\"url\":\"https:\/\/adimlarim.com\/deutschland-hunsrueck-geierlay-haengeseilbruecke\/\",\"name\":\"Deutsch\u00adland: Huns\u00adr\u00fcck: Geier\u00adlay H\u00e4nge\u00adseil\u00adbr\u00fccke - adimlarim.com\",\"isPartOf\":{\"@id\":\"https:\/\/adimlarim.com\/de\/#website\"},\"primaryImageOfPage\":{\"@id\":\"https:\/\/adimlarim.com\/deutschland-hunsrueck-geierlay-haengeseilbruecke\/#primaryimage\"},\"image\":{\"@id\":\"https:\/\/adimlarim.com\/deutschland-hunsrueck-geierlay-haengeseilbruecke\/#primaryimage\"},\"thumbnailUrl\":\"https:\/\/adimlarim.com\/wp-content\/uploads\/20230811_125038-DE-Geierlay.jpg\",\"datePublished\":\"2023-08-13T08:33:05+00:00\",\"dateModified\":\"2024-08-01T13:58:20+00:00\",\"description\":\"Wandern\",\"breadcrumb\":{\"@id\":\"https:\/\/adimlarim.com\/deutschland-hunsrueck-geierlay-haengeseilbruecke\/#breadcrumb\"},\"inLanguage\":\"tr\",\"potentialAction\":[{\"@type\":\"ReadAction\",\"target\":[\"https:\/\/adimlarim.com\/deutschland-hunsrueck-geierlay-haengeseilbruecke\/\"]}]},{\"@type\":\"ImageObject\",\"inLanguage\":\"tr\",\"@id\":\"https:\/\/adimlarim.com\/deutschland-hunsrueck-geierlay-haengeseilbruecke\/#primaryimage\",\"url\":\"https:\/\/adimlarim.com\/wp-content\/uploads\/20230811_125038-DE-Geierlay.jpg\",\"contentUrl\":\"https:\/\/adimlarim.com\/wp-content\/uploads\/20230811_125038-DE-Geierlay.jpg\",\"width\":1920,\"height\":800,\"caption\":\"Geierlay H\u00e4ngeseilbr\u00fccke; Geierlay asma halat k\u00f6pr\u00fcs\u00fc\"},{\"@type\":\"BreadcrumbList\",\"@id\":\"https:\/\/adimlarim.com\/deutschland-hunsrueck-geierlay-haengeseilbruecke\/#breadcrumb\",\"itemListElement\":[{\"@type\":\"ListItem\",\"position\":1,\"name\":\"Startseite\",\"item\":\"https:\/\/adimlarim.com\/de\/\"},{\"@type\":\"ListItem\",\"position\":2,\"name\":\"Deutsch\u00adland: Huns\u00adr\u00fcck: Geier\u00adlay H\u00e4nge\u00adseil\u00adbr\u00fccke\"}]},{\"@type\":\"WebSite\",\"@id\":\"https:\/\/adimlarim.com\/de\/#website\",\"url\":\"https:\/\/adimlarim.com\/de\/\",\"name\":\"Ad\u0131mlar\u0131m\",\"description\":\"jede Reise beginnt mit den ersten Schritten\",\"publisher\":{\"@id\":\"https:\/\/adimlarim.com\/de\/#organization\"},\"alternateName\":\"Adimlarim\",\"potentialAction\":[{\"@type\":\"SearchAction\",\"target\":{\"@type\":\"EntryPoint\",\"urlTemplate\":\"https:\/\/adimlarim.com\/de\/?s={search_term_string}\"},\"query-input\":{\"@type\":\"PropertyValueSpecification\",\"valueRequired\":true,\"valueName\":\"search_term_string\"}}],\"inLanguage\":\"tr\"},{\"@type\":\"Organization\",\"@id\":\"https:\/\/adimlarim.com\/de\/#organization\",\"name\":\"Ad\u0131mlar\u0131m\",\"url\":\"https:\/\/adimlarim.com\/de\/\",\"logo\":{\"@type\":\"ImageObject\",\"inLanguage\":\"tr\",\"@id\":\"https:\/\/adimlarim.com\/de\/#\/schema\/logo\/image\/\",\"url\":\"https:\/\/adimlarim.com\/wp-content\/uploads\/adimlarim.com_.perspektive.kontur.verlauf.blau_.header.png\",\"contentUrl\":\"https:\/\/adimlarim.com\/wp-content\/uploads\/adimlarim.com_.perspektive.kontur.verlauf.blau_.header.png\",\"width\":401,\"height\":319,\"caption\":\"Ad\u0131mlar\u0131m\"},\"image\":{\"@id\":\"https:\/\/adimlarim.com\/de\/#\/schema\/logo\/image\/\"}},{\"@type\":\"Person\",\"@id\":\"https:\/\/adimlarim.com\/de\/#\/schema\/person\/c44c648a41b8519f8e022d74c6de7805\",\"name\":\"ZNMAC\",\"url\":\"https:\/\/adimlarim.com\/tr\/author\/znmac\/\"}]}<\/script>\n<!-- \/ Yoast SEO plugin. -->","yoast_head_json":{"title":"Deutsch\u00adland: Huns\u00adr\u00fcck: Geier\u00adlay H\u00e4nge\u00adseil\u00adbr\u00fccke - adimlarim.com","description":"Do\u011fa y\u00fcr\u00fcy\u00fc\u015f\u00fc","robots":{"index":"index","follow":"follow","max-snippet":"max-snippet:-1","max-image-preview":"max-image-preview:large","max-video-preview":"max-video-preview:-1"},"canonical":"https:\/\/adimlarim.com\/tr\/deutschland-hunsrueck-geierlay-haengeseilbruecke\/","schema":{"@context":"https:\/\/schema.org","@graph":[{"@type":"Article","@id":"https:\/\/adimlarim.com\/deutschland-hunsrueck-geierlay-haengeseilbruecke\/#article","isPartOf":{"@id":"https:\/\/adimlarim.com\/deutschland-hunsrueck-geierlay-haengeseilbruecke\/"},"author":{"name":"ZNMAC","@id":"https:\/\/adimlarim.com\/de\/#\/schema\/person\/c44c648a41b8519f8e022d74c6de7805"},"headline":"Deutsch\u00adland: Huns\u00adr\u00fcck: Geier\u00adlay H\u00e4nge\u00adseil\u00adbr\u00fccke","datePublished":"2023-08-13T08:33:05+00:00","dateModified":"2024-08-01T13:58:20+00:00","mainEntityOfPage":{"@id":"https:\/\/adimlarim.com\/deutschland-hunsrueck-geierlay-haengeseilbruecke\/"},"wordCount":868,"commentCount":2,"publisher":{"@id":"https:\/\/adimlarim.com\/de\/#organization"},"image":{"@id":"https:\/\/adimlarim.com\/deutschland-hunsrueck-geierlay-haengeseilbruecke\/#primaryimage"},"thumbnailUrl":"https:\/\/adimlarim.com\/wp-content\/uploads\/20230811_125038-DE-Geierlay.jpg","keywords":["H\u00e4nge\u00adseil\u00adbr\u00fccke","Huns\u00adr\u00fcck","M\u00f6rs\u00addorf","Panorama","Rhein\u00adland-Pfalz","Sos\u00adberg"],"articleSection":["Aussichts\u00adpunkte","Bau\u00adwerke","Deutsch\u00adland","Natur","Reisen","Wandern"],"inLanguage":"tr","potentialAction":[{"@type":"CommentAction","name":"Comment","target":["https:\/\/adimlarim.com\/deutschland-hunsrueck-geierlay-haengeseilbruecke\/#respond"]}]},{"@type":"WebPage","@id":"https:\/\/adimlarim.com\/deutschland-hunsrueck-geierlay-haengeseilbruecke\/","url":"https:\/\/adimlarim.com\/deutschland-hunsrueck-geierlay-haengeseilbruecke\/","name":"Deutsch\u00adland: Huns\u00adr\u00fcck: Geier\u00adlay H\u00e4nge\u00adseil\u00adbr\u00fccke - adimlarim.com","isPartOf":{"@id":"https:\/\/adimlarim.com\/de\/#website"},"primaryImageOfPage":{"@id":"https:\/\/adimlarim.com\/deutschland-hunsrueck-geierlay-haengeseilbruecke\/#primaryimage"},"image":{"@id":"https:\/\/adimlarim.com\/deutschland-hunsrueck-geierlay-haengeseilbruecke\/#primaryimage"},"thumbnailUrl":"https:\/\/adimlarim.com\/wp-content\/uploads\/20230811_125038-DE-Geierlay.jpg","datePublished":"2023-08-13T08:33:05+00:00","dateModified":"2024-08-01T13:58:20+00:00","description":"Do\u011fa y\u00fcr\u00fcy\u00fc\u015f\u00fc","breadcrumb":{"@id":"https:\/\/adimlarim.com\/deutschland-hunsrueck-geierlay-haengeseilbruecke\/#breadcrumb"},"inLanguage":"tr","potentialAction":[{"@type":"ReadAction","target":["https:\/\/adimlarim.com\/deutschland-hunsrueck-geierlay-haengeseilbruecke\/"]}]},{"@type":"ImageObject","inLanguage":"tr","@id":"https:\/\/adimlarim.com\/deutschland-hunsrueck-geierlay-haengeseilbruecke\/#primaryimage","url":"https:\/\/adimlarim.com\/wp-content\/uploads\/20230811_125038-DE-Geierlay.jpg","contentUrl":"https:\/\/adimlarim.com\/wp-content\/uploads\/20230811_125038-DE-Geierlay.jpg","width":1920,"height":800,"caption":"Geierlay H\u00e4ngeseilbr\u00fccke; Geierlay asma halat k\u00f6pr\u00fcs\u00fc"},{"@type":"BreadcrumbList","@id":"https:\/\/adimlarim.com\/deutschland-hunsrueck-geierlay-haengeseilbruecke\/#breadcrumb","itemListElement":[{"@type":"ListItem","position":1,"name":"Startseite","item":"https:\/\/adimlarim.com\/de\/"},{"@type":"ListItem","position":2,"name":"Deutsch\u00adland: Huns\u00adr\u00fcck: Geier\u00adlay H\u00e4nge\u00adseil\u00adbr\u00fccke"}]},{"@type":"WebSite","@id":"https:\/\/adimlarim.com\/de\/#website","url":"https:\/\/adimlarim.com\/de\/","name":"Ad\u0131mlar\u0131m","description":"jede Reise beginnt mit den ersten Schritten","publisher":{"@id":"https:\/\/adimlarim.com\/de\/#organization"},"alternateName":"Adimlarim","potentialAction":[{"@type":"SearchAction","target":{"@type":"EntryPoint","urlTemplate":"https:\/\/adimlarim.com\/de\/?s={search_term_string}"},"query-input":{"@type":"PropertyValueSpecification","valueRequired":true,"valueName":"search_term_string"}}],"inLanguage":"tr"},{"@type":"Organization","@id":"https:\/\/adimlarim.com\/de\/#organization","name":"Ad\u0131mlar\u0131m","url":"https:\/\/adimlarim.com\/de\/","logo":{"@type":"ImageObject","inLanguage":"tr","@id":"https:\/\/adimlarim.com\/de\/#\/schema\/logo\/image\/","url":"https:\/\/adimlarim.com\/wp-content\/uploads\/adimlarim.com_.perspektive.kontur.verlauf.blau_.header.png","contentUrl":"https:\/\/adimlarim.com\/wp-content\/uploads\/adimlarim.com_.perspektive.kontur.verlauf.blau_.header.png","width":401,"height":319,"caption":"Ad\u0131mlar\u0131m"},"image":{"@id":"https:\/\/adimlarim.com\/de\/#\/schema\/logo\/image\/"}},{"@type":"Person","@id":"https:\/\/adimlarim.com\/de\/#\/schema\/person\/c44c648a41b8519f8e022d74c6de7805","name":"ZNMAC","url":"https:\/\/adimlarim.com\/tr\/author\/znmac\/"}]}},"_links":{"self":[{"href":"https:\/\/adimlarim.com\/tr\/wp-json\/wp\/v2\/posts\/2188","targetHints":{"allow":["GET"]}}],"collection":[{"href":"https:\/\/adimlarim.com\/tr\/wp-json\/wp\/v2\/posts"}],"about":[{"href":"https:\/\/adimlarim.com\/tr\/wp-json\/wp\/v2\/types\/post"}],"author":[{"embeddable":true,"href":"https:\/\/adimlarim.com\/tr\/wp-json\/wp\/v2\/users\/5"}],"replies":[{"embeddable":true,"href":"https:\/\/adimlarim.com\/tr\/wp-json\/wp\/v2\/comments?post=2188"}],"version-history":[{"count":0,"href":"https:\/\/adimlarim.com\/tr\/wp-json\/wp\/v2\/posts\/2188\/revisions"}],"wp:featuredmedia":[{"embeddable":true,"href":"https:\/\/adimlarim.com\/tr\/wp-json\/wp\/v2\/media\/2226"}],"wp:attachment":[{"href":"https:\/\/adimlarim.com\/tr\/wp-json\/wp\/v2\/media?parent=2188"}],"wp:term":[{"taxonomy":"category","embeddable":true,"href":"https:\/\/adimlarim.com\/tr\/wp-json\/wp\/v2\/categories?post=2188"},{"taxonomy":"post_tag","embeddable":true,"href":"https:\/\/adimlarim.com\/tr\/wp-json\/wp\/v2\/tags?post=2188"}],"curies":[{"name":"wp","href":"https:\/\/api.w.org\/{rel}","templated":true}]}}