{"id":2247,"date":"2023-08-16T13:04:32","date_gmt":"2023-08-16T11:04:32","guid":{"rendered":"https:\/\/adimlarim.com\/?p=2247"},"modified":"2024-08-01T09:25:03","modified_gmt":"2024-08-01T07:25:03","slug":"koeln-rohmilch-taze-suet","status":"publish","type":"post","link":"https:\/\/adimlarim.com\/tr\/koeln-rohmilch-taze-suet\/","title":{"rendered":"Almanya: K\u00f6ln: \u00c7ift\u00ad\u00e7iden taze s\u00fct (\u00e7i\u011f s\u00fct)"},"content":{"rendered":"<p>\u00c7i\u011f s\u00fctten yap\u0131lan yo\u011fur\u00addun tad\u0131 \u00e7ok daha fark\u00adl\u0131, \u00e7ok daha g\u00fczel. 60'l\u0131 y\u0131l\u00adlar\u00adda - \u015fehir\u00adde ya\u015f\u0131\u00adyorduk - annem elime para ve \u00e7ift\u00adlik\u00adler\u00addeki eski b\u00fcy\u00fck s\u00fct kap\u00adlar\u0131na ben\u00adzeyen bir kap s\u0131k\u0131\u015f\u00adt\u0131\u00adr\u0131r\u00add\u0131 ve beni s\u00fct\u00ad\u00e7\u00fcye yol\u00adlard\u0131. Makine\u00adle\u015f\u00admi\u015f s\u00fct hay\u00advan\u00adc\u0131\u00adl\u0131\u011f\u0131n\u0131n orta\u00adya \u00e7\u0131kma\u00ads\u0131n\u00addan sonra bu kaplar art\u0131k sadece tarih oldu ya da antika olarak sat\u0131\u00adl\u0131yor. D\u00fckkan\u00adda yan\u0131mda getir\u00addi\u011fim kaba s\u00fct\u00fc aktar\u0131r\u00adlard\u0131, 1 litre'nin fiyat\u0131 60 Pfennig ile 1 DM aras\u0131n\u00addayd\u0131. \u00dccreti \u00f6de\u00addik\u00adten sonra eve d\u00f6ner\u00adken s\u00fct\u00fc d\u00f6k\u00adme\u00admek i\u00e7in hayli zor\u00adla\u00adn\u0131rd\u0131m.<\/p>\n\n\n\n<p>Birka\u00e7 y\u0131l sonra s\u00fcper\u00admarket\u00adlerde tor\u00adbaya benzer plastik amba\u00adlaj\u0131n i\u00e7inde s\u00fct sat\u0131l\u00admaya ba\u015f\u00adland\u0131. Nere\u00addeyse i\u00e7i dolu dik\u00add\u00f6rt\u00adgen bir balona benzi\u00adyor\u00addu. \u00d6zel sat\u0131n al\u0131nan me\u011firli bir kab\u0131n i\u00e7ine bu amba\u00adlajl\u0131 s\u00fct yerle\u015f\u00adti\u00adri\u00adlirdi. Aksi tak\u00addirde, s\u00fct\u00fc d\u00f6kmek bazen bir fela\u00adkete d\u00f6n\u00fc\u00ad\u015f\u00fcrd\u00fc. Bir zaman sonra Tetra\u00adpak (d\u0131\u015f\u0131 karton i\u00e7i plastik kapl\u0131) amba\u00adlajlar ortaya \u00e7\u0131kt\u0131.<\/p>\n\n\n\n<p>\u00c7i\u011f s\u00fct pi\u015firil\u00adme\u00addi\u011finde h\u0131zla bozul\u00adma ve bazen ek\u015fi\u00admi\u015f s\u00fct haline gelme \u00f6zel\u00adli\u011fine sahip. Ayr\u0131ca \u00e7i\u011f s\u00fct bazen bula\u00ad\u015f\u0131c\u0131 has\u00adta\u00adl\u0131k ta\u015f\u0131\u00adya\u00adbil\u00admekte, \u00f6zel\u00adlikle k\u00fc\u00e7\u00fck \u00e7ocuk\u00adlarda ciddi hasta\u00adl\u0131k\u00adlara yol a\u00e7a\u00adbilir. Bu neden\u00adle s\u00fctte bulunan mikrop\u00adlar\u0131 \u00f6ld\u00fcr\u00admek ve dayan\u0131k\u00adl\u0131\u011f\u0131n\u0131 art\u0131r\u00admak i\u00e7in s\u00fct \u0131s\u0131\u00adt\u0131\u00adlarak past\u00f6rize edilir.<\/p>\n\n\n\n<p>Saadece o zamanlar s\u00fct\u00fcn homo\u00adjenize edi\u00adlip edil\u00adme\u00addi\u011fini tam olarak hat\u0131r\u00adlaya\u00adm\u0131\u00adyorum - muhte\u00admelen \u00f6yleydi. \u00c7ocuk\u00adken \u00e7i\u011f s\u00fct i\u00e7ti\u011fimi tad\u0131\u00adn\u0131n fark\u00adl\u0131 ol\u00addu\u011funu hat\u0131r\u00adl\u0131yorum. Bu homojen\u00adle\u015f\u00adtirme i\u015flemi s\u00fct\u00fcn koku\u00adsunu ve ta\u00add\u0131n\u0131 de\u011fi\u015f\u00adtir\u00addi\u011fi gibi i\u015flen\u00addi\u011finde reak\u00adsi\u00adyonunu da de\u011fi\u015f\u00adtirir. Homo\u00adjenize edil\u00admemi\u015f s\u00fct, s\u0131v\u0131, ya\u011f ve di\u011fer \u00f6ge\u00adlerin daha h\u0131z\u00adl\u0131 ayr\u0131\u015f\u00admas\u0131 gibi bir \u00f6zel\u00adli\u011fe sahip\u00adtir. \u00d6rne\u011fin, s\u00fct\u00adl\u00fc kahvenin \u00fcst\u00fcnde bu nedenle ya\u011f taba\u00adkas\u0131 olu\u015fur, rengi de farkl\u0131 olur - deneyin.<\/p>\n\n\n\n<p>\"S\u00fct\" konusunu ele alan \u00e7ok ilgin\u00e7 almanca bir makale tavsiye ederim \"<a href=\"http:\/\/blog.hofhuhn.de\/gedanken-eines-landwirtes-zum-milchkauf\/\" target=\"_blank\" rel=\"noreferrer noopener nofollow\">Ge\u00addan\u00adken eines Land\u00adwirtes zum Milch\u00adkauf<\/a>\" (bir \u00e7ift\u00ad\u00e7inin s\u00fct sat\u0131n alma konu\u00adsun\u00addaki d\u00fc\u015f\u00fcn\u00adce\u00adleri). Son sat\u0131r\u0131na kadar \u00e7ok bilgi\u00adlen\u00addi\u00adrici, bil\u00admedi\u011fim o kadar \u00e7ok \u015fey var\u00adm\u0131\u015f ki - bil\u00adhassa ucuz sat\u0131lan s\u00fct\u00fcn ne kadar yo\u011fun bir \u015fekil\u00adde i\u015flen\u00admi\u015f ol\u00addu\u011fu. Bay Ingmar Jaschok'un (Blog Hof\u00adhuhn) s\u00f6z\u00adleriy\u00adle aktar\u00admak gere\u00adkirse s\u00fct\u00fc biz \"... past\u00f6rize edi\u00adyoruz, homo\u00adjenize edi\u00adyoruz, ultra y\u00fcksek dere\u00adcede \u0131s\u0131t\u0131\u00adyoruz, madde\u00adle\u00adrini ay\u0131r\u0131\u00adyoruz ve tekrar birle\u015f\u00adti\u00adri\u00adyoruz\". S\u00fct\u00fcn yol\u00adculu\u011fu s\u00fctl\u00fc kahvede bitene dek hangi a\u015fama\u00adlar\u00addan ge\u00e7iyor? Uzman ol\u00adma\u00add\u0131\u011f\u0131m\u0131 belir\u00adterek tah\u00adminim bu:<\/p>\n\n\n\n<figure class=\"wp-block-table is-style-stripes\"><table><tbody><tr><td><\/td><td><strong>homojenize + past\u00f6rize S\u00dcT<\/strong><\/td><td><strong>\u00e7i\u011f S\u00dcT<\/strong><\/td><\/tr><tr><td><\/td><td>inekten sa\u011f\u0131l\u0131r<\/td><td>inekten sa\u011f\u0131l\u0131r<\/td><\/tr><tr><td><\/td><td>tankerlere y\u00fck\u00adlenir (bir s\u00fct tankeri Almanya'da orta\u00adlama ne kadar yol kat eder?)<\/td><td>araba ile al\u0131n\u0131r (bende toplam 35 km yol)<\/td><\/tr><tr><td><\/td><td>maddeleri ayr\u0131l\u0131r<\/td><td><\/td><\/tr><tr><td><\/td><td>gereken ya\u011f mik\u00adta\u00adr\u0131na uygun yeniden birle\u015f\u00adtirilir<\/td><td><\/td><\/tr><tr><td><\/td><td>mikroplar past\u00f6rize edilerek \u00f6ld\u00fc\u00adr\u00fcl\u00fcr<\/td><td>tencerede \u0131s\u0131\u00adt\u0131l\u0131r<\/td><\/tr><tr><td><\/td><td>mikron \u00f6l\u00e7\u00fc\u00adlerinde delik\u00adli s\u00fczge\u00e7\u00adlerden bas\u0131n\u00e7\u00adla ge\u00e7i\u00adrilir<\/td><td><\/td><\/tr><tr><td><\/td><td>\u00e7o\u011funlukla plastik kar\u00adton (Tetra) amba\u00adlaj\u00adlara doldu\u00adrulur<\/td><td>yeniden kullan\u0131\u00adla\u00adbilir kaplara bo\u015fal\u00adt\u0131l\u0131r<\/td><\/tr><tr><td><\/td><td>kamyonlarla ma\u011faza\u00adlara da\u011f\u0131\u00adt\u0131l\u0131r<\/td><td><\/td><\/tr><tr><td><\/td><td>d\u00fckkana gidilir ve d\u00f6n\u00fcl\u00fcr (y\u00fcr\u00fcyerek, bisikletle, arabayla ...)<\/td><td><\/td><\/tr><tr><td><\/td><td>ma\u011faza dolab\u0131ndan veya buz\u00addola\u00adb\u0131n\u00addan al\u0131n\u0131r<\/td><td>buzdolab\u0131ndan \u00e7\u0131kar\u00adt\u0131l\u0131r<\/td><\/tr><\/tbody><\/table><\/figure>\n\n\n\n<p>S\u00fct daha az i\u015flensin, sadece mikrop\u00adlar\u0131 \u00f6ld\u00fcr\u00admek i\u00e7in pas\u00adt\u00f6\u00adrize edilsin. Sonra da \u00fcze\u00adrinde \"ya\u011f i\u00e7eri\u011fi %3 - 5\" yazan bir etiket yap\u0131\u015f\u00adt\u0131\u00adr\u0131ls\u0131n. %3,5 gibi kesin bir ya\u011f da\u011f\u0131\u00adl\u0131m\u0131 ve\/veya homo\u00adjenize istiyen t\u00fcke\u00adti\u00adciye \"bile\u015f\u00adti\u00adril\u00admi\u015f s\u00fct\" veya \"i\u015flen\u00admi\u015f s\u00fct\" ad\u0131nda \u00fcr\u00fcn olarak sat\u0131l\u00ads\u0131n, neden olmas\u0131n? Kim b\u00f6yle bir s\u00fct sat\u0131n al\u0131r? Sonu\u00e7ta maydano\u00adzunda karbon\u00adhidrat i\u00e7e\u00adri\u011finin 100 gramda tam olarak 6 g ol\u00addu\u011funu garanti ede\u00admez\u00adsiniz! Sizce bitki suyu, damar\u00adlar\u0131, yaprak\u00adlar\u0131n ye\u015fili ayr\u0131\u00adl\u0131p mad\u00adde\u00adleri tekrar birle\u015f\u00adti\u00adrilen bir may\u00addanoz yine de may\u00addanoz say\u0131l\u0131r m\u0131?<\/p>\n\n\n\n<p>S\u00fct daha az i\u015flensin, sadece mikrop\u00adlar\u0131 \u00f6ld\u00fcr\u00admek i\u00e7in pas\u00adt\u00f6\u00adrize edilsin. Sonra da \u00fcze\u00adrinde \"ya\u011f i\u00e7eri\u011fi %3 - 5\" yazan bir etiket yap\u0131\u015f\u00adt\u0131\u00adr\u0131ls\u0131n. %3,5 gibi kesin bir ya\u011f da\u011f\u0131\u00adl\u0131m\u0131 ve\/veya homo\u00adjenize istiyen t\u00fcke\u00adti\u00adciye \"bile\u015f\u00adti\u00adril\u00admi\u015f s\u00fct\" veya \"i\u015flen\u00admi\u015f s\u00fct\" ad\u0131nda \u00fcr\u00fcn olarak sat\u0131l\u00ads\u0131n, neden olmas\u0131n? Kim b\u00f6yle bir s\u00fct sat\u0131n al\u0131r? Sonu\u00e7ta maydano\u00adzunda karbon\u00adhidrat i\u00e7e\u00adri\u011finin 100 gramda tam olarak 6 g ol\u00addu\u011funu garanti ede\u00admez\u00adsiniz! Sizce bitki suyu, damar\u00adlar\u0131, yaprak\u00adlar\u0131n ye\u015fili ayr\u0131\u00adl\u0131p mad\u00adde\u00adleri tekrar birle\u015f\u00adti\u00adrilen bir may\u00addanoz yine de may\u00addanoz say\u0131l\u0131r m\u0131?<\/p>\n\n\n\n<p>Ama \u015fimdi as\u0131l konumuza geri d\u00f6nelim. \u00c7evrem\u00addeki pek \u00e7ok ki\u015fi bana \u00e7i\u011f s\u00fct\u00fc nere\u00adden al\u00add\u0131\u011f\u0131m\u0131 soruyor. Bil\u00addi\u011fim kada\u00adr\u0131yla K\u00f6ln'de \u00e7i\u011f s\u00fct satan bir yer yok, aksini kan\u0131t\u00adl\u0131yan beni mutlu eder. <\/p>\n\n\n\n<p>Bir i\u015f arkada\u015f\u0131m aksini bana kan\u0131t\u00adlad\u0131. Vingst'teki hafta\u00adl\u0131k pazarda \u00e7i\u011f inek s\u00fct\u00fc sat\u0131l\u00add\u0131\u011f\u0131n\u0131 ve hatta ba\u015fka bir tez\u00adgahta manda s\u00fct\u00fc de sat\u0131l\u00add\u0131\u011f\u0131n\u0131 bil\u00addirdi. Kendi ke\u015ffim de \u015fu oldu, Buch\u00adforst paza\u00adr\u0131nda da \u00e7i\u011f s\u00fct me\u011fer sat\u0131\u00adl\u0131\u00adyormu\u015f. Ancak steri\u00adlize etti\u011finiz cam \u015fi\u015fe\u00adle\u00adrinizi bir\u00adlikte getirin. Bununla bir\u00adlikte K\u00f6ln taraf\u00adlar\u0131nda \u00e7i\u011f s\u00fct sat\u0131n almak i\u00e7in baz\u0131 olanak\u00adlar halen daha var - \u00e7o\u011fun\u00adlukla \u00e7ift\u00adlik\u00adlerden.<\/p>\n\n\n\n<p>S\u00fct almaya gider\u00adken e\u015finize ve dostunu\u00adza haber ver\u00admeniz eko\u00adlojik neden\u00adlerden dolay\u0131 daha faydal\u0131 olur. Hem \u00e7evre kirlen\u00admesi \u00f6nle\u00adnir, hemde sarf et\u00adti\u011finiz benzin mas\u00adraf\u0131 litre ba\u015f\u0131 azal\u0131r.<\/p>\n\n\n\n<p>Afiyet olsun s\u00fct sevenler<\/p>\n\n\n\n<div style=\"height:50px\" aria-hidden=\"true\" class=\"wp-block-spacer\"><\/div>\n\n\n\n<hr class=\"wp-block-separator alignwide has-alpha-channel-opacity\"\/>\n\n\n\n<figure class=\"wp-block-table is-style-stripes\"><table><tbody><tr><td><\/td><td>Sat\u0131n ala\u00adbili\u00adce\u011finiz yerler<br>(Milch\u00adtank\u00adstellen = \"s\u00fct istas\u00adyonlar\")<\/td><td>K\u00f6ln'den (PLZ 51103) Mesafe:<br>Bauernhof Haus Attenbach, Haus Attenbach 1, 53773 Hennef: 40 km<br>Flerzheimer Milchb\u00fcdchen, Swistaue 12, 53359 Flerzheim: 48 km<br>Bauernhof H\u00f6ck, Im Hammersch 13A, 53797 Lohmar: 23 km<br>Biohof K\u00fcrten, Herweg 1, 51688 Wipperf\u00fcrth: 38 km<br>Bauernhof Landwehr, Siefen 33, 51467 Bergisch Gladbach: 17 km<br>Gut Lerbach, Oberlerbach 5, 51465 Bergisch Gladbach: 16 km<br>Hof Lukas, Gro\u00dfschwamborn 12, 51491 Overath: 22 km<br>Hof von Ramminger, Ruppichterotherstra\u00dfe 13, 53783 Eitorf: 53 km<br>Vorderm\u00fchlen Hof, Vorderm\u00fchle 4, 51688 Wipperf\u00fcrth: 48 km<\/td><\/tr><\/tbody><\/table><\/figure>\n\n\n\n<div style=\"height:50%\" aria-hidden=\"true\" class=\"wp-block-spacer\"><\/div>","protected":false},"excerpt":{"rendered":"<p>Mutlu inek\u00adlerden elde edilen s\u00fct\u00fcn tad\u0131 farkl\u0131 m\u0131d\u0131r? 60'l\u0131 y\u0131l\u00adlar\u00adda annem elime para ve kap s\u0131k\u0131\u015f\u00adt\u0131\u00adr\u0131r\u00add\u0131 ve beni s\u00fct\u00ad\u00e7\u00fcye yol\u00adlard\u0131.<\/p>","protected":false},"author":5,"featured_media":2296,"comment_status":"open","ping_status":"closed","sticky":false,"template":"","format":"standard","meta":{"footnotes":""},"categories":[116,177,110],"tags":[129,131,145,234],"class_list":["post-2247","post","type-post","status-publish","format-standard","has-post-thumbnail","hentry","category-blog","category-deutschland","category-essen-und-trinken","tag-dies-und-das","tag-koeln","tag-nordrhein-westfalen","tag-rohmilch"],"yoast_head":"<!-- This site is optimized with the Yoast SEO plugin v25.6 - https:\/\/yoast.com\/wordpress\/plugins\/seo\/ -->\n<title>Deutsch\u00adland: K\u00f6ln: frische Milch (Roh\u00admilch) vom Bauern - adimlarim.com<\/title>\n<meta name=\"description\" content=\"Blog\" \/>\n<meta name=\"robots\" content=\"index, follow, max-snippet:-1, max-image-preview:large, max-video-preview:-1\" \/>\n<link rel=\"canonical\" href=\"https:\/\/adimlarim.com\/tr\/koeln-rohmilch-taze-suet\/\" \/>\n<script type=\"application\/ld+json\" class=\"yoast-schema-graph\">{\"@context\":\"https:\/\/schema.org\",\"@graph\":[{\"@type\":\"Article\",\"@id\":\"https:\/\/adimlarim.com\/koeln-rohmilch-taze-suet\/#article\",\"isPartOf\":{\"@id\":\"https:\/\/adimlarim.com\/koeln-rohmilch-taze-suet\/\"},\"author\":{\"name\":\"ZNMAC\",\"@id\":\"https:\/\/adimlarim.com\/de\/#\/schema\/person\/c44c648a41b8519f8e022d74c6de7805\"},\"headline\":\"Deutsch\u00adland: K\u00f6ln: frische Milch (Roh\u00admilch) vom Bauern\",\"datePublished\":\"2023-08-16T11:04:32+00:00\",\"dateModified\":\"2024-08-01T07:25:03+00:00\",\"mainEntityOfPage\":{\"@id\":\"https:\/\/adimlarim.com\/koeln-rohmilch-taze-suet\/\"},\"wordCount\":1288,\"commentCount\":2,\"publisher\":{\"@id\":\"https:\/\/adimlarim.com\/de\/#organization\"},\"image\":{\"@id\":\"https:\/\/adimlarim.com\/koeln-rohmilch-taze-suet\/#primaryimage\"},\"thumbnailUrl\":\"https:\/\/adimlarim.com\/wp-content\/uploads\/Rohmilch-von-Kuehen.jpg\",\"keywords\":[\"Dies und Das\",\"K\u00f6ln\",\"Nordrhein-Westfalen\",\"Rohmilch\"],\"articleSection\":[\"Blog\",\"Deutsch\u00adland\",\"Essen + Trinken\"],\"inLanguage\":\"tr\",\"potentialAction\":[{\"@type\":\"CommentAction\",\"name\":\"Comment\",\"target\":[\"https:\/\/adimlarim.com\/koeln-rohmilch-taze-suet\/#respond\"]}]},{\"@type\":\"WebPage\",\"@id\":\"https:\/\/adimlarim.com\/koeln-rohmilch-taze-suet\/\",\"url\":\"https:\/\/adimlarim.com\/koeln-rohmilch-taze-suet\/\",\"name\":\"Deutsch\u00adland: K\u00f6ln: frische Milch (Roh\u00admilch) vom Bauern - adimlarim.com\",\"isPartOf\":{\"@id\":\"https:\/\/adimlarim.com\/de\/#website\"},\"primaryImageOfPage\":{\"@id\":\"https:\/\/adimlarim.com\/koeln-rohmilch-taze-suet\/#primaryimage\"},\"image\":{\"@id\":\"https:\/\/adimlarim.com\/koeln-rohmilch-taze-suet\/#primaryimage\"},\"thumbnailUrl\":\"https:\/\/adimlarim.com\/wp-content\/uploads\/Rohmilch-von-Kuehen.jpg\",\"datePublished\":\"2023-08-16T11:04:32+00:00\",\"dateModified\":\"2024-08-01T07:25:03+00:00\",\"description\":\"Blog\",\"breadcrumb\":{\"@id\":\"https:\/\/adimlarim.com\/koeln-rohmilch-taze-suet\/#breadcrumb\"},\"inLanguage\":\"tr\",\"potentialAction\":[{\"@type\":\"ReadAction\",\"target\":[\"https:\/\/adimlarim.com\/koeln-rohmilch-taze-suet\/\"]}]},{\"@type\":\"ImageObject\",\"inLanguage\":\"tr\",\"@id\":\"https:\/\/adimlarim.com\/koeln-rohmilch-taze-suet\/#primaryimage\",\"url\":\"https:\/\/adimlarim.com\/wp-content\/uploads\/Rohmilch-von-Kuehen.jpg\",\"contentUrl\":\"https:\/\/adimlarim.com\/wp-content\/uploads\/Rohmilch-von-Kuehen.jpg\",\"width\":1920,\"height\":800,\"caption\":\"K\u00fche auf der Weide\"},{\"@type\":\"BreadcrumbList\",\"@id\":\"https:\/\/adimlarim.com\/koeln-rohmilch-taze-suet\/#breadcrumb\",\"itemListElement\":[{\"@type\":\"ListItem\",\"position\":1,\"name\":\"Startseite\",\"item\":\"https:\/\/adimlarim.com\/de\/\"},{\"@type\":\"ListItem\",\"position\":2,\"name\":\"Deutsch\u00adland: K\u00f6ln: frische Milch (Roh\u00admilch) vom Bauern\"}]},{\"@type\":\"WebSite\",\"@id\":\"https:\/\/adimlarim.com\/de\/#website\",\"url\":\"https:\/\/adimlarim.com\/de\/\",\"name\":\"Ad\u0131mlar\u0131m\",\"description\":\"jede Reise beginnt mit den ersten Schritten\",\"publisher\":{\"@id\":\"https:\/\/adimlarim.com\/de\/#organization\"},\"alternateName\":\"Adimlarim\",\"potentialAction\":[{\"@type\":\"SearchAction\",\"target\":{\"@type\":\"EntryPoint\",\"urlTemplate\":\"https:\/\/adimlarim.com\/de\/?s={search_term_string}\"},\"query-input\":{\"@type\":\"PropertyValueSpecification\",\"valueRequired\":true,\"valueName\":\"search_term_string\"}}],\"inLanguage\":\"tr\"},{\"@type\":\"Organization\",\"@id\":\"https:\/\/adimlarim.com\/de\/#organization\",\"name\":\"Ad\u0131mlar\u0131m\",\"url\":\"https:\/\/adimlarim.com\/de\/\",\"logo\":{\"@type\":\"ImageObject\",\"inLanguage\":\"tr\",\"@id\":\"https:\/\/adimlarim.com\/de\/#\/schema\/logo\/image\/\",\"url\":\"https:\/\/adimlarim.com\/wp-content\/uploads\/adimlarim.com_.perspektive.kontur.verlauf.blau_.header.png\",\"contentUrl\":\"https:\/\/adimlarim.com\/wp-content\/uploads\/adimlarim.com_.perspektive.kontur.verlauf.blau_.header.png\",\"width\":401,\"height\":319,\"caption\":\"Ad\u0131mlar\u0131m\"},\"image\":{\"@id\":\"https:\/\/adimlarim.com\/de\/#\/schema\/logo\/image\/\"}},{\"@type\":\"Person\",\"@id\":\"https:\/\/adimlarim.com\/de\/#\/schema\/person\/c44c648a41b8519f8e022d74c6de7805\",\"name\":\"ZNMAC\",\"url\":\"https:\/\/adimlarim.com\/tr\/author\/znmac\/\"}]}<\/script>\n<!-- \/ Yoast SEO plugin. -->","yoast_head_json":{"title":"Deutsch\u00adland: K\u00f6ln: frische Milch (Roh\u00admilch) vom Bauern - adimlarim.com","description":"Blog","robots":{"index":"index","follow":"follow","max-snippet":"max-snippet:-1","max-image-preview":"max-image-preview:large","max-video-preview":"max-video-preview:-1"},"canonical":"https:\/\/adimlarim.com\/tr\/koeln-rohmilch-taze-suet\/","schema":{"@context":"https:\/\/schema.org","@graph":[{"@type":"Article","@id":"https:\/\/adimlarim.com\/koeln-rohmilch-taze-suet\/#article","isPartOf":{"@id":"https:\/\/adimlarim.com\/koeln-rohmilch-taze-suet\/"},"author":{"name":"ZNMAC","@id":"https:\/\/adimlarim.com\/de\/#\/schema\/person\/c44c648a41b8519f8e022d74c6de7805"},"headline":"Deutsch\u00adland: K\u00f6ln: frische Milch (Roh\u00admilch) vom Bauern","datePublished":"2023-08-16T11:04:32+00:00","dateModified":"2024-08-01T07:25:03+00:00","mainEntityOfPage":{"@id":"https:\/\/adimlarim.com\/koeln-rohmilch-taze-suet\/"},"wordCount":1288,"commentCount":2,"publisher":{"@id":"https:\/\/adimlarim.com\/de\/#organization"},"image":{"@id":"https:\/\/adimlarim.com\/koeln-rohmilch-taze-suet\/#primaryimage"},"thumbnailUrl":"https:\/\/adimlarim.com\/wp-content\/uploads\/Rohmilch-von-Kuehen.jpg","keywords":["Dies und Das","K\u00f6ln","Nordrhein-Westfalen","Rohmilch"],"articleSection":["Blog","Deutsch\u00adland","Essen + Trinken"],"inLanguage":"tr","potentialAction":[{"@type":"CommentAction","name":"Comment","target":["https:\/\/adimlarim.com\/koeln-rohmilch-taze-suet\/#respond"]}]},{"@type":"WebPage","@id":"https:\/\/adimlarim.com\/koeln-rohmilch-taze-suet\/","url":"https:\/\/adimlarim.com\/koeln-rohmilch-taze-suet\/","name":"Deutsch\u00adland: K\u00f6ln: frische Milch (Roh\u00admilch) vom Bauern - adimlarim.com","isPartOf":{"@id":"https:\/\/adimlarim.com\/de\/#website"},"primaryImageOfPage":{"@id":"https:\/\/adimlarim.com\/koeln-rohmilch-taze-suet\/#primaryimage"},"image":{"@id":"https:\/\/adimlarim.com\/koeln-rohmilch-taze-suet\/#primaryimage"},"thumbnailUrl":"https:\/\/adimlarim.com\/wp-content\/uploads\/Rohmilch-von-Kuehen.jpg","datePublished":"2023-08-16T11:04:32+00:00","dateModified":"2024-08-01T07:25:03+00:00","description":"Blog","breadcrumb":{"@id":"https:\/\/adimlarim.com\/koeln-rohmilch-taze-suet\/#breadcrumb"},"inLanguage":"tr","potentialAction":[{"@type":"ReadAction","target":["https:\/\/adimlarim.com\/koeln-rohmilch-taze-suet\/"]}]},{"@type":"ImageObject","inLanguage":"tr","@id":"https:\/\/adimlarim.com\/koeln-rohmilch-taze-suet\/#primaryimage","url":"https:\/\/adimlarim.com\/wp-content\/uploads\/Rohmilch-von-Kuehen.jpg","contentUrl":"https:\/\/adimlarim.com\/wp-content\/uploads\/Rohmilch-von-Kuehen.jpg","width":1920,"height":800,"caption":"K\u00fche auf der Weide"},{"@type":"BreadcrumbList","@id":"https:\/\/adimlarim.com\/koeln-rohmilch-taze-suet\/#breadcrumb","itemListElement":[{"@type":"ListItem","position":1,"name":"Startseite","item":"https:\/\/adimlarim.com\/de\/"},{"@type":"ListItem","position":2,"name":"Deutsch\u00adland: K\u00f6ln: frische Milch (Roh\u00admilch) vom Bauern"}]},{"@type":"WebSite","@id":"https:\/\/adimlarim.com\/de\/#website","url":"https:\/\/adimlarim.com\/de\/","name":"Ad\u0131mlar\u0131m","description":"jede Reise beginnt mit den ersten Schritten","publisher":{"@id":"https:\/\/adimlarim.com\/de\/#organization"},"alternateName":"Adimlarim","potentialAction":[{"@type":"SearchAction","target":{"@type":"EntryPoint","urlTemplate":"https:\/\/adimlarim.com\/de\/?s={search_term_string}"},"query-input":{"@type":"PropertyValueSpecification","valueRequired":true,"valueName":"search_term_string"}}],"inLanguage":"tr"},{"@type":"Organization","@id":"https:\/\/adimlarim.com\/de\/#organization","name":"Ad\u0131mlar\u0131m","url":"https:\/\/adimlarim.com\/de\/","logo":{"@type":"ImageObject","inLanguage":"tr","@id":"https:\/\/adimlarim.com\/de\/#\/schema\/logo\/image\/","url":"https:\/\/adimlarim.com\/wp-content\/uploads\/adimlarim.com_.perspektive.kontur.verlauf.blau_.header.png","contentUrl":"https:\/\/adimlarim.com\/wp-content\/uploads\/adimlarim.com_.perspektive.kontur.verlauf.blau_.header.png","width":401,"height":319,"caption":"Ad\u0131mlar\u0131m"},"image":{"@id":"https:\/\/adimlarim.com\/de\/#\/schema\/logo\/image\/"}},{"@type":"Person","@id":"https:\/\/adimlarim.com\/de\/#\/schema\/person\/c44c648a41b8519f8e022d74c6de7805","name":"ZNMAC","url":"https:\/\/adimlarim.com\/tr\/author\/znmac\/"}]}},"_links":{"self":[{"href":"https:\/\/adimlarim.com\/tr\/wp-json\/wp\/v2\/posts\/2247","targetHints":{"allow":["GET"]}}],"collection":[{"href":"https:\/\/adimlarim.com\/tr\/wp-json\/wp\/v2\/posts"}],"about":[{"href":"https:\/\/adimlarim.com\/tr\/wp-json\/wp\/v2\/types\/post"}],"author":[{"embeddable":true,"href":"https:\/\/adimlarim.com\/tr\/wp-json\/wp\/v2\/users\/5"}],"replies":[{"embeddable":true,"href":"https:\/\/adimlarim.com\/tr\/wp-json\/wp\/v2\/comments?post=2247"}],"version-history":[{"count":0,"href":"https:\/\/adimlarim.com\/tr\/wp-json\/wp\/v2\/posts\/2247\/revisions"}],"wp:featuredmedia":[{"embeddable":true,"href":"https:\/\/adimlarim.com\/tr\/wp-json\/wp\/v2\/media\/2296"}],"wp:attachment":[{"href":"https:\/\/adimlarim.com\/tr\/wp-json\/wp\/v2\/media?parent=2247"}],"wp:term":[{"taxonomy":"category","embeddable":true,"href":"https:\/\/adimlarim.com\/tr\/wp-json\/wp\/v2\/categories?post=2247"},{"taxonomy":"post_tag","embeddable":true,"href":"https:\/\/adimlarim.com\/tr\/wp-json\/wp\/v2\/tags?post=2247"}],"curies":[{"name":"wp","href":"https:\/\/api.w.org\/{rel}","templated":true}]}}