{"id":25,"date":"2022-07-03T11:37:30","date_gmt":"2022-07-03T09:37:30","guid":{"rendered":"https:\/\/adimlarim.com\/?p=25"},"modified":"2024-08-06T11:33:58","modified_gmt":"2024-08-06T09:33:58","slug":"teutoburger-wald-externsteine","status":"publish","type":"post","link":"https:\/\/adimlarim.com\/tr\/teutoburger-wald-externsteine\/","title":{"rendered":"Almanya: Teuto\u00adburg Orman\u0131: Extern\u00adsteine"},"content":{"rendered":"<p>03.07.2022: s\u0131cak olaca\u011f\u0131n\u0131 vaat eden ama ayn\u0131 zamanda son g\u00fcnler\u00addeki bunal\u00adt\u0131c\u0131 s\u0131cak\u00adlar\u0131n tekrar ya\u015fa\u00adna\u00adca\u011f\u0131ndan kork\u00admama neden olan bir g\u00fcnd\u00fc. Ancak, hafif bir esin\u00adtili ve beyaz pamuk\u00adcuk bulut\u00adlar\u0131 olan mas\u00admavi bir g\u00f6k\u00ady\u00fcz\u00fc ile s\u0131cak ama g\u00fczel bir g\u00fcn ya\u015fa\u00add\u0131k - ve bir an Extern\u00adsteine'leri (Ek\u00adstern ta\u015f\u00adlar\u0131n\u0131) g\u00f6r\u00add\u00fck.<\/p>\n\n\n\n<p>Y\u0131llard\u0131r \"G\u00f6rmek istiyorum\" listemde yer alan Horn-Bad Mein\u00adberg'deki Extern\u00adsteine'leri merak edi\u00adyordum. Oraya gider\u00adken sihiri ba\u015f\u00adlad\u0131 bile. Hen\u00fcz or\u00adman\u0131n i\u00e7in\u00addey\u00adken aniden, uzak\u00adtan bize do\u011fru gelen bir fl\u00fct melo\u00addisi duy\u00adduk ve ku\u015f c\u0131v\u0131l\u00adt\u0131\u00adla\u00adr\u0131yla bir\u00adlikte bu ses\u00adlerin ta\u00add\u0131n\u0131 ses\u00adsiz\u00adce \u00e7\u0131kar\u00admak i\u00e7in dur\u00adduk.<\/p>\n\n\n\n<p>Ormandan d\u0131\u015far\u0131 ad\u0131m att\u0131\u011f\u0131\u00adm\u0131z o anda, bu kaya olu\u00ad\u015fuk\u00adlu\u011fu ve \u00e7ev\u00adre\u00adsinin g\u00f6r\u00fcn\u00adt\u00fcs\u00fc il\u00adgi \u00e7eki\u00adciydi. Hala orman\u0131n g\u00f6l\u00adge\u00adsinde duru\u00adyorduk, solda Extern\u00adsteine, sa\u011fda \u00e7ay\u0131rda g\u00f6lge sa\u011flayan bir\u00adka\u00e7 a\u011fac\u0131n bulun\u00addu\u011fu bir a\u00e7\u0131k\u00adl\u0131k. Hafta sonu ol\u00adma\u00ads\u0131na ra\u011fmen, tah\u00admi\u00adni\u00admin ak\u00adsine orada \u00e7ok az insan var\u00add\u0131. Samimi ve rahat bir atmos\u00adfer ha\u00adkimdi. T\u00fcm bun\u00adlar\u0131n \u00fczeri\u00admizde et\u00adki\u00adsini daha iyi sin\u00addir\u00admek i\u00e7in \u00e7ay\u0131r\u00adda bir a\u011fac\u0131n al\u00adt\u0131na otur\u00adduk. Fl\u00fct \u00e7alan ki\u015fi bu atmos\u00adfere m\u00fczi\u011fi ile kat\u00adk\u0131\u00ads\u0131n\u0131 sa\u011flad\u0131.<\/p>\n\n\n\n<p>D\u00fc\u015f\u00fcncelerimi bo\u015f\u00adlad\u0131m ve 2500 y\u0131ldan \u00f6n\u00adceye gidip bir y\u00fcr\u00fc\u00ady\u00fc\u015f s\u0131ra\u00ads\u0131nda ani\u00adden bu kaya\u00adlar\u0131n \u00f6n\u00fcnde ken\u00addimi bul\u00addu\u011fumu hayal etmeye \u00e7al\u0131\u015f\u00adt\u0131m. T\u00fcm bu manzara o zaman nas\u0131l g\u00f6r\u00fcn\u00fcr ve beni nas\u0131l etki\u00adler\u00addi acaba? \u015ea\u015f\u00adk\u0131na d\u00f6n\u00admez ve hatta biraz kork\u00admaz m\u0131yd\u0131m? Buran\u0131n ilahi bir yer ol\u00addu\u011funu belki de d\u00fc\u015f\u00fc\u00adne\u00adbilirdim?<\/p>\n\n\n\n<h2 class=\"wp-block-heading\">Jeolojik olu\u015fum<\/h2>\n\n\n\n<p>Extern\u00adstein'lerin deniz dibinde kaya oldu\u011funu ve milyon\u00adlarca y\u0131l boyunca tek\u00adtonik g\u00fc\u00e7\u00adler tara\u00adf\u0131ndan zamanla dik\u00adle\u015f\u00adti\u011fini hayal etmek zordur. \u015eimdi bu kaya olu\u00ad\u015fum\u00adlar\u0131 havada 40 metreye kadar y\u00fcksel\u00admek\u00adte\u00addir. G\u00f6rsel olarak, sanki birisi bir or\u00adma\u00adn\u0131n i\u00e7in\u00adden \u00e7\u0131kan bir da\u011f s\u0131r\u00adt\u0131n\u0131 bal\u00adtayla yar\u00adm\u0131\u015f gibi g\u00f6r\u00fcn\u00fc\u00adyor\u00adlar. En belir\u00adgin kaya i\u011fneleri g\u00fcney\u00addo\u011fu\u00addaki g\u00f6let\u00adten ba\u015f\u00adla\u00adyarak numara\u00adlan\u00add\u0131\u00adr\u0131l\u00adm\u0131\u015ft\u0131r - do\u011fal olarak yerel dilde ama farkl\u0131 isim\u00adlen\u00addi\u00adril\u00admi\u015fler.<\/p>\n\n\n\n<h2 class=\"wp-block-heading\">Kaya 5: \u00c7a\u011f\u0131\u00adran\u0131n kayas\u0131 (Rufer\u00adfelsen)<\/h2>\n\n\n\n<div class=\"wp-block-media-text alignwide is-stacked-on-mobile\" style=\"grid-template-columns:30% auto\"><figure class=\"wp-block-media-text__media\"><img loading=\"lazy\" decoding=\"async\" width=\"550\" height=\"1080\" src=\"https:\/\/adimlarim.com\/wp-content\/uploads\/20220703_140519-DE-Teutoburger-Wald-Horn-Bad-Meinberg-Externsteine.jpg\" alt=\"Deutschland: Teutoburger Wald: Externsteine: Ruferfelsen; Almanya: Teutoburg Orman\u0131: Externsteine: \u00c7a\u011f\u0131ran\u0131n kayas\u0131\" class=\"wp-image-1401 size-full\" srcset=\"https:\/\/adimlarim.com\/wp-content\/uploads\/20220703_140519-DE-Teutoburger-Wald-Horn-Bad-Meinberg-Externsteine.jpg 550w, https:\/\/adimlarim.com\/wp-content\/uploads\/20220703_140519-DE-Teutoburger-Wald-Horn-Bad-Meinberg-Externsteine-521x1024.jpg 521w, https:\/\/adimlarim.com\/wp-content\/uploads\/20220703_140519-DE-Teutoburger-Wald-Horn-Bad-Meinberg-Externsteine-6x12.jpg 6w\" sizes=\"auto, (max-width: 550px) 100vw, 550px\" \/><\/figure><div class=\"wp-block-media-text__content\">\n<p>Ruferfelsen'e (Kaya 5) eri\u015fim m\u00fcmk\u00fcn de\u011fil\u00addir. Ad\u0131n\u0131 g\u00fcney\u00addo\u011fuya bakan bir kafaya benze\u00adme\u00adsin\u00adden almak\u00adtad\u0131r, ye\u015fil renkle i\u015faret\u00adlenmi\u015f.<\/p>\n<\/div><\/div>\n\n\n\n<h2 class=\"wp-block-heading\">Kaya 4: Salanan kaya (Wackel\u00adstein\u00adfelsen)<\/h2>\n\n\n\n<div class=\"wp-block-media-text alignwide is-stacked-on-mobile\" style=\"grid-template-columns:30% auto\"><figure class=\"wp-block-media-text__media\"><img loading=\"lazy\" decoding=\"async\" width=\"550\" height=\"1080\" src=\"https:\/\/adimlarim.com\/wp-content\/uploads\/20220703_144100-DE-Teutoburger-Wald-Horn-Bad-Meinberg-Externsteine-rotated.jpg\" alt=\"Deutschland: Teutoburger Wald: Externsteine: Wackelsteinfelsen; Almanya: Teutoburg Orman\u0131: Externsteine: Salanan kaya\" class=\"wp-image-1397 size-full\" srcset=\"https:\/\/adimlarim.com\/wp-content\/uploads\/20220703_144100-DE-Teutoburger-Wald-Horn-Bad-Meinberg-Externsteine-rotated.jpg 550w, https:\/\/adimlarim.com\/wp-content\/uploads\/20220703_144100-DE-Teutoburger-Wald-Horn-Bad-Meinberg-Externsteine-521x1024.jpg 521w, https:\/\/adimlarim.com\/wp-content\/uploads\/20220703_144100-DE-Teutoburger-Wald-Horn-Bad-Meinberg-Externsteine-6x12.jpg 6w\" sizes=\"auto, (max-width: 550px) 100vw, 550px\" \/><\/figure><div class=\"wp-block-media-text__content\">\n<p>Wackelsteinfelsen (Kaya 4) ad\u0131n\u0131n nereden geldi\u011fi en ge\u00e7 kayay\u0131 g\u00f6r\u00add\u00fc\u011f\u00fcn\u00fcz\u00adde anlar\u00ads\u0131n\u0131z. Beton ve metal bant\u00adlarla sabit\u00adle\u00adnene kadar tepenin ucunda ser\u00adbest duran bir kayay\u00add\u0131. Ancak bana g\u00f6re bu kaya daha zi\u00adyade salta duran bir sosis av k\u00f6pe\u011fine benziyen Dak\u00adhund'u and\u0131\u00adr\u0131yor - en az\u0131ndan foto\u011fraf\u0131 \u00e7ek\u00adti\u011fim nok\u00adtadan bak\u0131l\u00add\u0131\u011f\u0131nda.<\/p>\n\n\n\n<p>Kaya 3 ve 4'\u00fcn u\u00e7u\u00adrumun ara\u00ads\u0131n\u00addan ziyaret\u00adciler patika bir yoldan bu kaya olu\u00ad\u015fumun di\u011fer tara\u00adf\u0131n\u0131da g\u00f6re\u00adbilirler.<\/p>\n<\/div><\/div>\n\n\n\n<h2 class=\"wp-block-heading\">Kaya 3: Merdiven kayas\u0131 (Treppen\u00adfels)<\/h2>\n\n\n\n<div class=\"wp-block-media-text alignwide is-stacked-on-mobile\" style=\"grid-template-columns:30% auto\"><figure class=\"wp-block-media-text__media\"><img loading=\"lazy\" decoding=\"async\" width=\"550\" height=\"1080\" src=\"https:\/\/adimlarim.com\/wp-content\/uploads\/20220703_143518-DE-Teutoburger-Wald-Horn-Bad-Meinberg-Externsteine-rotated.jpg\" alt=\"\" class=\"wp-image-1395 size-full\" srcset=\"https:\/\/adimlarim.com\/wp-content\/uploads\/20220703_143518-DE-Teutoburger-Wald-Horn-Bad-Meinberg-Externsteine-rotated.jpg 550w, https:\/\/adimlarim.com\/wp-content\/uploads\/20220703_143518-DE-Teutoburger-Wald-Horn-Bad-Meinberg-Externsteine-521x1024.jpg 521w, https:\/\/adimlarim.com\/wp-content\/uploads\/20220703_143518-DE-Teutoburger-Wald-Horn-Bad-Meinberg-Externsteine-6x12.jpg 6w\" sizes=\"auto, (max-width: 550px) 100vw, 550px\" \/><\/figure><div class=\"wp-block-media-text__content\">\n<p>Kayaya oyulmu\u015f mer\u00addi\u00adven\u00adlerin (Kaya 3) bu ad\u0131n kay\u00adna\u011f\u0131 oldu\u011funu var\u00adsaymak kolay. Basa\u00admaklar bu kayan\u0131n etra\u00adf\u0131nda dik ve dar bir \u015fekilde dolan\u00admakta ve tepede k\u00fc\u00e7\u00fck demir ah\u015fap kalas\u00adl\u0131 k\u00f6p\u00adr\u00fcde son bul\u00admaktad\u0131r.<\/p>\n<\/div><\/div>\n\n\n\n<h2 class=\"wp-block-heading\">Kaya 2: Kule kayas\u0131 (Turm\u00adfels)<\/h2>\n\n\n\n<div class=\"wp-block-media-text alignwide is-stacked-on-mobile\" style=\"grid-template-columns:30% auto\"><figure class=\"wp-block-media-text__media\"><img loading=\"lazy\" decoding=\"async\" width=\"550\" height=\"1080\" src=\"https:\/\/adimlarim.com\/wp-content\/uploads\/20220703_144513-DE-Teutoburger-Wald-Horn-Bad-Meinberg-Externsteine-rotated.jpg\" alt=\"Deutschland: Teutoburger Wald: Externsteine: Turmfels; Almanya: Teutoburg Orman\u0131: Externsteine: Kule kayas\u0131\" class=\"wp-image-1421 size-full\" srcset=\"https:\/\/adimlarim.com\/wp-content\/uploads\/20220703_144513-DE-Teutoburger-Wald-Horn-Bad-Meinberg-Externsteine-rotated.jpg 550w, https:\/\/adimlarim.com\/wp-content\/uploads\/20220703_144513-DE-Teutoburger-Wald-Horn-Bad-Meinberg-Externsteine-521x1024.jpg 521w, https:\/\/adimlarim.com\/wp-content\/uploads\/20220703_144513-DE-Teutoburger-Wald-Horn-Bad-Meinberg-Externsteine-6x12.jpg 6w\" sizes=\"auto, (max-width: 550px) 100vw, 550px\" \/><\/figure><div class=\"wp-block-media-text__content\">\n<p>Ziyaret\u00e7iler bu Turm\u00adfels'e (Kaya 2) ancak demir k\u00f6pr\u00fc \u00fczerin\u00adden ula\u015fa\u00adbilmek\u00adtedir. Orada ir\u00adtifa odas\u0131n\u0131 (H\u00f6hen\u00adkammer veya Sazel\u00adlum olarak bilinen) bulucak\u00ads\u0131n\u0131z. Oda denir\u00adken neden tavan\u0131n\u0131n eksik ol\u00addu\u011funu merak ediyor ola\u00adbi\u00adlir\u00adsiniz. Tavan\u0131 zaman a\u015fa\u00adma\u00ads\u0131nda yok olmu\u015f - havaya m\u0131 u\u00e7urulmu\u015f?<\/p>\n<\/div><\/div>\n\n\n\n<h2 class=\"wp-block-heading\">Kaya 1: Ma\u011fara kayas\u0131 (Grotten\u00adfels)<\/h2>\n\n\n\n<div class=\"wp-block-media-text alignwide is-stacked-on-mobile\" style=\"grid-template-columns:30% auto\"><figure class=\"wp-block-media-text__media\"><img loading=\"lazy\" decoding=\"async\" width=\"550\" height=\"1080\" src=\"https:\/\/adimlarim.com\/wp-content\/uploads\/20220703_150958-DE-Teutoburger-Wald-Horn-Bad-Meinberg-Externsteine-rotated.jpg\" alt=\"Deutschland: Teutoburger Wald: Externsteine: Kreuz\u00adabnahme\u00adrelief; Almanya: Teutoburg Orman\u0131: Externsteine: Ha\u00e7tan indirme r\u00f6lyefi\" class=\"wp-image-1408 size-full\" srcset=\"https:\/\/adimlarim.com\/wp-content\/uploads\/20220703_150958-DE-Teutoburger-Wald-Horn-Bad-Meinberg-Externsteine-rotated.jpg 550w, https:\/\/adimlarim.com\/wp-content\/uploads\/20220703_150958-DE-Teutoburger-Wald-Horn-Bad-Meinberg-Externsteine-521x1024.jpg 521w, https:\/\/adimlarim.com\/wp-content\/uploads\/20220703_150958-DE-Teutoburger-Wald-Horn-Bad-Meinberg-Externsteine-6x12.jpg 6w\" sizes=\"auto, (max-width: 550px) 100vw, 550px\" \/><\/figure><div class=\"wp-block-media-text__content\">\n<p>Grottenfels'in (Kaya 1) ete\u011finde, giri\u015f gi\u015fe\u00adsinin sa\u011f\u0131nda, me\u015fhur 5,5 metre y\u00fcksek\u00adli\u011fin\u00addeki an\u0131t\u00adsal kaya kabart\u00admas\u0131 \"Kreuz\u00adab\u00adnahme\u00adrelief\" (Ha\u00e7tan indir\u00adme r\u00f6lyefi) yer almak\u00adtad\u0131r. Kuzey\u00adbat\u0131 Avrupa'da t\u00fcr\u00fcn\u00fcn en eski \u00f6rne\u011fi ve o zaman\u0131n heykel\u00adt\u0131ra\u015f\u00adl\u0131\u011f\u0131n e\u015f\u00adsiz eseri olan kaya kabart\u00admas\u0131. Bu eserde h\u0131ris\u00adtiyan k\u00f6keni a\u00e7\u0131k\u00ad\u00e7a g\u00f6r\u00fcl\u00admek\u00adtedir. Ancak kabart\u00admaya daha yak\u0131n\u00addan bak\u0131\u00adl\u0131rsa, \u00fc\u00e7 alan fark edecek\u00adsiniz.<\/p>\n\n\n\n<p>Yumu\u015fak, net olmayan hat\u00adlarla (eski oldu\u011fun\u00addan dolay\u0131 m\u0131?) a\u011fa\u00e7 k\u00f6k\u00adlerine benzer i\u015flenen alt alan. Bunun solunda hava\u00adlan\u00add\u0131rma gibi bir \u015fey g\u00f6r\u00fcn\u00admekte, sa\u011fda b\u00fcy\u00fck bir delik ve onun \u00fcst\u00fcnde k\u00fc\u00e7\u00fck bir oyuk. Bir kat \u00fcst\u00fcnde belir\u00adgin ve kes\u00adkin kenar\u00adl\u0131 hat\u00adlar\u0131yla i\u015flen\u00admi\u015f a\u00e7\u0131k\u00adca Hris\u00adtiyan sah\u00adnesini tas\u00advir eden as\u0131l kabart\u00adma. \u00dcst alan ise kabaca yon\u00adtul\u00admu\u015f, solun\u00adda hafif bir oyuk ve \u00fcst tara\u00adf\u0131n or\u00adta\u00ads\u0131nda gene bir havalan\u00add\u0131rma bulun\u00admakta.<\/p>\n<\/div><\/div>\n\n\n\n<p>Bu kabartman\u0131n ar\u00adka\u00ads\u0131nda ise ate\u015f ile \u00e7\u00fcr\u00fc\u00adt\u00fclen kaya\u00adlar\u0131n insan el\u00adliyle oyu\u00adlan \u00fc\u00e7 ma\u011fara bulun\u00admak\u00adtad\u0131r. Ma\u011fara\u00adlar\u0131n bir giri\u015fi bunun hemen sa\u011f\u0131nda yer almak\u00adtad\u0131r. Heidel\u00adberg Bilimler Aka\u00adde\u00admisi tara\u00adf\u0131ndan ma\u011fara\u00adlar, daha do\u011frusu ora\u00addaki ince\u00adlenen alan\u00adlar\u0131n kesin bir tarih\u00adlen\u00addir\u00admesi yap\u0131l\u00adm\u0131\u015ft\u0131r:<\/p>\n\n\n\n<ul class=\"wp-block-list\">\n<li>Ana ma\u011fara ve yan ma\u011fara: iki ate\u015f izi 1325 (+- 50 y\u0131l) ve 1425 (+- 63 y\u0131l) sene\u00adlerine ait; bir ate\u015f ize ise yak\u00adla\u015f\u0131k 1030 (+- 100 y\u0131l)<\/li>\n\n\n\n<li>Kubbe ma\u011faras\u0131: tavan\u0131n sondaj \u00e7ekir\u00adde\u011fin\u00addeki yan\u00adg\u0131n iz\u00adleri yak\u00adla\u015f\u0131k 934 (+- 94 y\u0131l) ve 735 (+- 180 y\u0131l) y\u0131l\u00adl\u00adar\u0131na aittir<\/li>\n<\/ul>\n\n\n\n<div class=\"wp-block-media-text alignwide is-stacked-on-mobile\" style=\"grid-template-columns:30% auto\"><figure class=\"wp-block-media-text__media\"><img loading=\"lazy\" decoding=\"async\" width=\"550\" height=\"1080\" src=\"https:\/\/adimlarim.com\/wp-content\/uploads\/20220703_144658-DE-Teutoburger-Wald-Horn-Bad-Meinberg-Externsteine.jpg\" alt=\"Deutschland: Teutoburger Wald: Externsteine: Grottenfels; Almanya: Teutoburg Orman\u0131: Externsteine: Ma\u011fara kayas\u0131\" class=\"wp-image-1419 size-full\" srcset=\"https:\/\/adimlarim.com\/wp-content\/uploads\/20220703_144658-DE-Teutoburger-Wald-Horn-Bad-Meinberg-Externsteine.jpg 550w, https:\/\/adimlarim.com\/wp-content\/uploads\/20220703_144658-DE-Teutoburger-Wald-Horn-Bad-Meinberg-Externsteine-521x1024.jpg 521w, https:\/\/adimlarim.com\/wp-content\/uploads\/20220703_144658-DE-Teutoburger-Wald-Horn-Bad-Meinberg-Externsteine-6x12.jpg 6w\" sizes=\"auto, (max-width: 550px) 100vw, 550px\" \/><\/figure><div class=\"wp-block-media-text__content\">\n<p>Burada da, daha \u00f6nce oldu\u011fu gibi \"merdi\u00adven\u00adlere t\u0131r\u00adman\u00adma\" ile ula\u00ad\u015f\u0131\u00adla\u00adbilen insan d\u00fcz\u00adlen\u00admi\u015f bir plato var. Her iki yoran t\u0131r\u00adman\u0131\u015f da harika bir man\u00adza\u00adrayla \u00f6d\u00fcl\u00adlen\u00add\u00adiri\u00adliyor. \u0130nsan\u00adlar neden bu kadar zahmete gir\u00admi\u015fler?<\/p>\n<\/div><\/div>\n\n\n\n<h2 class=\"wp-block-heading\">Kaya 1b: Mezar kayas\u0131 (Grab\u00adfels)<\/h2>\n\n\n\n<p>Ma\u011fara kaya\u00ads\u0131n\u0131n\u0131n \u00f6n\u00fcn\u00adden g\u00f6let y\u00f6n\u00fcnde gider\u00adken, Mezar Kayas\u0131 olarak bi\u00adlinen k\u00fc\u00e7\u00fck insan el\u00adliy\u00adle i\u015flen\u00admi\u015f Kaya 1b'yi bulacak\u00ads\u0131n\u0131z. Burada, \u00fcst\u00fc yuvar\u00adlak kemer\u00adli h\u00fccre gibi bir b\u00f6l\u00fcm\u00adde uzan\u00adm\u0131\u015f bir insa\u00adn\u0131n silu\u00adeti oyulmu\u015f.<\/p>\n\n\n\n<h2 class=\"wp-block-heading\">Tarihi<\/h2>\n\n\n\n<p>Ancak Extern\u00adsteine'lerde olmasada onlar\u0131n yak\u0131n \u00e7evre\u00adsinde paleo\u00adli\u00adtik d\u00f6neme ait arkeo\u00adlo\u00adjik bulun\u00adtular bel\u00adge\u00adlen\u00admi\u015f. Ama Extern\u00adsteine'ler\u00addeki bilim\u00adsel tarih\u00adlen\u00addirme ise, daha do\u011frusu Kubbe Ma\u011fara\u00ads\u0131n\u00addaki bulun\u00adtular 735 sene\u00adlerinden. Muh\u00adte\u00admelen bu neden\u00adle H\u0131ris\u00adtiyan k\u00f6kenli teori savu\u00adnul\u00admak\u00adta\u00add\u0131r. Bu kaya\u00adlar\u0131n H\u0131ris\u00adtiyan\u00adl\u0131k \u00f6ncesi d\u00f6nem\u00adlerde kul\u00adlan\u0131l\u00add\u0131\u011f\u0131 g\u00f6z ard\u0131 edilemese de, di\u011fer yandan \u0131spat\u00adla\u00adna\u00adma\u00admak\u00adtad\u0131r.<\/p>\n\n\n\n<div class=\"wp-block-media-text alignwide is-stacked-on-mobile\" style=\"grid-template-columns:30% auto\"><figure class=\"wp-block-media-text__media\"><img loading=\"lazy\" decoding=\"async\" width=\"550\" height=\"1080\" src=\"https:\/\/adimlarim.com\/wp-content\/uploads\/20220703_144617-DE-Teutoburger-Wald-Horn-Bad-Meinberg-Externsteine-rotated.jpg\" alt=\"Deutschland: Teutoburger Wald: Externsteine: H\u00f6henkammer ; Almanya: Teutoburg Orman\u0131: Externsteine: \u0130rtifa odas\u0131\" class=\"wp-image-1392 size-full\" srcset=\"https:\/\/adimlarim.com\/wp-content\/uploads\/20220703_144617-DE-Teutoburger-Wald-Horn-Bad-Meinberg-Externsteine-rotated.jpg 550w, https:\/\/adimlarim.com\/wp-content\/uploads\/20220703_144617-DE-Teutoburger-Wald-Horn-Bad-Meinberg-Externsteine-521x1024.jpg 521w, https:\/\/adimlarim.com\/wp-content\/uploads\/20220703_144617-DE-Teutoburger-Wald-Horn-Bad-Meinberg-Externsteine-6x12.jpg 6w\" sizes=\"auto, (max-width: 550px) 100vw, 550px\" \/><\/figure><div class=\"wp-block-media-text__content\">\n<p>Fakat buran\u0131n tarih \u00f6nce\u00adsinden kalma bir g\u00f6k\u00adsel mabed var\u00adsay\u0131m\u0131 man\u00adt\u0131k\u00ads\u0131z de\u011fil\u00addir. Reckling\u00adhausen'deki Vest\u00adfalya Halk G\u00f6zlem\u00adevi ve Plane\u00adtar\u00adyum direk\u00adt\u00f6r\u00fc Bay Steinr\u00fccken'in \"<em><a href=\"https:\/\/sternwarte-recklinghausen.de\/data\/uploads\/dateien\/pdf\/b13_externsteine.pdf\" target=\"_blank\" rel=\"noreferrer noopener\"><em><a href=\"https:\/\/sternwarte-recklinghausen.de\/data\/uploads\/dateien\/pdf\/b13_externsteine.pdf\" lang=\"de\" target=\"_blank\" rel=\"noopener noreferrer\" title=\"Extern\u00adstein'lerdeki tahmin edilen astronomik kerterizin yeni \u00f6l\u00e7\u00fcm\u00fc ve yeni analizi\">Neue Ver\u00admessung und neue Analyse der mut\u00adma\u00df\u00adlichen astro\u00adno\u00admischen Pei\u00adlungen an den Extern\u00adsteinen<\/a><\/em><\/a><\/em>\" adl\u0131 almanca yay\u0131\u00adn\u0131n\u00addan anla\u00add\u0131\u011f\u0131m kada\u00adr\u0131yla, veriler teme\u00adlinde yap\u0131\u00adlan ara\u015f\u00adt\u0131rma sonucu, tak\u00advimsel g\u00f6z\u00adlem ama\u00adc\u0131yla bir kulla\u00adn\u0131m g\u00f6z ard\u0131 edi\u00adlemez. Bununla bir\u00adlikte, arkeo\u00adlojik-astro\u00adloji bir de\u011fer\u00adlen\u00addir\u00admenin ancak pey\u00adzaj\u0131n da dahil edil\u00admesi halinde an\u00adlaml\u0131 ola\u00adbi\u00adle\u00adce\u011fini vurgu\u00adla\u00admak\u00adtad\u0131r.<\/p>\n\n\n\n<p>Duvardaki h\u00fccrenin (irtifa odas\u0131, kule kayas\u0131) i\u00e7inde kaya\u00addan oyul\u00admu\u015f s\u00fctun taba\u00adn\u0131n neye yara\u00add\u0131\u011f\u0131na dair bir kay\u00adnak bula\u00admad\u0131m. S\u00fctun taban\u0131n \u00fczerin\u00addeki oyuk, oculus veya g\u00fcne\u015f deli\u011fi olarak da adlan\u00add\u0131\u00adr\u0131l\u0131r, yaz g\u00fcn\u00add\u00f6\u00adn\u00fcm\u00fc s\u0131ra\u00ads\u0131nda g\u00fcne\u00ad\u015fin do\u011fu\u00ad\u015funa g\u00f6re d\u00fczen\u00adlenmi\u015f.<\/p>\n<\/div><\/div>\n\n\n\n<p>Bir\u00e7ok cevaps\u0131z soru g\u00fcndemde. Daha \u00f6nce\u00adlerde kaya\u00adlarda pagan sem\u00adbol\u00adlerin mev\u00adcut ve ayin kut\u00adla\u00adma\u00adlar\u0131 i\u00e7in kulla\u00adn\u0131l\u00adm\u0131\u015f olmas\u0131 m\u00fcm\u00adk\u00fcn de\u011fil mi? Daha sonra da bu pagan ayin\u00adlerini ve sembol\u00adle\u00adrini kendi rit\u00fcel\u00adle\u00adrine d\u00f6n\u00fc\u015f\u00adt\u00fc\u00adrerek H\u0131ris\u00adti\u00adyanlar sahip\u00adleni\u015f olamaz m\u0131? Belki de H\u0131ris\u00adti\u00adyan kabart\u00admalar\u0131n al\u00adt\u0131nda daha \u00f6nce kaya\u00adlara oyul\u00admu\u015f ba\u015fka kabart\u00admalar var\u00add\u0131? Belki de \"Ku\u015f\u00adlar\u0131n Vaf\u00adtizi\" efsa\u00adne\u00adsine de bu bak\u0131\u015f \u00e7ap\u0131n alt\u0131na olu\u015f\u00admu\u015ftur?<\/p>\n\n\n\n<h3 class=\"wp-block-heading\">Ku\u015flar\u0131n Vaftizi (Die Vogel\u00adtaufe)<\/h3>\n\n\n\n<p>Bir efsaneye g\u00f6re, pagan\u00adlar ve kral\u00adlar\u0131 Extern\u00adsteine yak\u0131n\u00adla\u00adr\u0131nda bir ba\u015f\u00adrahip tara\u00adf\u0131ndan vaf\u00adtiz edile\u00adcek\u00admi\u015f. Bu \u00f6nemli t\u00f6rene ba\u015fka bir kasa\u00adbadan gelen ke\u015fi\u015f\u00adler H\u0131ris\u00adtiyan ilahi ile e\u015flik ede\u00adcek\u00admi\u015f. Ancak ke\u015fi\u015f\u00adler sal\u00add\u0131\u00adr\u0131ya u\u011fra\u00add\u0131k\u00adlar\u0131 i\u00e7in gele\u00adme\u00admi\u015fler. Ba\u015f\u00adrahip mec\u00adburi olarak m\u00fczik e\u015f\u00adli\u011fi ol\u00admadan vaf\u00adtiz etmek ister\u00adken, y\u00fcz\u00adlerce ku\u015f\u00adtan olu\u015fan bir s\u00fcr\u00fc or\u00adtaya \u00e7\u0131k\u0131p a\u011fa\u00e7\u00adlar\u0131n \u00fczerine t\u00fc\u00adnemi\u015f. Ve tak\u00addiri ilahi, vaf\u00adtiz t\u00f6reni m\u00fczik e\u015f\u00adli\u011finde, yani ku\u015f ses\u00adleriy\u00adle ger\u00e7ek\u00adle\u015fmi\u015f.<\/p>\n\n\n\n<p>Extern\u00adsteine'lerin tarih\u00ad\u00e7esi 1933 ve 1945 y\u0131lla\u00adr\u0131nda nazi alman\u00adyas\u0131 tara\u00adf\u0131ndan Cermen k\u00fclt alan\u0131 olarak ilan edil\u00admesi ve burada pro\u00adpa\u00adganda etkin\u00adlik\u00adleri ve g\u00fcn\u00add\u00f6\u00adn\u00fcm\u00fc kutla\u00adma\u00adlar\u0131 yap\u0131l\u00adma\u00ads\u0131yla devam etmekte. Muhte\u00admelen siyasi ve ideo\u00adlojik sebep\u00adlerden dolay\u0131 buran\u0131n bir \u015fekilde tabu al\u00adt\u0131nda kal\u0131p \u00f6y\u00adlece bilim\u00adsel ara\u015f\u00adt\u0131r\u00admay\u0131 zor hale gertir\u00adme\u00adsine neden olmu\u015f\u00adtur. Bence bu \"<em><a href=\"https:\/\/www.welt.de\/regionales\/duesseldorf\/article120641412\/Kann-das-Raetsel-um-die-Externsteine-geloest-werden.html\" target=\"_blank\" rel=\"noreferrer noopener\"><em><a href=\"https:\/\/www.welt.de\/regionales\/duesseldorf\/article120641412\/Kann-das-Raetsel-um-die-Externsteine-geloest-werden.html\" lang=\"de\" target=\"_blank\" rel=\"noopener noreferrer\" title=\"Extern\u00adsteine'lerin gizemi \u00e7\u00f6z\u00fclebilir mi?\">Kann das R\u00e4tsel um die Extern\u00adsteine ge\u00adl\u00f6st werden? (Welt)<\/a><\/em><\/a><\/em>\" ba\u015fl\u0131kl\u0131 almanca makale bu konulan il\u00adgili baz\u0131 husus\u00adlar\u0131 \u00e7ok iyi bir \u015fekil\u00adde ele al\u0131yor.<\/p>\n\n\n\n<h2 class=\"wp-block-heading\">Giri\u015f<\/h2>\n\n\n\n<p>1, 2 ve 3 nolu kaya\u00adlara giri\u015f \u00fccret\u00adlidir. Bilet gi\u015fe\u00adsin\u00addeki bilet \u00fccret\u00adlerini \"Landes\u00adverband Lippe\" tah\u00adsil ediyor. Yeti\u015f\u00adkinler i\u00e7in (2022 sesinde) 6 \u20ac'luk Hermann An\u0131t\u0131 ve Extern\u00adsteine i\u00e7in kom\u00adbine bilet oldu\u011fun\u00adsdan, Hermann An\u0131t\u0131'n\u0131 daha sonra ziya\u00adret etmeye karar verdik.<\/p>\n\n\n\n<p>Seyahat plan\u0131\u00adn\u0131z\u0131 yapar\u00adken \u00f6zel\u00adlik\u00adle a\u00e7\u0131\u00adl\u0131\u015f saat\u00adlerine dikkat edin. Aksi tak\u00addirde Extern\u00adsteine'lerin \u00f6n\u00fcnde an\u00adcak baka durur\u00adsunuz, t\u0131r\u00adma\u00adna\u00admaz\u00ads\u0131n\u0131z ama. Ayr\u0131ca hava ko\u015ful\u00adlar\u0131 nede\u00adniyle giri\u00ad\u015fin kapal\u0131 olup olma\u00adya\u00adca\u011f\u0131n\u0131 \u00f6\u011fren\u00admek i\u00e7in her zaman \"Landesverband Lippe\"nin resmi web sitesini \u00f6nceden kon\u00adtrol etme\u00adlisiniz.<\/p>\n\n\n\n<p>Bu sihirin tesirine kendinizi teslim edin gezginler<\/p>\n\n\n\n<div style=\"height:50px\" aria-hidden=\"true\" class=\"wp-block-spacer\"><\/div>\n\n\n\n<hr class=\"wp-block-separator alignwide has-alpha-channel-opacity\"\/>\n\n\n\n<figure class=\"wp-block-table is-style-stripes\"><table><tbody><tr><td>Seyahat \u00f6nerisi:<\/td><td>kesinlikle<\/td><\/tr><tr><td>Koordinat:<\/td><td>51.869032, 8.917475<\/td><\/tr><tr><td>Adresler:<\/td><td>Otopark: 51.862446, 8.931932 (Paderborner Stra\u00dfe \u00fczeri, Horn-Bad Meinberg)<br>Toplu ta\u015f\u0131ma ile seyahat ediyorsan\u0131z: orada bir otob\u00fcs dura\u011f\u0131 var: Horn Wald\u00adschl\u00f6\u00dfchen.<\/td><\/tr><tr><td>Mesafe:<\/td><td>Extern\u00adsteine &#8211; K\u00f6ln\/Kalk: 210 km<br>Extern\u00adsteine - \u0130stan\u00adbul\/Ba\u011flar\u00adba\u015f\u0131: 2.410 km<\/td><\/tr><tr><td>Y\u00fcr\u00fcy\u00fc\u015f rotalar\u0131:<\/td><td>Yakla\u015f\u0131k 15 ila 17 km'lik bir y\u00fcr\u00fcy\u00fc\u015f rotas\u0131 i\u00e7in planlama \u00f6nerisi:<br>Etap 1: <em><a href=\"https:\/\/adimlarim.com\/tr\/detmold-hermannsdenkmal\/\" target=\"_blank\" rel=\"noreferrer noopener\"><em><a href=\"https:\/\/adimlarim.com\/tr\/detmold-hermannsdenkmal\/\" lang=\"de\" target=\"_blank\" title=\"Hermann An\u0131t\u0131\">Hermanns\u00addenkmal<\/a><\/em><\/a><\/em> (32760 Detmold, 51.911695, 8.839658)<br>Etap 2: <em><a href=\"https:\/\/hermannshoehen.teutoburgerwald.de\/erleben-entdecken\/sehenswertes\/ausflugsziele\/vogeltaufe\" target=\"_blank\" rel=\"noreferrer noopener\"><em><a href=\"https:\/\/hermannshoehen.teutoburgerwald.de\/erleben-entdecken\/sehenswertes\/ausflugsziele\/vogeltaufe\" lang=\"de\" target=\"_blank\" rel=\"noopener noreferrer\" title=\"Ku\u015flar\u0131n Vaftizi\">Vogel\u00adtaufe<\/a><\/em><\/a><\/em> (32805 Horn-Bad Meinberg, 51.877788, 8.895988)<br>Etap 3: <em><a href=\"https:\/\/www.externsteine-info.de\" target=\"_blank\" rel=\"noreferrer noopener\"><em><a href=\"https:\/\/www.externsteine-info.de\" lang=\"de\" target=\"_blank\" rel=\"noopener noreferrer\" title=\"Externsteine: Esrarengiz \u00e7evresi\">Extern\u00adsteine: Mystische Um\u00adgebung<\/a><\/em><\/a><\/em> (32805 Horn-Bad Meinberg, 51.869032, 8.917475)<br>Etap 4: <em><a href=\"https:\/\/www.teutoburgerwald.de\/natur\/in-der-natur\/tour\/vom-silberbachtal-zur-velmerstot-oh-8\" target=\"_blank\" rel=\"noreferrer noopener\"><em><a href=\"https:\/\/www.teutoburgerwald.de\/natur\/in-der-natur\/tour\/vom-silberbachtal-zur-velmerstot-oh-8\" lang=\"de\" target=\"_blank\" rel=\"noopener noreferrer\" title=\"Silberbach vadisinden Velmerstot'a kadar\">Vom Silber\u00adbach\u00adtal zur Velmers\u00adtot (OH! 8)<\/a><\/em><\/a><\/em> (Otopark Silberbachtal, 32805 Horn-Bad Meinberg, 51.849944, 8.947350)<br>Etap 5: <em><a href=\"https:\/\/hermannshoehen.teutoburgerwald.de\/erleben-entdecken\/sehenswertes-hier-lohnt-es-sich-vom-weg-abzukommen\/velmerstot\" target=\"_blank\" rel=\"noreferrer noopener\"><em><a href=\"https:\/\/hermannshoehen.teutoburgerwald.de\/erleben-entdecken\/sehenswertes-hier-lohnt-es-sich-vom-weg-abzukommen\/velmerstot\" lang=\"de\" target=\"_blank\" rel=\"noopener noreferrer\" title=\"Prusyal\u0131 ve Lippe Velmerstot\">Preussische und Lippische Velmers\u00adtot<\/a><\/em><\/a><\/em> (32805 Horn-Bad Meinberg, 51.839263, 8.955626)<br>Etap 6: <em><a href=\"https:\/\/www.teutonavigator.de\/de\/teutonavigator\/streaming\/detail\/Tour\/t_100234129\/einsteigertour-zum-eggeturm-und-zu-den-externsteinen\" target=\"_blank\" rel=\"noreferrer noopener\"><em><a href=\"https:\/\/www.teutonavigator.de\/de\/teutonavigator\/streaming\/detail\/Tour\/t_100234129\/einsteigertour-zum-eggeturm-und-zu-den-externsteinen\" lang=\"de\" target=\"_blank\" rel=\"noopener noreferrer\" title=\"Yeni ba\u015flayan i\u00e7in Eggeturm ve Externsteine turu\">Einsteiger\u00adtour zum Egge\u00adturm und zu den Extern\u00adsteinen<\/a><\/em><\/a><\/em> (32805 Horn-Bad Meinberg, 51.833408, 8.954221)<\/td><\/tr><tr><td>Yak\u0131nlarda:<\/td><td><em><a href=\"https:\/\/adimlarim.com\/tr\/detmold-hermannsdenkmal\/\" target=\"_blank\" rel=\"noreferrer noopener\">Al\u00adman\u00adya: Detmold: Hermann An\u0131t\u0131<\/a><\/em><\/td><\/tr><tr><td>Bilgilendirici:<\/td><td><em><a href=\"https:\/\/www.externsteine-info.de\/externsteine-erleben\/\" target=\"_blank\" rel=\"noreferrer noopener\"><em><a href=\"https:\/\/www.externsteine-info.de\/externsteine-erleben\/\" lang=\"de\" target=\"_blank\" rel=\"noopener noreferrer\" title=\"Externsteine leri deneyimlemek\">Externsteine erleben<\/a><\/em><\/a><\/em> (Landes\u00adverband Lippe, Extern\u00adstein'lerin resmi sitesi: biletler vs.)<br><em><a href=\"https:\/\/www.abitur-und-studium.de\/Blogs\/Heidelberger-Akademie-der-Wissenschaften\/Die-Externsteine-geben-eines-ihrer-Geheimnisse-preis\" target=\"_blank\" rel=\"noreferrer noopener\"><em><a href=\"https:\/\/www.abitur-und-studium.de\/Blogs\/Heidelberger-Akademie-der-Wissenschaften\/Die-Externsteine-geben-eines-ihrer-Geheimnisse-preis\" lang=\"de\" target=\"_blank\" rel=\"noopener noreferrer\" title=\"Extern\u00adsteine ler s\u0131rlar\u0131ndan birini a\u00e7\u0131k veriyor\">Die Externsteine geben eines ihrer Geheimnisse preis<\/a><\/em><\/a><\/em> (Abitur und Studium)<br><em><a href=\"https:\/\/www.wissenschaft.de\/geschichte-archaeologie\/mythos-externsteine-erfindung-einer-germanischen-kultstaette\/\" target=\"_blank\" rel=\"noreferrer noopener\"><em><a href=\"https:\/\/www.wissenschaft.de\/geschichte-archaeologie\/mythos-externsteine-erfindung-einer-germanischen-kultstaette\/\" lang=\"de\" target=\"_blank\" rel=\"noopener noreferrer\" title=\"Extern\u00adsteine Efsanesi: Bir Cermen k\u00fclt alan\u0131n\u0131n icad\u0131\">Mythos Externsteine: Erfindung einer germanischen Kultst\u00e4tte<\/a><\/em><\/a><\/em> (DAMALS.de)<br><em><a href=\"https:\/\/www.nrw-stiftung.de\/entdecken\/foerderprojekte\/infozentrum-externsteine-horn-bad-meinberg.html\" target=\"_blank\" rel=\"noreferrer noopener\"><em><a href=\"https:\/\/www.nrw-stiftung.de\/entdecken\/foerderprojekte\/infozentrum-externsteine-horn-bad-meinberg.html\" lang=\"de\" target=\"_blank\" rel=\"noopener noreferrer\" title=\"Bir do\u011fa kalesi\">Bollwerk der Natur<\/a><\/em><\/a><\/em> (NRW Stiftung)<br><em><a href=\"https:\/\/www.planet-wissen.de\/kultur\/mittelgebirge\/teutoburger_wald\/pwiedieexternsteine100.html\" target=\"_blank\" rel=\"noreferrer noopener\"><em><a href=\"https:\/\/www.planet-wissen.de\/kultur\/mittelgebirge\/teutoburger_wald\/pwiedieexternsteine100.html\" lang=\"de\" target=\"_blank\" rel=\"noopener noreferrer\" title=\"Externsteine\">Die Externsteine<\/a><\/em><\/a><\/em> (planet wissen)<br><em><a href=\"https:\/\/www.spiegel.de\/wissenschaft\/mensch\/kultstaetten-raetsel-um-externsteine-geloest-a-380810.html\" target=\"_blank\" rel=\"noreferrer noopener\"><em><a href=\"https:\/\/www.spiegel.de\/wissenschaft\/mensch\/kultstaetten-raetsel-um-externsteine-geloest-a-380810.html\" lang=\"de\" target=\"_blank\" rel=\"noopener noreferrer\" title=\"Extern\u00adsteine lerin gizemi \u00e7\u00f6z\u00fcld\u00fc\">R\u00e4tsel um Externsteine gel\u00f6st<\/a><\/em><\/a><\/em> (Spiegel Wissenschaft)<\/td><\/tr><\/tbody><\/table><\/figure>","protected":false},"excerpt":{"rendered":"<p>Hafif esintili ve beyaz pamuk\u00adcuk bulut\u00adlu mas\u00admavi bir g\u00f6k\u00ady\u00fcz\u00fc ile s\u0131cak ama harika g\u00fczel bir g\u00fcnd\u00fc. Ve Extern\u00adsteine'leri g\u00f6rd\u00fck - etki\u00adle\u00adyiciydi.<\/p>","protected":false},"author":5,"featured_media":1213,"comment_status":"closed","ping_status":"closed","sticky":false,"template":"","format":"standard","meta":{"footnotes":""},"categories":[27,177,24,20,238],"tags":[305,303,306,302,301,274,219,304],"class_list":["post-25","post","type-post","status-publish","format-standard","has-post-thumbnail","hentry","category-aussichtspunkte","category-deutschland","category-natur","category-orte-staetten","category-reisen","tag-denkmaeler","tag-externsteine-2","tag-heiligtuemer","tag-horn-bad-meinberg-2","tag-kultstaetten","tag-nordrhein-westfalen-2","tag-panorama","tag-teutoburger-wald-2"],"yoast_head":"<!-- This site is optimized with the Yoast SEO plugin v25.6 - https:\/\/yoast.com\/wordpress\/plugins\/seo\/ -->\n<title>Deutsch\u00adland: Teuto&shy;burger Wald: Extern&shy;steine - adimlarim.com<\/title>\n<meta name=\"description\" content=\"Deutsch\u00adland\" \/>\n<meta name=\"robots\" content=\"index, follow, max-snippet:-1, max-image-preview:large, max-video-preview:-1\" \/>\n<link rel=\"canonical\" href=\"https:\/\/adimlarim.com\/tr\/teutoburger-wald-externsteine\/\" \/>\n<script type=\"application\/ld+json\" class=\"yoast-schema-graph\">{\"@context\":\"https:\/\/schema.org\",\"@graph\":[{\"@type\":\"Article\",\"@id\":\"https:\/\/adimlarim.com\/teutoburger-wald-externsteine\/#article\",\"isPartOf\":{\"@id\":\"https:\/\/adimlarim.com\/teutoburger-wald-externsteine\/\"},\"author\":{\"name\":\"ZNMAC\",\"@id\":\"https:\/\/adimlarim.com\/de\/#\/schema\/person\/c44c648a41b8519f8e022d74c6de7805\"},\"headline\":\"Deutsch\u00adland: Teuto&shy;burger Wald: Extern&shy;steine\",\"datePublished\":\"2022-07-03T09:37:30+00:00\",\"dateModified\":\"2024-08-06T09:33:58+00:00\",\"mainEntityOfPage\":{\"@id\":\"https:\/\/adimlarim.com\/teutoburger-wald-externsteine\/\"},\"wordCount\":2046,\"publisher\":{\"@id\":\"https:\/\/adimlarim.com\/de\/#organization\"},\"image\":{\"@id\":\"https:\/\/adimlarim.com\/teutoburger-wald-externsteine\/#primaryimage\"},\"thumbnailUrl\":\"https:\/\/adimlarim.com\/wp-content\/uploads\/20220703_140440-DE-Teutoburger-Wald-Horn-Bad-Meinberg-Externsteine.jpg\",\"keywords\":[\"Denkm\u00e4ler\",\"Extern\u00adsteine\",\"Heiligt\u00fcmer\",\"Horn-Bad Mein\u00adberg\",\"Kult\u00adst\u00e4tten\",\"Nord\u00adrhein-West\u00adfalen\",\"Panorama\",\"Teuto\u00adburger Wald\"],\"articleSection\":[\"Aussichts\u00adpunkte\",\"Deutsch\u00adland\",\"Natur\",\"Orte + St\u00e4tten\",\"Reisen\"],\"inLanguage\":\"tr\"},{\"@type\":\"WebPage\",\"@id\":\"https:\/\/adimlarim.com\/teutoburger-wald-externsteine\/\",\"url\":\"https:\/\/adimlarim.com\/teutoburger-wald-externsteine\/\",\"name\":\"Deutsch\u00adland: Teuto&shy;burger Wald: Extern&shy;steine - adimlarim.com\",\"isPartOf\":{\"@id\":\"https:\/\/adimlarim.com\/de\/#website\"},\"primaryImageOfPage\":{\"@id\":\"https:\/\/adimlarim.com\/teutoburger-wald-externsteine\/#primaryimage\"},\"image\":{\"@id\":\"https:\/\/adimlarim.com\/teutoburger-wald-externsteine\/#primaryimage\"},\"thumbnailUrl\":\"https:\/\/adimlarim.com\/wp-content\/uploads\/20220703_140440-DE-Teutoburger-Wald-Horn-Bad-Meinberg-Externsteine.jpg\",\"datePublished\":\"2022-07-03T09:37:30+00:00\",\"dateModified\":\"2024-08-06T09:33:58+00:00\",\"description\":\"Deutsch\u00adland\",\"breadcrumb\":{\"@id\":\"https:\/\/adimlarim.com\/teutoburger-wald-externsteine\/#breadcrumb\"},\"inLanguage\":\"tr\",\"potentialAction\":[{\"@type\":\"ReadAction\",\"target\":[\"https:\/\/adimlarim.com\/teutoburger-wald-externsteine\/\"]}]},{\"@type\":\"ImageObject\",\"inLanguage\":\"tr\",\"@id\":\"https:\/\/adimlarim.com\/teutoburger-wald-externsteine\/#primaryimage\",\"url\":\"https:\/\/adimlarim.com\/wp-content\/uploads\/20220703_140440-DE-Teutoburger-Wald-Horn-Bad-Meinberg-Externsteine.jpg\",\"contentUrl\":\"https:\/\/adimlarim.com\/wp-content\/uploads\/20220703_140440-DE-Teutoburger-Wald-Horn-Bad-Meinberg-Externsteine.jpg\",\"width\":1920,\"height\":800,\"caption\":\"Deutschland: Teutoburger Wald: Externsteine; Almanya: Teutoburg Orman\u0131: Externsteine\"},{\"@type\":\"BreadcrumbList\",\"@id\":\"https:\/\/adimlarim.com\/teutoburger-wald-externsteine\/#breadcrumb\",\"itemListElement\":[{\"@type\":\"ListItem\",\"position\":1,\"name\":\"Startseite\",\"item\":\"https:\/\/adimlarim.com\/de\/\"},{\"@type\":\"ListItem\",\"position\":2,\"name\":\"Deutsch\u00adland: Teuto&shy;burger Wald: Extern&shy;steine\"}]},{\"@type\":\"WebSite\",\"@id\":\"https:\/\/adimlarim.com\/de\/#website\",\"url\":\"https:\/\/adimlarim.com\/de\/\",\"name\":\"Ad\u0131mlar\u0131m\",\"description\":\"jede Reise beginnt mit den ersten Schritten\",\"publisher\":{\"@id\":\"https:\/\/adimlarim.com\/de\/#organization\"},\"alternateName\":\"Adimlarim\",\"potentialAction\":[{\"@type\":\"SearchAction\",\"target\":{\"@type\":\"EntryPoint\",\"urlTemplate\":\"https:\/\/adimlarim.com\/de\/?s={search_term_string}\"},\"query-input\":{\"@type\":\"PropertyValueSpecification\",\"valueRequired\":true,\"valueName\":\"search_term_string\"}}],\"inLanguage\":\"tr\"},{\"@type\":\"Organization\",\"@id\":\"https:\/\/adimlarim.com\/de\/#organization\",\"name\":\"Ad\u0131mlar\u0131m\",\"url\":\"https:\/\/adimlarim.com\/de\/\",\"logo\":{\"@type\":\"ImageObject\",\"inLanguage\":\"tr\",\"@id\":\"https:\/\/adimlarim.com\/de\/#\/schema\/logo\/image\/\",\"url\":\"https:\/\/adimlarim.com\/wp-content\/uploads\/adimlarim.com_.perspektive.kontur.verlauf.blau_.header.png\",\"contentUrl\":\"https:\/\/adimlarim.com\/wp-content\/uploads\/adimlarim.com_.perspektive.kontur.verlauf.blau_.header.png\",\"width\":401,\"height\":319,\"caption\":\"Ad\u0131mlar\u0131m\"},\"image\":{\"@id\":\"https:\/\/adimlarim.com\/de\/#\/schema\/logo\/image\/\"}},{\"@type\":\"Person\",\"@id\":\"https:\/\/adimlarim.com\/de\/#\/schema\/person\/c44c648a41b8519f8e022d74c6de7805\",\"name\":\"ZNMAC\",\"url\":\"https:\/\/adimlarim.com\/tr\/author\/znmac\/\"}]}<\/script>\n<!-- \/ Yoast SEO plugin. -->","yoast_head_json":{"title":"Deutsch\u00adland: Teuto&shy;burger Wald: Extern&shy;steine - adimlarim.com","description":"Al\u00adman\u00adya","robots":{"index":"index","follow":"follow","max-snippet":"max-snippet:-1","max-image-preview":"max-image-preview:large","max-video-preview":"max-video-preview:-1"},"canonical":"https:\/\/adimlarim.com\/tr\/teutoburger-wald-externsteine\/","schema":{"@context":"https:\/\/schema.org","@graph":[{"@type":"Article","@id":"https:\/\/adimlarim.com\/teutoburger-wald-externsteine\/#article","isPartOf":{"@id":"https:\/\/adimlarim.com\/teutoburger-wald-externsteine\/"},"author":{"name":"ZNMAC","@id":"https:\/\/adimlarim.com\/de\/#\/schema\/person\/c44c648a41b8519f8e022d74c6de7805"},"headline":"Deutsch\u00adland: Teuto&shy;burger Wald: Extern&shy;steine","datePublished":"2022-07-03T09:37:30+00:00","dateModified":"2024-08-06T09:33:58+00:00","mainEntityOfPage":{"@id":"https:\/\/adimlarim.com\/teutoburger-wald-externsteine\/"},"wordCount":2046,"publisher":{"@id":"https:\/\/adimlarim.com\/de\/#organization"},"image":{"@id":"https:\/\/adimlarim.com\/teutoburger-wald-externsteine\/#primaryimage"},"thumbnailUrl":"https:\/\/adimlarim.com\/wp-content\/uploads\/20220703_140440-DE-Teutoburger-Wald-Horn-Bad-Meinberg-Externsteine.jpg","keywords":["Denkm\u00e4ler","Extern\u00adsteine","Heiligt\u00fcmer","Horn-Bad Mein\u00adberg","Kult\u00adst\u00e4tten","Nord\u00adrhein-West\u00adfalen","Panorama","Teuto\u00adburger Wald"],"articleSection":["Aussichts\u00adpunkte","Deutsch\u00adland","Natur","Orte + St\u00e4tten","Reisen"],"inLanguage":"tr"},{"@type":"WebPage","@id":"https:\/\/adimlarim.com\/teutoburger-wald-externsteine\/","url":"https:\/\/adimlarim.com\/teutoburger-wald-externsteine\/","name":"Deutsch\u00adland: Teuto&shy;burger Wald: Extern&shy;steine - adimlarim.com","isPartOf":{"@id":"https:\/\/adimlarim.com\/de\/#website"},"primaryImageOfPage":{"@id":"https:\/\/adimlarim.com\/teutoburger-wald-externsteine\/#primaryimage"},"image":{"@id":"https:\/\/adimlarim.com\/teutoburger-wald-externsteine\/#primaryimage"},"thumbnailUrl":"https:\/\/adimlarim.com\/wp-content\/uploads\/20220703_140440-DE-Teutoburger-Wald-Horn-Bad-Meinberg-Externsteine.jpg","datePublished":"2022-07-03T09:37:30+00:00","dateModified":"2024-08-06T09:33:58+00:00","description":"Al\u00adman\u00adya","breadcrumb":{"@id":"https:\/\/adimlarim.com\/teutoburger-wald-externsteine\/#breadcrumb"},"inLanguage":"tr","potentialAction":[{"@type":"ReadAction","target":["https:\/\/adimlarim.com\/teutoburger-wald-externsteine\/"]}]},{"@type":"ImageObject","inLanguage":"tr","@id":"https:\/\/adimlarim.com\/teutoburger-wald-externsteine\/#primaryimage","url":"https:\/\/adimlarim.com\/wp-content\/uploads\/20220703_140440-DE-Teutoburger-Wald-Horn-Bad-Meinberg-Externsteine.jpg","contentUrl":"https:\/\/adimlarim.com\/wp-content\/uploads\/20220703_140440-DE-Teutoburger-Wald-Horn-Bad-Meinberg-Externsteine.jpg","width":1920,"height":800,"caption":"Deutschland: Teutoburger Wald: Externsteine; Almanya: Teutoburg Orman\u0131: Externsteine"},{"@type":"BreadcrumbList","@id":"https:\/\/adimlarim.com\/teutoburger-wald-externsteine\/#breadcrumb","itemListElement":[{"@type":"ListItem","position":1,"name":"Startseite","item":"https:\/\/adimlarim.com\/de\/"},{"@type":"ListItem","position":2,"name":"Deutsch\u00adland: Teuto&shy;burger Wald: Extern&shy;steine"}]},{"@type":"WebSite","@id":"https:\/\/adimlarim.com\/de\/#website","url":"https:\/\/adimlarim.com\/de\/","name":"Ad\u0131mlar\u0131m","description":"jede Reise beginnt mit den ersten Schritten","publisher":{"@id":"https:\/\/adimlarim.com\/de\/#organization"},"alternateName":"Adimlarim","potentialAction":[{"@type":"SearchAction","target":{"@type":"EntryPoint","urlTemplate":"https:\/\/adimlarim.com\/de\/?s={search_term_string}"},"query-input":{"@type":"PropertyValueSpecification","valueRequired":true,"valueName":"search_term_string"}}],"inLanguage":"tr"},{"@type":"Organization","@id":"https:\/\/adimlarim.com\/de\/#organization","name":"Ad\u0131mlar\u0131m","url":"https:\/\/adimlarim.com\/de\/","logo":{"@type":"ImageObject","inLanguage":"tr","@id":"https:\/\/adimlarim.com\/de\/#\/schema\/logo\/image\/","url":"https:\/\/adimlarim.com\/wp-content\/uploads\/adimlarim.com_.perspektive.kontur.verlauf.blau_.header.png","contentUrl":"https:\/\/adimlarim.com\/wp-content\/uploads\/adimlarim.com_.perspektive.kontur.verlauf.blau_.header.png","width":401,"height":319,"caption":"Ad\u0131mlar\u0131m"},"image":{"@id":"https:\/\/adimlarim.com\/de\/#\/schema\/logo\/image\/"}},{"@type":"Person","@id":"https:\/\/adimlarim.com\/de\/#\/schema\/person\/c44c648a41b8519f8e022d74c6de7805","name":"ZNMAC","url":"https:\/\/adimlarim.com\/tr\/author\/znmac\/"}]}},"_links":{"self":[{"href":"https:\/\/adimlarim.com\/tr\/wp-json\/wp\/v2\/posts\/25","targetHints":{"allow":["GET"]}}],"collection":[{"href":"https:\/\/adimlarim.com\/tr\/wp-json\/wp\/v2\/posts"}],"about":[{"href":"https:\/\/adimlarim.com\/tr\/wp-json\/wp\/v2\/types\/post"}],"author":[{"embeddable":true,"href":"https:\/\/adimlarim.com\/tr\/wp-json\/wp\/v2\/users\/5"}],"replies":[{"embeddable":true,"href":"https:\/\/adimlarim.com\/tr\/wp-json\/wp\/v2\/comments?post=25"}],"version-history":[{"count":0,"href":"https:\/\/adimlarim.com\/tr\/wp-json\/wp\/v2\/posts\/25\/revisions"}],"wp:featuredmedia":[{"embeddable":true,"href":"https:\/\/adimlarim.com\/tr\/wp-json\/wp\/v2\/media\/1213"}],"wp:attachment":[{"href":"https:\/\/adimlarim.com\/tr\/wp-json\/wp\/v2\/media?parent=25"}],"wp:term":[{"taxonomy":"category","embeddable":true,"href":"https:\/\/adimlarim.com\/tr\/wp-json\/wp\/v2\/categories?post=25"},{"taxonomy":"post_tag","embeddable":true,"href":"https:\/\/adimlarim.com\/tr\/wp-json\/wp\/v2\/tags?post=25"}],"curies":[{"name":"wp","href":"https:\/\/api.w.org\/{rel}","templated":true}]}}