{"id":2786,"date":"2019-09-20T12:26:00","date_gmt":"2019-09-20T10:26:00","guid":{"rendered":"https:\/\/adimlarim.com\/?p=2786"},"modified":"2024-04-05T17:33:35","modified_gmt":"2024-04-05T15:33:35","slug":"deutschland-koblenz","status":"publish","type":"post","link":"https:\/\/adimlarim.com\/tr\/deutschland-koblenz\/","title":{"rendered":"Almanya: Koblenz"},"content":{"rendered":"<p>Koblenz \u015fehri b\u00fcy\u00fcleyici, Moselle Nehri'nin Ren Nehri ile birle\u015fti\u011fi yerde yer almaktad\u0131r. Almanya'n\u0131n en eski \u015fehirlerinden biridir. G\u00f6r\u00fcn\u00fcrde Koblenz b\u00f6lgesi Ta\u015f Devri'nden beri insanlara ilgi \u00e7ekici gelmi\u015f. Romal\u0131lar da bu cevheri fark edip Confluentes Kalesi'ni (birle\u015fim noktas\u0131ndaki kale) kurmu\u015flar. Ge\u00e7mi\u015fin izleri halen bulunmakta ve bu Koblenz'i arkeoloji i\u00e7in verimli bir alan haline getirdi.<\/p>\n\n\n\n<div class=\"wp-block-media-text is-stacked-on-mobile\"><figure class=\"wp-block-media-text__media\"><img loading=\"lazy\" decoding=\"async\" width=\"1080\" height=\"850\" src=\"https:\/\/adimlarim.com\/wp-content\/uploads\/DEU-Koblenz-20190920_102317-rotated.jpg\" alt=\"Altstadt von Koblenz in Deutschland; Almanya'da eski Koblenz \u015fehri\" class=\"wp-image-2844 size-full\" srcset=\"https:\/\/adimlarim.com\/wp-content\/uploads\/DEU-Koblenz-20190920_102317-rotated.jpg 1080w, https:\/\/adimlarim.com\/wp-content\/uploads\/DEU-Koblenz-20190920_102317-1024x806.jpg 1024w, https:\/\/adimlarim.com\/wp-content\/uploads\/DEU-Koblenz-20190920_102317-768x604.jpg 768w, https:\/\/adimlarim.com\/wp-content\/uploads\/DEU-Koblenz-20190920_102317-15x12.jpg 15w\" sizes=\"auto, (max-width: 1080px) 100vw, 1080px\" \/><\/figure><div class=\"wp-block-media-text__content\">\n<h2 class=\"wp-block-heading\">Koblenz'in eski kent b\u00f6lgesi<\/h2>\n\n\n\n<p>Zaman\u0131n\u0131z varsa, romantik dar sokaklar\u0131, pitoresk avlular\u0131, tarihi binalar\u0131 ve \u015firin kafeleriyle Koblenz'in eski kent b\u00f6lges ziyaret etmelisiniz. Deutsches Eck'e giden yol \u00fczerinde g\u00f6r\u00fclecek yerler aras\u0131nda bunlarda bulunmaktad\u0131r: Belediye binas\u0131, Jesuitenplatz meydan\u0131, Liebfrauenkirche kilisesi, \"Am Plan\" meydan\u0131, \"D\u00f6rt Kule\" (Am Plan, L\u00f6hrstra\u00dfe, Marktstra\u00dfe ve Altengraben'in yollar\u0131n kesi\u015fti\u011fi meydanda havaya bak\u0131ld\u0131\u011f\u0131nda sergilenen manzaraya verilen isim), Haus Metternich, Altes M\u00fcnzmeisterhaus ve \u00e7ok daha fazlas\u0131: <a href=\"https:\/\/www.visit-koblenz.de\/sehenswuerdigkeiten\" target=\"_blank\" rel=\"noreferrer noopener\">Entdecken Sie die Sehensw\u00fcrdigkeiten der Stadt an Rhein und Mosel (Visit Koblenz) (Ren ve Moselle k\u0131y\u0131s\u0131ndaki \u015fehrin turistik yerlerini ke\u015ffedin)<\/a>.<\/p>\n<\/div><\/div>\n\n\n\n<h2 class=\"wp-block-heading\">Aziz Castor Bazilikas\u0131<\/h2>\n\n\n\n<p>Aziz Castor Bazilikas\u0131 (Basilika St. Kastor) halk aras\u0131nda Kastor Kilisesi olarak bilinir. Koblenz'deki ilk Aziz Kastor Kilisesi (o zamanlar Koblenz s\u0131n\u0131rlar\u0131 d\u0131\u015f\u0131ndayd\u0131) 817 civar\u0131nda bir tap\u0131na\u011f\u0131n temelleri \u00fczerine, ikincisi ise 882 civar\u0131nda in\u015fa edilmi\u015ftir. Verdun Antla\u015fmas\u0131'n\u0131n \u00f6n g\u00f6r\u00fc\u015fmelerinin yap\u0131ld\u0131\u011f\u0131 yer.<\/p>\n\n\n\n<div class=\"wp-block-media-text is-stacked-on-mobile is-vertically-aligned-center\"><figure class=\"wp-block-media-text__media\"><img loading=\"lazy\" decoding=\"async\" width=\"850\" height=\"850\" src=\"https:\/\/adimlarim.com\/wp-content\/uploads\/DEU-Koblenz-20190920_104824-rotated.jpg\" alt=\"Deutsches Eck in Koblenz, Deutschland; Koblenz'deki Deutsches Eck, Almanya\" class=\"wp-image-2854 size-full\" srcset=\"https:\/\/adimlarim.com\/wp-content\/uploads\/DEU-Koblenz-20190920_104824-rotated.jpg 850w, https:\/\/adimlarim.com\/wp-content\/uploads\/DEU-Koblenz-20190920_104824-768x768.jpg 768w, https:\/\/adimlarim.com\/wp-content\/uploads\/DEU-Koblenz-20190920_104824-12x12.jpg 12w\" sizes=\"auto, (max-width: 850px) 100vw, 850px\" \/><\/figure><div class=\"wp-block-media-text__content\">\n<h2 class=\"wp-block-heading\">Deutsches Eck<\/h2>\n\n\n\n<p>Eski Koblenz s\u0131n\u0131rlar\u0131 d\u0131\u015f\u0131ndaki bu yer \"Deutscher Ordt\" olarak adland\u0131r\u0131lm\u0131\u015f ama zaman a\u015famas\u0131nda Koblenz s\u0131n\u0131r\u0131na dahil olup \"Deutsches Eck\" (Alman K\u00f6\u015fesi) olarak bilindi. 1216 y\u0131l\u0131 civar\u0131nda Ba\u015fpiskopos Theoderich von Wied taraf\u0131ndan T\u00f6ton Tarikat\u0131 \u015e\u00f6valyelerine verilen b\u00f6lgenin bir par\u00e7as\u0131yd\u0131. Deutsches Eck burnu 1890 civar\u0131nda nehirin belirlirli b\u00f6l\u00fcmleri dodurularak bug\u00fcnk\u00fc halini alm\u0131\u015ft\u0131r.<\/p>\n<\/div><\/div>\n\n\n\n<h2 class=\"wp-block-heading\">Kaiser Wilhelm An\u0131t\u0131<\/h2>\n\n\n\n<p>Kaiser Wilhelm An\u0131t\u0131 Deutsches Eck \u00fczerinde bulunmakta. Yakla\u015f\u0131k 1897 senesinde kurulan an\u0131t, a\u011fa\u00e7 s\u0131ralar\u0131n\u0131n aras\u0131ndan an\u0131tsal bir \u015fekilde \u00f6ne \u00e7\u0131kmaktad\u0131r. An\u0131ta mutlaka t\u0131rmanmal\u0131, Deutsches Eck'teki c\u0131v\u0131l c\u0131v\u0131l o kalabal\u0131\u011f\u0131 izeleyi\u011f ve Moselle ile Ren nehirleri aras\u0131ndaki renk fark\u0131n\u0131 g\u00f6rmeye \u00e7al\u0131\u015fmal\u0131s\u0131n\u0131z.<\/p>\n\n\n\n<figure class=\"wp-block-image alignwide size-full\"><img loading=\"lazy\" decoding=\"async\" width=\"1080\" height=\"670\" src=\"https:\/\/adimlarim.com\/wp-content\/uploads\/DEU-Koblenz-20190920_105959.jpg\" alt=\"Kaiser-Wilhelm-Denkmal in Koblenz, Deutschland; Koblenz'deki Kaiser Wilhelm An\u0131t\u0131, Almanya\" class=\"wp-image-2861\" srcset=\"https:\/\/adimlarim.com\/wp-content\/uploads\/DEU-Koblenz-20190920_105959.jpg 1080w, https:\/\/adimlarim.com\/wp-content\/uploads\/DEU-Koblenz-20190920_105959-1024x635.jpg 1024w, https:\/\/adimlarim.com\/wp-content\/uploads\/DEU-Koblenz-20190920_105959-768x476.jpg 768w, https:\/\/adimlarim.com\/wp-content\/uploads\/DEU-Koblenz-20190920_105959-18x12.jpg 18w\" sizes=\"auto, (max-width: 1080px) 100vw, 1080px\" \/><\/figure>\n\n\n\n<h2 class=\"wp-block-heading\">Koblenz teleferi\u011fi<\/h2>\n\n\n\n<p>Kaiser Wilhelm An\u0131t\u0131'dan 250 metre uzakl\u0131kta bulunan teleferik ile Ehrenbreitstein Kale Park\u0131'na \u00e7\u0131kabilirsiniz. Caml\u0131 kabinlerden nefes kesici bir \u015fekilde Koblenz'in manzaras\u0131n\u0131 bu seyahatinizde ka\u00e7\u0131rmamal\u0131s\u0131n\u0131z.<\/p>\n\n\n\n<figure class=\"wp-block-image alignwide size-full\"><img loading=\"lazy\" decoding=\"async\" width=\"1080\" height=\"670\" src=\"https:\/\/adimlarim.com\/wp-content\/uploads\/DEU-Koblenz-20190920_112502.jpg\" alt=\"Rhein-Mosel-Blick in Koblenz, Deutschland; Koblenz'deki Rhein-Mosel-Blick manzara yeri, Almanya\" class=\"wp-image-2857\" srcset=\"https:\/\/adimlarim.com\/wp-content\/uploads\/DEU-Koblenz-20190920_112502.jpg 1080w, https:\/\/adimlarim.com\/wp-content\/uploads\/DEU-Koblenz-20190920_112502-1024x635.jpg 1024w, https:\/\/adimlarim.com\/wp-content\/uploads\/DEU-Koblenz-20190920_112502-768x476.jpg 768w, https:\/\/adimlarim.com\/wp-content\/uploads\/DEU-Koblenz-20190920_112502-18x12.jpg 18w\" sizes=\"auto, (max-width: 1080px) 100vw, 1080px\" \/><\/figure>\n\n\n\n<h2 class=\"wp-block-heading\">Rhein-Mosel-Blick platformu<\/h2>\n\n\n\n<p>Ehrenbreitstein Kale Park\u0131'na vard\u0131\u011f\u0131n\u0131zda, platform teleferikten yakla\u015f\u0131k 250 metre ileride. <a href=\"https:\/\/www.romantischer-rhein.de\/a-rhein-mosel-blick\" target=\"_blank\" rel=\"noreferrer noopener\">Rhein-Mosel-Blick<\/a> platformu farkl\u0131 \u00e7aptan size tekrar bir manzara sunmakta. Foto\u011fraf \u00e7ekmek i\u00e7in gene g\u00fczel bir f\u0131rsat.<\/p>\n\n\n\n<div class=\"wp-block-media-text is-stacked-on-mobile\"><figure class=\"wp-block-media-text__media\"><img loading=\"lazy\" decoding=\"async\" width=\"850\" height=\"850\" src=\"https:\/\/adimlarim.com\/wp-content\/uploads\/DEU-Koblenz-20190920_124518.jpg\" alt=\"Festung Ehrenbreitstein in Koblenz, Deutschland; Koblenz'deki Ehrenbreitstein Kalesi, Almanya\" class=\"wp-image-2865 size-full\" srcset=\"https:\/\/adimlarim.com\/wp-content\/uploads\/DEU-Koblenz-20190920_124518.jpg 850w, https:\/\/adimlarim.com\/wp-content\/uploads\/DEU-Koblenz-20190920_124518-768x768.jpg 768w, https:\/\/adimlarim.com\/wp-content\/uploads\/DEU-Koblenz-20190920_124518-12x12.jpg 12w\" sizes=\"auto, (max-width: 850px) 100vw, 850px\" \/><\/figure><div class=\"wp-block-media-text__content\">\n<h2 class=\"wp-block-heading\">Ehrenbreitstein Kalesi<\/h2>\n\n\n\n<p>G\u00f6rkemli Ehrenbreitstein Kalesi Deutsches Eck'in ve Moselle Nehri'nin a\u011fz\u0131n\u0131n tam kar\u015f\u0131s\u0131nda, Ren Nehri'nin di\u011fer k\u0131y\u0131s\u0131ndak\u0131 bir tepede yer almakta. Yayalar kaleye teleferikle kolayca ula\u015fabilir.<\/p>\n\n\n\n<p>Kale binlerce y\u0131ld\u0131r askeri ama\u00e7la kullan\u0131lan bir alanda yer almaktad\u0131r. M.\u00d6. 10. y\u00fczy\u0131la kadar uzanan bir Bronz \u00c7a\u011f\u0131 tahkimat\u0131ndan, 1000 y\u0131l\u0131nda ilk ba\u015fta bir kale kompleksine d\u00f6n\u00fc\u015fm\u00fc\u015f. 16. y\u00fczy\u0131lda yava\u015f yava\u015f bir tahkimata d\u00f6n\u00fc\u015fm\u00fc\u015f ve 1817 civar\u0131nda bug\u00fcnk\u00fc halini alm\u0131\u015f. Kale bir tarih kitab\u0131 deniliyor, bo\u015funa de\u011fil.<\/p>\n\n\n\n<p>Bilgilendirici: <a href=\"https:\/\/www.kuladig.de\/Objektansicht\/O-98434-20140807-2\" target=\"_blank\" rel=\"noreferrer noopener\">Festung Ehrenbreitstein oberhalb von Koblenz (Landschaftsverband Rheinland)<\/a> <\/p>\n<\/div><\/div>\n\n\n\n<h2 class=\"wp-block-heading\">Koblenz Elekt\u00f6rl\u00fck Saray\u0131<\/h2>\n\n\n\n<p>Deutsches Eck'ten Ren Nehri'n k\u0131y\u0131s\u0131ndan y\u00fcr\u00fcrseniz Koblenz'in Elekt\u00f6rl\u00fck Saray\u0131'na (Kurf\u00fcrstliches Schloss) ula\u015f\u0131rs\u0131n\u0131z. Bir zamanlar piskoposlar\u0131n ikametgah\u0131, \u015fimdi ise federal eyaletin makam\u0131. Bana pek \u00e7ekici gelmedi. Ama klasisizme ilgi duyan herkese hitap edecektir. \u00c7\u00fcnk\u00fc erken d\u00f6nem Frans\u0131z klasisizminin g\u00fcneybat\u0131 Almanya'daki en \u00f6nemli saraylar\u0131ndan biri.<\/p>\n\n\n\n<h2 class=\"wp-block-heading\">Loreley + Ren romantizmi veya Moselle gemi gezisi<\/h2>\n\n\n\n<p>Loreley kayas\u0131na do\u011fru tekne turuna \u00e7\u0131kt\u0131\u011f\u0131n\u0131zda yol boyunca Ren romantizminin simgesi ile kar\u015f\u0131 kar\u015f\u0131ya olucaks\u0131n\u0131z. Fakat Koblenz'den bir Moselle tekne turu da m\u00fcmk\u00fcnd\u00fcr ve \u00e7ok g\u00fczeldir. G\u00fcvertede oturun; g\u00fcne\u015f teninize dokunsun; kaleler, harabeler, ye\u015fillikler, \u00fcz\u00fcm ba\u011flar\u0131 ile bu romantik manzaran\u0131n tad\u0131n\u0131 \u00e7\u0131kar\u0131n; pitoresk k\u00fc\u00e7\u00fck kasabalar g\u00f6z\u00fcn\u00fcz\u00fcn \u00f6n\u00fcnden ge\u00e7ip giderken ...<\/p>\n\n\n\n<p>Koblenz ba\u011f\u0131rmaz ama sessizce \u00e7a\u011f\u0131r\u0131r ve siz de bu \u00e7a\u011fr\u0131ya muhakkak kulak vermelisiniz gezginler<\/p>","protected":false},"excerpt":{"rendered":"<p>Moselle ve Ren nehirlerinin k\u0131y\u0131s\u0131ndaki Koblenz, Almanya'n\u0131n en eski \u015fehirlerinden biridir. Binlerce y\u0131ld\u0131r insanlar\u0131n ilgisini \u00fcst\u00fcne \u00e7ekmi\u015ftir.<\/p>","protected":false},"author":5,"featured_media":2839,"comment_status":"open","ping_status":"closed","sticky":false,"template":"","format":"standard","meta":{"footnotes":""},"categories":[27,26,177,25,20,238,52,9,96],"tags":[248,249,246,252,247,245,253,254,244,251,236,250],"class_list":["post-2786","post","type-post","status-publish","format-standard","has-post-thumbnail","hentry","category-aussichtspunkte","category-bauwerke","category-deutschland","category-kunst-kultur","category-orte-staetten","category-reisen","category-spaziergaenge","category-unesco-listen","category-wasser-meer","tag-altstadt","tag-basilika-st-kastor","tag-deutsches-eck","tag-ehrenbreitstein","tag-kaiser-wilhelm-denkmal","tag-koblenz","tag-loreley","tag-mosel","tag-rhein","tag-rhein-mosel-blick","tag-schloss","tag-seilbahn"],"yoast_head":"<!-- This site is optimized with the Yoast SEO plugin v25.6 - https:\/\/yoast.com\/wordpress\/plugins\/seo\/ -->\n<title>Deutschland: Koblenz - adimlarim.com<\/title>\n<meta name=\"description\" content=\"Spazier\u00adg\u00e4nge\" \/>\n<meta name=\"robots\" content=\"index, follow, max-snippet:-1, max-image-preview:large, max-video-preview:-1\" \/>\n<link rel=\"canonical\" href=\"https:\/\/adimlarim.com\/tr\/deutschland-koblenz\/\" \/>\n<script type=\"application\/ld+json\" class=\"yoast-schema-graph\">{\"@context\":\"https:\/\/schema.org\",\"@graph\":[{\"@type\":\"Article\",\"@id\":\"https:\/\/adimlarim.com\/deutschland-koblenz\/#article\",\"isPartOf\":{\"@id\":\"https:\/\/adimlarim.com\/deutschland-koblenz\/\"},\"author\":{\"name\":\"ZNMAC\",\"@id\":\"https:\/\/adimlarim.com\/de\/#\/schema\/person\/c44c648a41b8519f8e022d74c6de7805\"},\"headline\":\"Deutschland: Koblenz\",\"datePublished\":\"2019-09-20T10:26:00+00:00\",\"dateModified\":\"2024-04-05T15:33:35+00:00\",\"mainEntityOfPage\":{\"@id\":\"https:\/\/adimlarim.com\/deutschland-koblenz\/\"},\"wordCount\":637,\"commentCount\":0,\"publisher\":{\"@id\":\"https:\/\/adimlarim.com\/de\/#organization\"},\"image\":{\"@id\":\"https:\/\/adimlarim.com\/deutschland-koblenz\/#primaryimage\"},\"thumbnailUrl\":\"https:\/\/adimlarim.com\/wp-content\/uploads\/DEU-Koblenz-20190920_124021.jpg\",\"keywords\":[\"Altstadt\",\"Basilika St. Kastor\",\"Deutsches Eck\",\"Ehrenbreitstein\",\"Kaiser-Wilhelm-Denkmal\",\"Koblenz\",\"Loreley\",\"Mosel\",\"Rhein\",\"Rhein-Mosel-Blick\",\"Schloss\",\"Seilbahn\"],\"articleSection\":[\"Aussichts\u00adpunkte\",\"Bau\u00adwerke\",\"Deutsch\u00adland\",\"Kunst + Kultur\",\"Orte + St\u00e4tten\",\"Reisen\",\"Spazier\u00adg\u00e4nge\",\"UNESCO-Listen\",\"Wasser + Meer\"],\"inLanguage\":\"tr\",\"potentialAction\":[{\"@type\":\"CommentAction\",\"name\":\"Comment\",\"target\":[\"https:\/\/adimlarim.com\/deutschland-koblenz\/#respond\"]}]},{\"@type\":\"WebPage\",\"@id\":\"https:\/\/adimlarim.com\/deutschland-koblenz\/\",\"url\":\"https:\/\/adimlarim.com\/deutschland-koblenz\/\",\"name\":\"Deutschland: Koblenz - adimlarim.com\",\"isPartOf\":{\"@id\":\"https:\/\/adimlarim.com\/de\/#website\"},\"primaryImageOfPage\":{\"@id\":\"https:\/\/adimlarim.com\/deutschland-koblenz\/#primaryimage\"},\"image\":{\"@id\":\"https:\/\/adimlarim.com\/deutschland-koblenz\/#primaryimage\"},\"thumbnailUrl\":\"https:\/\/adimlarim.com\/wp-content\/uploads\/DEU-Koblenz-20190920_124021.jpg\",\"datePublished\":\"2019-09-20T10:26:00+00:00\",\"dateModified\":\"2024-04-05T15:33:35+00:00\",\"description\":\"Spazier\u00adg\u00e4nge\",\"breadcrumb\":{\"@id\":\"https:\/\/adimlarim.com\/deutschland-koblenz\/#breadcrumb\"},\"inLanguage\":\"tr\",\"potentialAction\":[{\"@type\":\"ReadAction\",\"target\":[\"https:\/\/adimlarim.com\/deutschland-koblenz\/\"]}]},{\"@type\":\"ImageObject\",\"inLanguage\":\"tr\",\"@id\":\"https:\/\/adimlarim.com\/deutschland-koblenz\/#primaryimage\",\"url\":\"https:\/\/adimlarim.com\/wp-content\/uploads\/DEU-Koblenz-20190920_124021.jpg\",\"contentUrl\":\"https:\/\/adimlarim.com\/wp-content\/uploads\/DEU-Koblenz-20190920_124021.jpg\",\"width\":1920,\"height\":1190,\"caption\":\"Deutschland: Koblenz; Almanya: Koblenz\"},{\"@type\":\"BreadcrumbList\",\"@id\":\"https:\/\/adimlarim.com\/deutschland-koblenz\/#breadcrumb\",\"itemListElement\":[{\"@type\":\"ListItem\",\"position\":1,\"name\":\"Startseite\",\"item\":\"https:\/\/adimlarim.com\/de\/\"},{\"@type\":\"ListItem\",\"position\":2,\"name\":\"Deutschland: Koblenz\"}]},{\"@type\":\"WebSite\",\"@id\":\"https:\/\/adimlarim.com\/de\/#website\",\"url\":\"https:\/\/adimlarim.com\/de\/\",\"name\":\"Ad\u0131mlar\u0131m\",\"description\":\"jede Reise beginnt mit den ersten Schritten\",\"publisher\":{\"@id\":\"https:\/\/adimlarim.com\/de\/#organization\"},\"alternateName\":\"Adimlarim\",\"potentialAction\":[{\"@type\":\"SearchAction\",\"target\":{\"@type\":\"EntryPoint\",\"urlTemplate\":\"https:\/\/adimlarim.com\/de\/?s={search_term_string}\"},\"query-input\":{\"@type\":\"PropertyValueSpecification\",\"valueRequired\":true,\"valueName\":\"search_term_string\"}}],\"inLanguage\":\"tr\"},{\"@type\":\"Organization\",\"@id\":\"https:\/\/adimlarim.com\/de\/#organization\",\"name\":\"Ad\u0131mlar\u0131m\",\"url\":\"https:\/\/adimlarim.com\/de\/\",\"logo\":{\"@type\":\"ImageObject\",\"inLanguage\":\"tr\",\"@id\":\"https:\/\/adimlarim.com\/de\/#\/schema\/logo\/image\/\",\"url\":\"https:\/\/adimlarim.com\/wp-content\/uploads\/adimlarim.com_.perspektive.kontur.verlauf.blau_.header.png\",\"contentUrl\":\"https:\/\/adimlarim.com\/wp-content\/uploads\/adimlarim.com_.perspektive.kontur.verlauf.blau_.header.png\",\"width\":401,\"height\":319,\"caption\":\"Ad\u0131mlar\u0131m\"},\"image\":{\"@id\":\"https:\/\/adimlarim.com\/de\/#\/schema\/logo\/image\/\"}},{\"@type\":\"Person\",\"@id\":\"https:\/\/adimlarim.com\/de\/#\/schema\/person\/c44c648a41b8519f8e022d74c6de7805\",\"name\":\"ZNMAC\",\"url\":\"https:\/\/adimlarim.com\/tr\/author\/znmac\/\"}]}<\/script>\n<!-- \/ Yoast SEO plugin. -->","yoast_head_json":{"title":"Deutschland: Koblenz - adimlarim.com","description":"Gezme","robots":{"index":"index","follow":"follow","max-snippet":"max-snippet:-1","max-image-preview":"max-image-preview:large","max-video-preview":"max-video-preview:-1"},"canonical":"https:\/\/adimlarim.com\/tr\/deutschland-koblenz\/","schema":{"@context":"https:\/\/schema.org","@graph":[{"@type":"Article","@id":"https:\/\/adimlarim.com\/deutschland-koblenz\/#article","isPartOf":{"@id":"https:\/\/adimlarim.com\/deutschland-koblenz\/"},"author":{"name":"ZNMAC","@id":"https:\/\/adimlarim.com\/de\/#\/schema\/person\/c44c648a41b8519f8e022d74c6de7805"},"headline":"Deutschland: Koblenz","datePublished":"2019-09-20T10:26:00+00:00","dateModified":"2024-04-05T15:33:35+00:00","mainEntityOfPage":{"@id":"https:\/\/adimlarim.com\/deutschland-koblenz\/"},"wordCount":637,"commentCount":0,"publisher":{"@id":"https:\/\/adimlarim.com\/de\/#organization"},"image":{"@id":"https:\/\/adimlarim.com\/deutschland-koblenz\/#primaryimage"},"thumbnailUrl":"https:\/\/adimlarim.com\/wp-content\/uploads\/DEU-Koblenz-20190920_124021.jpg","keywords":["Altstadt","Basilika St. Kastor","Deutsches Eck","Ehrenbreitstein","Kaiser-Wilhelm-Denkmal","Koblenz","Loreley","Mosel","Rhein","Rhein-Mosel-Blick","Schloss","Seilbahn"],"articleSection":["Aussichts\u00adpunkte","Bau\u00adwerke","Deutsch\u00adland","Kunst + Kultur","Orte + St\u00e4tten","Reisen","Spazier\u00adg\u00e4nge","UNESCO-Listen","Wasser + Meer"],"inLanguage":"tr","potentialAction":[{"@type":"CommentAction","name":"Comment","target":["https:\/\/adimlarim.com\/deutschland-koblenz\/#respond"]}]},{"@type":"WebPage","@id":"https:\/\/adimlarim.com\/deutschland-koblenz\/","url":"https:\/\/adimlarim.com\/deutschland-koblenz\/","name":"Deutschland: Koblenz - adimlarim.com","isPartOf":{"@id":"https:\/\/adimlarim.com\/de\/#website"},"primaryImageOfPage":{"@id":"https:\/\/adimlarim.com\/deutschland-koblenz\/#primaryimage"},"image":{"@id":"https:\/\/adimlarim.com\/deutschland-koblenz\/#primaryimage"},"thumbnailUrl":"https:\/\/adimlarim.com\/wp-content\/uploads\/DEU-Koblenz-20190920_124021.jpg","datePublished":"2019-09-20T10:26:00+00:00","dateModified":"2024-04-05T15:33:35+00:00","description":"Gezme","breadcrumb":{"@id":"https:\/\/adimlarim.com\/deutschland-koblenz\/#breadcrumb"},"inLanguage":"tr","potentialAction":[{"@type":"ReadAction","target":["https:\/\/adimlarim.com\/deutschland-koblenz\/"]}]},{"@type":"ImageObject","inLanguage":"tr","@id":"https:\/\/adimlarim.com\/deutschland-koblenz\/#primaryimage","url":"https:\/\/adimlarim.com\/wp-content\/uploads\/DEU-Koblenz-20190920_124021.jpg","contentUrl":"https:\/\/adimlarim.com\/wp-content\/uploads\/DEU-Koblenz-20190920_124021.jpg","width":1920,"height":1190,"caption":"Deutschland: Koblenz; Almanya: Koblenz"},{"@type":"BreadcrumbList","@id":"https:\/\/adimlarim.com\/deutschland-koblenz\/#breadcrumb","itemListElement":[{"@type":"ListItem","position":1,"name":"Startseite","item":"https:\/\/adimlarim.com\/de\/"},{"@type":"ListItem","position":2,"name":"Deutschland: Koblenz"}]},{"@type":"WebSite","@id":"https:\/\/adimlarim.com\/de\/#website","url":"https:\/\/adimlarim.com\/de\/","name":"Ad\u0131mlar\u0131m","description":"jede Reise beginnt mit den ersten Schritten","publisher":{"@id":"https:\/\/adimlarim.com\/de\/#organization"},"alternateName":"Adimlarim","potentialAction":[{"@type":"SearchAction","target":{"@type":"EntryPoint","urlTemplate":"https:\/\/adimlarim.com\/de\/?s={search_term_string}"},"query-input":{"@type":"PropertyValueSpecification","valueRequired":true,"valueName":"search_term_string"}}],"inLanguage":"tr"},{"@type":"Organization","@id":"https:\/\/adimlarim.com\/de\/#organization","name":"Ad\u0131mlar\u0131m","url":"https:\/\/adimlarim.com\/de\/","logo":{"@type":"ImageObject","inLanguage":"tr","@id":"https:\/\/adimlarim.com\/de\/#\/schema\/logo\/image\/","url":"https:\/\/adimlarim.com\/wp-content\/uploads\/adimlarim.com_.perspektive.kontur.verlauf.blau_.header.png","contentUrl":"https:\/\/adimlarim.com\/wp-content\/uploads\/adimlarim.com_.perspektive.kontur.verlauf.blau_.header.png","width":401,"height":319,"caption":"Ad\u0131mlar\u0131m"},"image":{"@id":"https:\/\/adimlarim.com\/de\/#\/schema\/logo\/image\/"}},{"@type":"Person","@id":"https:\/\/adimlarim.com\/de\/#\/schema\/person\/c44c648a41b8519f8e022d74c6de7805","name":"ZNMAC","url":"https:\/\/adimlarim.com\/tr\/author\/znmac\/"}]}},"_links":{"self":[{"href":"https:\/\/adimlarim.com\/tr\/wp-json\/wp\/v2\/posts\/2786","targetHints":{"allow":["GET"]}}],"collection":[{"href":"https:\/\/adimlarim.com\/tr\/wp-json\/wp\/v2\/posts"}],"about":[{"href":"https:\/\/adimlarim.com\/tr\/wp-json\/wp\/v2\/types\/post"}],"author":[{"embeddable":true,"href":"https:\/\/adimlarim.com\/tr\/wp-json\/wp\/v2\/users\/5"}],"replies":[{"embeddable":true,"href":"https:\/\/adimlarim.com\/tr\/wp-json\/wp\/v2\/comments?post=2786"}],"version-history":[{"count":0,"href":"https:\/\/adimlarim.com\/tr\/wp-json\/wp\/v2\/posts\/2786\/revisions"}],"wp:featuredmedia":[{"embeddable":true,"href":"https:\/\/adimlarim.com\/tr\/wp-json\/wp\/v2\/media\/2839"}],"wp:attachment":[{"href":"https:\/\/adimlarim.com\/tr\/wp-json\/wp\/v2\/media?parent=2786"}],"wp:term":[{"taxonomy":"category","embeddable":true,"href":"https:\/\/adimlarim.com\/tr\/wp-json\/wp\/v2\/categories?post=2786"},{"taxonomy":"post_tag","embeddable":true,"href":"https:\/\/adimlarim.com\/tr\/wp-json\/wp\/v2\/tags?post=2786"}],"curies":[{"name":"wp","href":"https:\/\/api.w.org\/{rel}","templated":true}]}}