{"id":3207,"date":"2024-02-27T07:35:12","date_gmt":"2024-02-27T06:35:12","guid":{"rendered":"https:\/\/adimlarim.com\/?p=3207"},"modified":"2024-07-29T08:53:21","modified_gmt":"2024-07-29T06:53:21","slug":"portugal-algarve-pflanzenwelt","status":"publish","type":"post","link":"https:\/\/adimlarim.com\/tr\/portugal-algarve-pflanzenwelt\/","title":{"rendered":"Por\u00adte\u00adkiz: Al\u00adgar\u00adve: Bit\u00adki alemi"},"content":{"rendered":"<p>\u0130kli\u00admin et\u00adki\u00adsi yan\u0131 s\u0131ra top\u00adrak t\u00fcr\u00fc de bit\u00adki d\u00fcn\u00adya\u00ads\u0131\u00adn\u0131n \u00e7e\u015fit\u00adli\u00adli\u011fini et\u00adki\u00adler. Al\u00adgar\u00adve b\u00fc\u00ady\u00fck \u00f6l\u00ad\u00e7\u00fc\u00adde kum\u00adta\u015f\u0131, kil\u00adli kay\u00adrak\u00adta\u015f\u0131 ve kire\u00e7\u00adta\u00ad\u015f\u0131n\u00addan olu\u015f\u00admak\u00adta\u00add\u0131r. Ta\u00adbiat ka\u00adnun\u00adla\u00adr\u0131n\u00adla ge\u00adli\u015f\u00admi\u015f bu do\u011fa da in\u00adsan\u00ado\u011flu bu\u00adra\u00adda da ara\u00adzi\u00adyi temiz\u00adle\u00adye\u00adrek fark\u00adl\u0131 bir bit\u00adki \u00f6r\u00adt\u00fc\u00ads\u00fc ya\u00adrat\u00adm\u0131\u015f. Ge\u00e7mi\u015fte Al\u00adgar\u00adve ormanl\u0131km\u0131\u015f.<\/p>\n\n\n\n<div class=\"wp-block-media-text is-stacked-on-mobile\" style=\"grid-template-columns:40% auto\"><figure class=\"wp-block-media-text__media\"><img loading=\"lazy\" decoding=\"async\" width=\"850\" height=\"1080\" src=\"https:\/\/adimlarim.com\/wp-content\/uploads\/Portugal-Algarve-20231031_133110-rotated.jpg\" alt=\"\" class=\"wp-image-3264 size-full\" srcset=\"https:\/\/adimlarim.com\/wp-content\/uploads\/Portugal-Algarve-20231031_133110-rotated.jpg 850w, https:\/\/adimlarim.com\/wp-content\/uploads\/Portugal-Algarve-20231031_133110-806x1024.jpg 806w, https:\/\/adimlarim.com\/wp-content\/uploads\/Portugal-Algarve-20231031_133110-768x976.jpg 768w, https:\/\/adimlarim.com\/wp-content\/uploads\/Portugal-Algarve-20231031_133110-9x12.jpg 9w\" sizes=\"auto, (max-width: 850px) 100vw, 850px\" \/><\/figure><div class=\"wp-block-media-text__content\">\n<p>Zaman esna\u00ads\u0131n\u00adda, \u00f6zel\u00adlik\u00adle k\u0131y\u0131\u00adlar\u00adda ve me\u00adde\u00adni\u00adye\u00adte ya\u00adk\u0131n yer\u00adler\u00adde, d\u00fcn\u00adya\u00adn\u0131n di\u011fer b\u00f6l\u00adge\u00adle\u00adrin\u00adden gelen bit\u00adki\u00adler de bura\u00adda t\u00fc\u00adre\u00admi\u015f.<\/p>\n\n\n\n<p>Dik\u00adkat \u00e7eken \u00f6r\u00adnek\u00adler\u00adden biri de por\u00adta\u00adkal, \u00e7\u00fcn\u00adk\u00fc k\u0131\u00ad\u015f\u0131n bile in\u00adsa\u00adn\u0131n g\u00f6\u00adz\u00fcne \u00e7ar\u00adp\u0131\u00adyor. Al\u00adgar\u00adve ta\u00adr\u0131\u00adm\u0131n\u00adda b\u00fc\u00ady\u00fck \u00f6l\u00ad\u00e7\u00fc\u00adde \u00f6zel bir et\u00adki\u00adsi var gibi g\u00f6\u00adr\u00fc\u00adn\u00fc\u00adyor. An\u00adcak as\u00adl\u0131 G\u00fcney\u00addo\u011fu Asya'dan gel\u00adme ve Av\u00adru\u00adpa'da an\u00adcak 15. y\u00fcz\u00ady\u0131\u00adlar\u00adda ilk izi be\u00adlir\u00adlen\u00admi\u015f.<\/p>\n<\/div><\/div>\n\n\n\n<div class=\"wp-block-media-text is-stacked-on-mobile\" style=\"grid-template-columns:40% auto\"><figure class=\"wp-block-media-text__media\"><img loading=\"lazy\" decoding=\"async\" width=\"850\" height=\"1080\" src=\"https:\/\/adimlarim.com\/wp-content\/uploads\/Portugal-Algarve-20231030_125401.jpg\" alt=\"\" class=\"wp-image-3260 size-full\" srcset=\"https:\/\/adimlarim.com\/wp-content\/uploads\/Portugal-Algarve-20231030_125401.jpg 850w, https:\/\/adimlarim.com\/wp-content\/uploads\/Portugal-Algarve-20231030_125401-806x1024.jpg 806w, https:\/\/adimlarim.com\/wp-content\/uploads\/Portugal-Algarve-20231030_125401-768x976.jpg 768w, https:\/\/adimlarim.com\/wp-content\/uploads\/Portugal-Algarve-20231030_125401-9x12.jpg 9w\" sizes=\"auto, (max-width: 850px) 100vw, 850px\" \/><\/figure><div class=\"wp-block-media-text__content\">\n<p>Bir a\u011fa\u00e7 g\u00f6z ar\u00add\u0131 edil\u00admi\u00adcek ka\u00addar zaman zaman Al\u00adgar\u00adve man\u00adza\u00adra\u00ads\u0131 \u00fcze\u00adrin\u00adde y\u00fck\u00adsel\u00admek\u00adte. Bir bit\u00adki ta\u00adn\u0131m\u00adlama uy\u00adgu\u00adla\u00adma\u00ads\u0131 ile bu\u00adnun muh\u00adte\u00adme\u00adlen bir Salon \u00c7am\u0131 ol\u00addu\u011fu\u00adnu \u00f6\u011fren\u00addik. Bu do\u011fru ola\u00adbi\u00adlir mi aca\u00adba?<\/p>\n<\/div><\/div>\n\n\n\n<figure class=\"wp-block-gallery has-nested-images columns-default is-cropped wp-block-gallery-1 is-layout-flex wp-block-gallery-is-layout-flex\">\n<figure class=\"wp-block-image size-large\"><a href=\"https:\/\/adimlarim.com\/wp-content\/uploads\/Portugal-Algarve-20231104_100811.jpg\" target=\"_blank\" rel=\"noopener\"><img loading=\"lazy\" decoding=\"async\" width=\"850\" height=\"1080\" data-id=\"3269\" src=\"https:\/\/adimlarim.com\/wp-content\/uploads\/Portugal-Algarve-20231104_100811.jpg\" alt=\"\" class=\"wp-image-3269\" srcset=\"https:\/\/adimlarim.com\/wp-content\/uploads\/Portugal-Algarve-20231104_100811.jpg 850w, https:\/\/adimlarim.com\/wp-content\/uploads\/Portugal-Algarve-20231104_100811-806x1024.jpg 806w, https:\/\/adimlarim.com\/wp-content\/uploads\/Portugal-Algarve-20231104_100811-768x976.jpg 768w, https:\/\/adimlarim.com\/wp-content\/uploads\/Portugal-Algarve-20231104_100811-9x12.jpg 9w\" sizes=\"auto, (max-width: 850px) 100vw, 850px\" \/><\/a><\/figure>\n\n\n\n<figure class=\"wp-block-image size-large\"><a href=\"https:\/\/adimlarim.com\/wp-content\/uploads\/Portugal-Algarve-20231104_090257-rotated.jpg\" target=\"_blank\" rel=\"noopener\"><img loading=\"lazy\" decoding=\"async\" width=\"850\" height=\"1080\" data-id=\"3267\" src=\"https:\/\/adimlarim.com\/wp-content\/uploads\/Portugal-Algarve-20231104_090257-rotated.jpg\" alt=\"\" class=\"wp-image-3267\" srcset=\"https:\/\/adimlarim.com\/wp-content\/uploads\/Portugal-Algarve-20231104_090257-rotated.jpg 850w, https:\/\/adimlarim.com\/wp-content\/uploads\/Portugal-Algarve-20231104_090257-806x1024.jpg 806w, https:\/\/adimlarim.com\/wp-content\/uploads\/Portugal-Algarve-20231104_090257-768x976.jpg 768w, https:\/\/adimlarim.com\/wp-content\/uploads\/Portugal-Algarve-20231104_090257-9x12.jpg 9w\" sizes=\"auto, (max-width: 850px) 100vw, 850px\" \/><\/a><\/figure>\n\n\n\n<figure class=\"wp-block-image size-large\"><a href=\"https:\/\/adimlarim.com\/wp-content\/uploads\/Portugal-Algarve-20231104_090335.jpg\" target=\"_blank\" rel=\"noopener\"><img loading=\"lazy\" decoding=\"async\" width=\"850\" height=\"1080\" data-id=\"3268\" src=\"https:\/\/adimlarim.com\/wp-content\/uploads\/Portugal-Algarve-20231104_090335.jpg\" alt=\"\" class=\"wp-image-3268\" srcset=\"https:\/\/adimlarim.com\/wp-content\/uploads\/Portugal-Algarve-20231104_090335.jpg 850w, https:\/\/adimlarim.com\/wp-content\/uploads\/Portugal-Algarve-20231104_090335-806x1024.jpg 806w, https:\/\/adimlarim.com\/wp-content\/uploads\/Portugal-Algarve-20231104_090335-768x976.jpg 768w, https:\/\/adimlarim.com\/wp-content\/uploads\/Portugal-Algarve-20231104_090335-9x12.jpg 9w\" sizes=\"auto, (max-width: 850px) 100vw, 850px\" \/><\/a><\/figure>\n\n\n\n<figure class=\"wp-block-image size-large\"><a href=\"https:\/\/adimlarim.com\/wp-content\/uploads\/Portugal-Algarve-20231104_101231-rotated.jpg\" target=\"_blank\" rel=\"noopener\"><img loading=\"lazy\" decoding=\"async\" width=\"850\" height=\"1080\" data-id=\"3272\" src=\"https:\/\/adimlarim.com\/wp-content\/uploads\/Portugal-Algarve-20231104_101231-rotated.jpg\" alt=\"\" class=\"wp-image-3272\" srcset=\"https:\/\/adimlarim.com\/wp-content\/uploads\/Portugal-Algarve-20231104_101231-rotated.jpg 850w, https:\/\/adimlarim.com\/wp-content\/uploads\/Portugal-Algarve-20231104_101231-806x1024.jpg 806w, https:\/\/adimlarim.com\/wp-content\/uploads\/Portugal-Algarve-20231104_101231-768x976.jpg 768w, https:\/\/adimlarim.com\/wp-content\/uploads\/Portugal-Algarve-20231104_101231-9x12.jpg 9w\" sizes=\"auto, (max-width: 850px) 100vw, 850px\" \/><\/a><\/figure>\n\n\n\n<figure class=\"wp-block-image size-large\"><a href=\"https:\/\/adimlarim.com\/wp-content\/uploads\/Portugal-Algarve-20231104_101020.jpg\" target=\"_blank\" rel=\"noopener\"><img loading=\"lazy\" decoding=\"async\" width=\"850\" height=\"1080\" data-id=\"3271\" src=\"https:\/\/adimlarim.com\/wp-content\/uploads\/Portugal-Algarve-20231104_101020.jpg\" alt=\"\" class=\"wp-image-3271\" srcset=\"https:\/\/adimlarim.com\/wp-content\/uploads\/Portugal-Algarve-20231104_101020.jpg 850w, https:\/\/adimlarim.com\/wp-content\/uploads\/Portugal-Algarve-20231104_101020-806x1024.jpg 806w, https:\/\/adimlarim.com\/wp-content\/uploads\/Portugal-Algarve-20231104_101020-768x976.jpg 768w, https:\/\/adimlarim.com\/wp-content\/uploads\/Portugal-Algarve-20231104_101020-9x12.jpg 9w\" sizes=\"auto, (max-width: 850px) 100vw, 850px\" \/><\/a><\/figure>\n\n\n\n<figure class=\"wp-block-image size-large\"><a href=\"https:\/\/adimlarim.com\/wp-content\/uploads\/Portugal-Algarve-20231104_100852.jpg\" target=\"_blank\" rel=\"noopener\"><img loading=\"lazy\" decoding=\"async\" width=\"850\" height=\"1080\" data-id=\"3270\" src=\"https:\/\/adimlarim.com\/wp-content\/uploads\/Portugal-Algarve-20231104_100852.jpg\" alt=\"\" class=\"wp-image-3270\" srcset=\"https:\/\/adimlarim.com\/wp-content\/uploads\/Portugal-Algarve-20231104_100852.jpg 850w, https:\/\/adimlarim.com\/wp-content\/uploads\/Portugal-Algarve-20231104_100852-806x1024.jpg 806w, https:\/\/adimlarim.com\/wp-content\/uploads\/Portugal-Algarve-20231104_100852-768x976.jpg 768w, https:\/\/adimlarim.com\/wp-content\/uploads\/Portugal-Algarve-20231104_100852-9x12.jpg 9w\" sizes=\"auto, (max-width: 850px) 100vw, 850px\" \/><\/a><\/figure>\n\n\n\n<figure class=\"wp-block-image size-large\"><a href=\"https:\/\/adimlarim.com\/wp-content\/uploads\/Portugal-Algarve-20231104_145945.jpg\" target=\"_blank\" rel=\"noopener\"><img loading=\"lazy\" decoding=\"async\" width=\"850\" height=\"1080\" data-id=\"3273\" src=\"https:\/\/adimlarim.com\/wp-content\/uploads\/Portugal-Algarve-20231104_145945.jpg\" alt=\"\" class=\"wp-image-3273\" srcset=\"https:\/\/adimlarim.com\/wp-content\/uploads\/Portugal-Algarve-20231104_145945.jpg 850w, https:\/\/adimlarim.com\/wp-content\/uploads\/Portugal-Algarve-20231104_145945-806x1024.jpg 806w, https:\/\/adimlarim.com\/wp-content\/uploads\/Portugal-Algarve-20231104_145945-768x976.jpg 768w, https:\/\/adimlarim.com\/wp-content\/uploads\/Portugal-Algarve-20231104_145945-9x12.jpg 9w\" sizes=\"auto, (max-width: 850px) 100vw, 850px\" \/><\/a><\/figure>\n\n\n\n<figure class=\"wp-block-image size-large\"><a href=\"https:\/\/adimlarim.com\/wp-content\/uploads\/Portugal-Algarve-20231030_142053.jpg\" target=\"_blank\" rel=\"noopener\"><img loading=\"lazy\" decoding=\"async\" width=\"850\" height=\"1080\" data-id=\"3263\" src=\"https:\/\/adimlarim.com\/wp-content\/uploads\/Portugal-Algarve-20231030_142053.jpg\" alt=\"\" class=\"wp-image-3263\" srcset=\"https:\/\/adimlarim.com\/wp-content\/uploads\/Portugal-Algarve-20231030_142053.jpg 850w, https:\/\/adimlarim.com\/wp-content\/uploads\/Portugal-Algarve-20231030_142053-806x1024.jpg 806w, https:\/\/adimlarim.com\/wp-content\/uploads\/Portugal-Algarve-20231030_142053-768x976.jpg 768w, https:\/\/adimlarim.com\/wp-content\/uploads\/Portugal-Algarve-20231030_142053-9x12.jpg 9w\" sizes=\"auto, (max-width: 850px) 100vw, 850px\" \/><\/a><\/figure>\n\n\n\n<figure class=\"wp-block-image size-large\"><a href=\"https:\/\/adimlarim.com\/wp-content\/uploads\/Portugal-Algarve-20231030_135559.jpg\" target=\"_blank\" rel=\"noopener\"><img loading=\"lazy\" decoding=\"async\" width=\"850\" height=\"1080\" data-id=\"3261\" src=\"https:\/\/adimlarim.com\/wp-content\/uploads\/Portugal-Algarve-20231030_135559.jpg\" alt=\"\" class=\"wp-image-3261\" srcset=\"https:\/\/adimlarim.com\/wp-content\/uploads\/Portugal-Algarve-20231030_135559.jpg 850w, https:\/\/adimlarim.com\/wp-content\/uploads\/Portugal-Algarve-20231030_135559-806x1024.jpg 806w, https:\/\/adimlarim.com\/wp-content\/uploads\/Portugal-Algarve-20231030_135559-768x976.jpg 768w, https:\/\/adimlarim.com\/wp-content\/uploads\/Portugal-Algarve-20231030_135559-9x12.jpg 9w\" sizes=\"auto, (max-width: 850px) 100vw, 850px\" \/><\/a><\/figure>\n\n\n\n<figure class=\"wp-block-image size-large\"><a href=\"https:\/\/adimlarim.com\/wp-content\/uploads\/Portugal-Algarve-20231103_141059.jpg\" target=\"_blank\" rel=\"noopener\"><img loading=\"lazy\" decoding=\"async\" width=\"850\" height=\"1080\" data-id=\"3265\" src=\"https:\/\/adimlarim.com\/wp-content\/uploads\/Portugal-Algarve-20231103_141059.jpg\" alt=\"\" class=\"wp-image-3265\" srcset=\"https:\/\/adimlarim.com\/wp-content\/uploads\/Portugal-Algarve-20231103_141059.jpg 850w, https:\/\/adimlarim.com\/wp-content\/uploads\/Portugal-Algarve-20231103_141059-806x1024.jpg 806w, https:\/\/adimlarim.com\/wp-content\/uploads\/Portugal-Algarve-20231103_141059-768x976.jpg 768w, https:\/\/adimlarim.com\/wp-content\/uploads\/Portugal-Algarve-20231103_141059-9x12.jpg 9w\" sizes=\"auto, (max-width: 850px) 100vw, 850px\" \/><\/a><\/figure>\n\n\n\n<figure class=\"wp-block-image size-large\"><a href=\"https:\/\/adimlarim.com\/wp-content\/uploads\/Portugal-Algarve-20231104_080309.jpg\" target=\"_blank\" rel=\"noopener\"><img loading=\"lazy\" decoding=\"async\" width=\"850\" height=\"1080\" data-id=\"3266\" src=\"https:\/\/adimlarim.com\/wp-content\/uploads\/Portugal-Algarve-20231104_080309.jpg\" alt=\"\" class=\"wp-image-3266\" srcset=\"https:\/\/adimlarim.com\/wp-content\/uploads\/Portugal-Algarve-20231104_080309.jpg 850w, https:\/\/adimlarim.com\/wp-content\/uploads\/Portugal-Algarve-20231104_080309-806x1024.jpg 806w, https:\/\/adimlarim.com\/wp-content\/uploads\/Portugal-Algarve-20231104_080309-768x976.jpg 768w, https:\/\/adimlarim.com\/wp-content\/uploads\/Portugal-Algarve-20231104_080309-9x12.jpg 9w\" sizes=\"auto, (max-width: 850px) 100vw, 850px\" \/><\/a><\/figure>\n\n\n\n<figure class=\"wp-block-image size-large\"><a href=\"https:\/\/adimlarim.com\/wp-content\/uploads\/Portugal-Algarve-20231030_135820.jpg\" target=\"_blank\" rel=\"noopener\"><img loading=\"lazy\" decoding=\"async\" width=\"850\" height=\"1080\" data-id=\"3262\" src=\"https:\/\/adimlarim.com\/wp-content\/uploads\/Portugal-Algarve-20231030_135820.jpg\" alt=\"\" class=\"wp-image-3262\" srcset=\"https:\/\/adimlarim.com\/wp-content\/uploads\/Portugal-Algarve-20231030_135820.jpg 850w, https:\/\/adimlarim.com\/wp-content\/uploads\/Portugal-Algarve-20231030_135820-806x1024.jpg 806w, https:\/\/adimlarim.com\/wp-content\/uploads\/Portugal-Algarve-20231030_135820-768x976.jpg 768w, https:\/\/adimlarim.com\/wp-content\/uploads\/Portugal-Algarve-20231030_135820-9x12.jpg 9w\" sizes=\"auto, (max-width: 850px) 100vw, 850px\" \/><\/a><\/figure>\n<\/figure>","protected":false},"excerpt":{"rendered":"<p>Al\u00adgar\u00adve b\u00fcy\u00fck \u00f6l\u00ad\u00e7\u00fc\u00adde kum\u00adta\u015f\u0131, kil\u00adli kay\u00adrak\u00adta\u015f\u0131 ve kire\u00e7\u00adta\u00ad\u015f\u0131n\u00addan olu\u015f\u00admak\u00adta\u00add\u0131r. Bit\u00adki \u00f6r\u00adt\u00fc\u00ads\u00fc\u00adn\u00fc sadece ik\u00adlim de\u011fil top\u00adra\u011f\u0131n t\u00fcr\u00fc de \u015fekil\u00adlen\u00addir\u00admi\u015f\u00adtir.<\/p>","protected":false},"author":5,"featured_media":3210,"comment_status":"open","ping_status":"closed","sticky":false,"template":"","format":"standard","meta":{"footnotes":""},"categories":[24,228],"tags":[279],"class_list":["post-3207","post","type-post","status-publish","format-standard","has-post-thumbnail","hentry","category-natur","category-portugal","tag-algarve-2"],"yoast_head":"<!-- This site is optimized with the Yoast SEO plugin v25.6 - https:\/\/yoast.com\/wordpress\/plugins\/seo\/ -->\n<title>Por\u00adtu\u00adgal: Al\u00adgar\u00adve: Pflan\u00adzen\u00adwelt - adimlarim.com<\/title>\n<meta name=\"description\" content=\"Portugal\" \/>\n<meta name=\"robots\" content=\"index, follow, max-snippet:-1, max-image-preview:large, max-video-preview:-1\" \/>\n<link rel=\"canonical\" href=\"https:\/\/adimlarim.com\/tr\/portugal-algarve-pflanzenwelt\/\" \/>\n<script type=\"application\/ld+json\" class=\"yoast-schema-graph\">{\"@context\":\"https:\/\/schema.org\",\"@graph\":[{\"@type\":\"Article\",\"@id\":\"https:\/\/adimlarim.com\/portugal-algarve-pflanzenwelt\/#article\",\"isPartOf\":{\"@id\":\"https:\/\/adimlarim.com\/portugal-algarve-pflanzenwelt\/\"},\"author\":{\"name\":\"ZNMAC\",\"@id\":\"https:\/\/adimlarim.com\/de\/#\/schema\/person\/c44c648a41b8519f8e022d74c6de7805\"},\"headline\":\"Por\u00adtu\u00adgal: Al\u00adgar\u00adve: Pflan\u00adzen\u00adwelt\",\"datePublished\":\"2024-02-27T06:35:12+00:00\",\"dateModified\":\"2024-07-29T06:53:21+00:00\",\"mainEntityOfPage\":{\"@id\":\"https:\/\/adimlarim.com\/portugal-algarve-pflanzenwelt\/\"},\"wordCount\":259,\"commentCount\":0,\"publisher\":{\"@id\":\"https:\/\/adimlarim.com\/de\/#organization\"},\"image\":{\"@id\":\"https:\/\/adimlarim.com\/portugal-algarve-pflanzenwelt\/#primaryimage\"},\"thumbnailUrl\":\"https:\/\/adimlarim.com\/wp-content\/uploads\/Beitragsbild-20231102_121725.jpg\",\"keywords\":[\"Al\u00adgar\u00adve\"],\"articleSection\":[\"Natur\",\"Portugal\"],\"inLanguage\":\"tr\",\"potentialAction\":[{\"@type\":\"CommentAction\",\"name\":\"Comment\",\"target\":[\"https:\/\/adimlarim.com\/portugal-algarve-pflanzenwelt\/#respond\"]}]},{\"@type\":\"WebPage\",\"@id\":\"https:\/\/adimlarim.com\/portugal-algarve-pflanzenwelt\/\",\"url\":\"https:\/\/adimlarim.com\/portugal-algarve-pflanzenwelt\/\",\"name\":\"Por\u00adtu\u00adgal: Al\u00adgar\u00adve: Pflan\u00adzen\u00adwelt - adimlarim.com\",\"isPartOf\":{\"@id\":\"https:\/\/adimlarim.com\/de\/#website\"},\"primaryImageOfPage\":{\"@id\":\"https:\/\/adimlarim.com\/portugal-algarve-pflanzenwelt\/#primaryimage\"},\"image\":{\"@id\":\"https:\/\/adimlarim.com\/portugal-algarve-pflanzenwelt\/#primaryimage\"},\"thumbnailUrl\":\"https:\/\/adimlarim.com\/wp-content\/uploads\/Beitragsbild-20231102_121725.jpg\",\"datePublished\":\"2024-02-27T06:35:12+00:00\",\"dateModified\":\"2024-07-29T06:53:21+00:00\",\"description\":\"Portugal\",\"breadcrumb\":{\"@id\":\"https:\/\/adimlarim.com\/portugal-algarve-pflanzenwelt\/#breadcrumb\"},\"inLanguage\":\"tr\",\"potentialAction\":[{\"@type\":\"ReadAction\",\"target\":[\"https:\/\/adimlarim.com\/portugal-algarve-pflanzenwelt\/\"]}]},{\"@type\":\"ImageObject\",\"inLanguage\":\"tr\",\"@id\":\"https:\/\/adimlarim.com\/portugal-algarve-pflanzenwelt\/#primaryimage\",\"url\":\"https:\/\/adimlarim.com\/wp-content\/uploads\/Beitragsbild-20231102_121725.jpg\",\"contentUrl\":\"https:\/\/adimlarim.com\/wp-content\/uploads\/Beitragsbild-20231102_121725.jpg\",\"width\":1920,\"height\":800,\"caption\":\"Portugal: Lagoa: Percurso dos Sete Vales Suspensos; Portekiz: Lagoa: Percurso dos Sete Vales Suspensos\"},{\"@type\":\"BreadcrumbList\",\"@id\":\"https:\/\/adimlarim.com\/portugal-algarve-pflanzenwelt\/#breadcrumb\",\"itemListElement\":[{\"@type\":\"ListItem\",\"position\":1,\"name\":\"Startseite\",\"item\":\"https:\/\/adimlarim.com\/de\/\"},{\"@type\":\"ListItem\",\"position\":2,\"name\":\"Por\u00adtu\u00adgal: Al\u00adgar\u00adve: Pflan\u00adzen\u00adwelt\"}]},{\"@type\":\"WebSite\",\"@id\":\"https:\/\/adimlarim.com\/de\/#website\",\"url\":\"https:\/\/adimlarim.com\/de\/\",\"name\":\"Ad\u0131mlar\u0131m\",\"description\":\"jede Reise beginnt mit den ersten Schritten\",\"publisher\":{\"@id\":\"https:\/\/adimlarim.com\/de\/#organization\"},\"alternateName\":\"Adimlarim\",\"potentialAction\":[{\"@type\":\"SearchAction\",\"target\":{\"@type\":\"EntryPoint\",\"urlTemplate\":\"https:\/\/adimlarim.com\/de\/?s={search_term_string}\"},\"query-input\":{\"@type\":\"PropertyValueSpecification\",\"valueRequired\":true,\"valueName\":\"search_term_string\"}}],\"inLanguage\":\"tr\"},{\"@type\":\"Organization\",\"@id\":\"https:\/\/adimlarim.com\/de\/#organization\",\"name\":\"Ad\u0131mlar\u0131m\",\"url\":\"https:\/\/adimlarim.com\/de\/\",\"logo\":{\"@type\":\"ImageObject\",\"inLanguage\":\"tr\",\"@id\":\"https:\/\/adimlarim.com\/de\/#\/schema\/logo\/image\/\",\"url\":\"https:\/\/adimlarim.com\/wp-content\/uploads\/adimlarim.com_.perspektive.kontur.verlauf.blau_.header.png\",\"contentUrl\":\"https:\/\/adimlarim.com\/wp-content\/uploads\/adimlarim.com_.perspektive.kontur.verlauf.blau_.header.png\",\"width\":401,\"height\":319,\"caption\":\"Ad\u0131mlar\u0131m\"},\"image\":{\"@id\":\"https:\/\/adimlarim.com\/de\/#\/schema\/logo\/image\/\"}},{\"@type\":\"Person\",\"@id\":\"https:\/\/adimlarim.com\/de\/#\/schema\/person\/c44c648a41b8519f8e022d74c6de7805\",\"name\":\"ZNMAC\",\"url\":\"https:\/\/adimlarim.com\/tr\/author\/znmac\/\"}]}<\/script>\n<!-- \/ Yoast SEO plugin. -->","yoast_head_json":{"title":"Por\u00adtu\u00adgal: Al\u00adgar\u00adve: Pflan\u00adzen\u00adwelt - adimlarim.com","description":"Portekiz","robots":{"index":"index","follow":"follow","max-snippet":"max-snippet:-1","max-image-preview":"max-image-preview:large","max-video-preview":"max-video-preview:-1"},"canonical":"https:\/\/adimlarim.com\/tr\/portugal-algarve-pflanzenwelt\/","schema":{"@context":"https:\/\/schema.org","@graph":[{"@type":"Article","@id":"https:\/\/adimlarim.com\/portugal-algarve-pflanzenwelt\/#article","isPartOf":{"@id":"https:\/\/adimlarim.com\/portugal-algarve-pflanzenwelt\/"},"author":{"name":"ZNMAC","@id":"https:\/\/adimlarim.com\/de\/#\/schema\/person\/c44c648a41b8519f8e022d74c6de7805"},"headline":"Por\u00adtu\u00adgal: Al\u00adgar\u00adve: Pflan\u00adzen\u00adwelt","datePublished":"2024-02-27T06:35:12+00:00","dateModified":"2024-07-29T06:53:21+00:00","mainEntityOfPage":{"@id":"https:\/\/adimlarim.com\/portugal-algarve-pflanzenwelt\/"},"wordCount":259,"commentCount":0,"publisher":{"@id":"https:\/\/adimlarim.com\/de\/#organization"},"image":{"@id":"https:\/\/adimlarim.com\/portugal-algarve-pflanzenwelt\/#primaryimage"},"thumbnailUrl":"https:\/\/adimlarim.com\/wp-content\/uploads\/Beitragsbild-20231102_121725.jpg","keywords":["Al\u00adgar\u00adve"],"articleSection":["Natur","Portugal"],"inLanguage":"tr","potentialAction":[{"@type":"CommentAction","name":"Comment","target":["https:\/\/adimlarim.com\/portugal-algarve-pflanzenwelt\/#respond"]}]},{"@type":"WebPage","@id":"https:\/\/adimlarim.com\/portugal-algarve-pflanzenwelt\/","url":"https:\/\/adimlarim.com\/portugal-algarve-pflanzenwelt\/","name":"Por\u00adtu\u00adgal: Al\u00adgar\u00adve: Pflan\u00adzen\u00adwelt - adimlarim.com","isPartOf":{"@id":"https:\/\/adimlarim.com\/de\/#website"},"primaryImageOfPage":{"@id":"https:\/\/adimlarim.com\/portugal-algarve-pflanzenwelt\/#primaryimage"},"image":{"@id":"https:\/\/adimlarim.com\/portugal-algarve-pflanzenwelt\/#primaryimage"},"thumbnailUrl":"https:\/\/adimlarim.com\/wp-content\/uploads\/Beitragsbild-20231102_121725.jpg","datePublished":"2024-02-27T06:35:12+00:00","dateModified":"2024-07-29T06:53:21+00:00","description":"Portekiz","breadcrumb":{"@id":"https:\/\/adimlarim.com\/portugal-algarve-pflanzenwelt\/#breadcrumb"},"inLanguage":"tr","potentialAction":[{"@type":"ReadAction","target":["https:\/\/adimlarim.com\/portugal-algarve-pflanzenwelt\/"]}]},{"@type":"ImageObject","inLanguage":"tr","@id":"https:\/\/adimlarim.com\/portugal-algarve-pflanzenwelt\/#primaryimage","url":"https:\/\/adimlarim.com\/wp-content\/uploads\/Beitragsbild-20231102_121725.jpg","contentUrl":"https:\/\/adimlarim.com\/wp-content\/uploads\/Beitragsbild-20231102_121725.jpg","width":1920,"height":800,"caption":"Portugal: Lagoa: Percurso dos Sete Vales Suspensos; Portekiz: Lagoa: Percurso dos Sete Vales Suspensos"},{"@type":"BreadcrumbList","@id":"https:\/\/adimlarim.com\/portugal-algarve-pflanzenwelt\/#breadcrumb","itemListElement":[{"@type":"ListItem","position":1,"name":"Startseite","item":"https:\/\/adimlarim.com\/de\/"},{"@type":"ListItem","position":2,"name":"Por\u00adtu\u00adgal: Al\u00adgar\u00adve: Pflan\u00adzen\u00adwelt"}]},{"@type":"WebSite","@id":"https:\/\/adimlarim.com\/de\/#website","url":"https:\/\/adimlarim.com\/de\/","name":"Ad\u0131mlar\u0131m","description":"jede Reise beginnt mit den ersten Schritten","publisher":{"@id":"https:\/\/adimlarim.com\/de\/#organization"},"alternateName":"Adimlarim","potentialAction":[{"@type":"SearchAction","target":{"@type":"EntryPoint","urlTemplate":"https:\/\/adimlarim.com\/de\/?s={search_term_string}"},"query-input":{"@type":"PropertyValueSpecification","valueRequired":true,"valueName":"search_term_string"}}],"inLanguage":"tr"},{"@type":"Organization","@id":"https:\/\/adimlarim.com\/de\/#organization","name":"Ad\u0131mlar\u0131m","url":"https:\/\/adimlarim.com\/de\/","logo":{"@type":"ImageObject","inLanguage":"tr","@id":"https:\/\/adimlarim.com\/de\/#\/schema\/logo\/image\/","url":"https:\/\/adimlarim.com\/wp-content\/uploads\/adimlarim.com_.perspektive.kontur.verlauf.blau_.header.png","contentUrl":"https:\/\/adimlarim.com\/wp-content\/uploads\/adimlarim.com_.perspektive.kontur.verlauf.blau_.header.png","width":401,"height":319,"caption":"Ad\u0131mlar\u0131m"},"image":{"@id":"https:\/\/adimlarim.com\/de\/#\/schema\/logo\/image\/"}},{"@type":"Person","@id":"https:\/\/adimlarim.com\/de\/#\/schema\/person\/c44c648a41b8519f8e022d74c6de7805","name":"ZNMAC","url":"https:\/\/adimlarim.com\/tr\/author\/znmac\/"}]}},"_links":{"self":[{"href":"https:\/\/adimlarim.com\/tr\/wp-json\/wp\/v2\/posts\/3207","targetHints":{"allow":["GET"]}}],"collection":[{"href":"https:\/\/adimlarim.com\/tr\/wp-json\/wp\/v2\/posts"}],"about":[{"href":"https:\/\/adimlarim.com\/tr\/wp-json\/wp\/v2\/types\/post"}],"author":[{"embeddable":true,"href":"https:\/\/adimlarim.com\/tr\/wp-json\/wp\/v2\/users\/5"}],"replies":[{"embeddable":true,"href":"https:\/\/adimlarim.com\/tr\/wp-json\/wp\/v2\/comments?post=3207"}],"version-history":[{"count":0,"href":"https:\/\/adimlarim.com\/tr\/wp-json\/wp\/v2\/posts\/3207\/revisions"}],"wp:featuredmedia":[{"embeddable":true,"href":"https:\/\/adimlarim.com\/tr\/wp-json\/wp\/v2\/media\/3210"}],"wp:attachment":[{"href":"https:\/\/adimlarim.com\/tr\/wp-json\/wp\/v2\/media?parent=3207"}],"wp:term":[{"taxonomy":"category","embeddable":true,"href":"https:\/\/adimlarim.com\/tr\/wp-json\/wp\/v2\/categories?post=3207"},{"taxonomy":"post_tag","embeddable":true,"href":"https:\/\/adimlarim.com\/tr\/wp-json\/wp\/v2\/tags?post=3207"}],"curies":[{"name":"wp","href":"https:\/\/api.w.org\/{rel}","templated":true}]}}