{"id":35,"date":"2022-11-08T11:38:24","date_gmt":"2022-11-08T10:38:24","guid":{"rendered":"https:\/\/adimlarim.com\/?p=35"},"modified":"2024-08-05T13:05:17","modified_gmt":"2024-08-05T11:05:17","slug":"koeln-vincent-van-gogh-alive","status":"publish","type":"post","link":"https:\/\/adimlarim.com\/tr\/koeln-vincent-van-gogh-alive\/","title":{"rendered":"Almanya: K\u00f6ln: Vincent van Gogh Alive"},"content":{"rendered":"<h3 class=\"wp-block-heading\">Bu s\u00fcre\u00e7te ... ben akl\u0131m\u0131 kaybettim<\/h3>\n\n\n\n<p>Oberhausen'daki Gasometer'deki \"Der sch\u00f6ne Schein\" sergisinde miydi yoksa ba\u015fka bir sergide miydi, hat\u0131rl\u0131yam\u0131yorum. Ama bir i\u015f arkada\u015f\u0131mla birlikte ziyaret etti\u011fimiz bu sergide onun van Gogh'un eserlerine duydu\u011fu hayranl\u0131k ilgimi \u00e7ekti.<\/p>\n\n\n\n<div class=\"wp-block-media-text alignwide is-stacked-on-mobile\"><figure class=\"wp-block-media-text__media\"><img loading=\"lazy\" decoding=\"async\" width=\"1920\" height=\"950\" src=\"https:\/\/adimlarim.com\/wp-content\/uploads\/20221108_143743-DE-Koeln-van-Gogh-Alive.jpg\" alt=\"\" class=\"wp-image-497 size-full\" srcset=\"https:\/\/adimlarim.com\/wp-content\/uploads\/20221108_143743-DE-Koeln-van-Gogh-Alive.jpg 1920w, https:\/\/adimlarim.com\/wp-content\/uploads\/20221108_143743-DE-Koeln-van-Gogh-Alive-1024x507.jpg 1024w, https:\/\/adimlarim.com\/wp-content\/uploads\/20221108_143743-DE-Koeln-van-Gogh-Alive-768x380.jpg 768w, https:\/\/adimlarim.com\/wp-content\/uploads\/20221108_143743-DE-Koeln-van-Gogh-Alive-1536x760.jpg 1536w, https:\/\/adimlarim.com\/wp-content\/uploads\/20221108_143743-DE-Koeln-van-Gogh-Alive-18x9.jpg 18w\" sizes=\"auto, (max-width: 1920px) 100vw, 1920px\" \/><\/figure><div class=\"wp-block-media-text__content\">\n<p>Vincent van Gogh, resimleri ile beni etkileyen sanat\u00e7\u0131lardan de\u011fildi - sadece tesad\u00fcfen g\u00f6rd\u00fc\u011f\u00fcm birka\u00e7 \u00fcnl\u00fc eseri vard\u0131, o kadar. Ancak d\u00fcnyaca \u00fcnl\u00fc bir sanat\u00e7\u0131 oldu\u011fu d\u00fc\u015f\u00fcn\u00fcld\u00fc\u011f\u00fcnde, nedenini sormamak elde de\u011fildi. Sanat benim ilgi alanlar\u0131mdan biri olsada \u00fcsluplar, d\u00f6nemler ya da sanat\u00e7\u0131lar hakk\u0131ndaki bilgisi ile sayg\u0131 uyand\u0131ran sanatseverlerden de\u011filim. <\/p>\n<\/div><\/div>\n\n\n\n<p>Sanata olan ilgim, bir \u015fekilde ruhuma ya da zihnime dokunan eserler veya sanat\u00e7\u0131larla s\u0131n\u0131rl\u0131. Ve van Gogh s\u00f6z konusu oldu\u011funda kesin olan bir \u015fey vard\u0131, o da kesik kulak ya da ay\u00e7i\u00e7ek eserleri de\u011fildi. Bu sanat\u00e7\u0131y\u0131 nas\u0131l daha iyi tan\u0131yabilirdim?<\/p>\n\n\n\n<h3 class=\"wp-block-heading\">Sergi odalar\u0131<\/h3>\n\n\n\n<p>Bak\u0131\u015f a\u00e7\u0131m\u0131 de\u011fi\u015ftirme \u015fans\u0131n\u0131 \"van Gogh Alive\" multimedya sergisinde g\u00f6rd\u00fcm. Beklentim oda oda gezip organizat\u00f6rlerin haz\u0131rlad\u0131\u011f\u0131 eserler ve ressam hakk\u0131nda tek tek bilgilerdi bu sergide.<\/p>\n\n\n\n<div class=\"wp-block-media-text alignwide has-media-on-the-right is-stacked-on-mobile\"><div class=\"wp-block-media-text__content\">\n<p>Yan\u0131lm\u0131\u015ft\u0131m! Evvela b\u00f6lmelerle ayr\u0131lm\u0131\u015f koskoca \u0131ss\u0131z bir alana girdik. B\u00f6lmelerde as\u0131l\u0131 olan levhalardaki bilgileri okuduk. Biraz y\u00f6n\u00fcm\u00fcz\u00fc \u015fa\u015f\u0131rm\u0131\u015f bir \u015fekilde k\u0131sa bir aray\u0131\u015f sonras\u0131 bir sonraki sergi odas\u0131n\u0131n giri\u015fini fark ettik.<\/p>\n\n\n\n<p>Birka\u00e7 ad\u0131m sonra kendimizi beyaz perdelerle ikiye b\u00f6l\u00fcnm\u00fc\u015f yine koskoca ama karart\u0131lm\u0131\u015f bir aland\u0131 bulduk. Beyaz perdelerde ve yerde resam\u0131n resimleri ve onunla ilgili yaz\u0131lar m\u00fczik e\u015fli\u011finde yans\u0131t\u0131lmaktayd\u0131, sinemada gibi. Ziyaret\u00e7iler bu performans\u0131 ayakta durarak ya da birka\u00e7 tane bulunan sandalyelerde oturarak izliyebiliyorlard\u0131.<\/p>\n\n\n\n<p>Sol arka k\u00f6\u015fede, s\u0131cak sar\u0131 renkleriyle b\u00fcy\u00fcleyen ve bizi oraya \u00e7eken bir oda vard\u0131. Duvarlar\u0131 k\u00f6t\u00fc bir \u015fekilde ayna folyosu ile kaplanm\u0131\u015f \u00e7ok say\u0131da plastik ay\u00e7i\u00e7e\u011fi ile k\u00fc\u00e7\u00fck bir odayd\u0131. Muhtemelen ay\u00e7i\u00e7e\u011fi tarlas\u0131 izlenimi vermek ve van Gogh'un en sevdi\u011fi rengi tematize etmek i\u00e7in yap\u0131lm\u0131\u015ft\u0131. Bence bu oda sergiye uyum sa\u011flam\u0131yordu.<\/p>\n<\/div><figure class=\"wp-block-media-text__media\"><img loading=\"lazy\" decoding=\"async\" width=\"870\" height=\"1080\" src=\"https:\/\/adimlarim.com\/wp-content\/uploads\/20221108_144029-DE-Koeln-van-Gogh-Alive-rotated.jpg\" alt=\"\" class=\"wp-image-498 size-full\" srcset=\"https:\/\/adimlarim.com\/wp-content\/uploads\/20221108_144029-DE-Koeln-van-Gogh-Alive-rotated.jpg 870w, https:\/\/adimlarim.com\/wp-content\/uploads\/20221108_144029-DE-Koeln-van-Gogh-Alive-825x1024.jpg 825w, https:\/\/adimlarim.com\/wp-content\/uploads\/20221108_144029-DE-Koeln-van-Gogh-Alive-768x953.jpg 768w, https:\/\/adimlarim.com\/wp-content\/uploads\/20221108_144029-DE-Koeln-van-Gogh-Alive-10x12.jpg 10w\" sizes=\"auto, (max-width: 870px) 100vw, 870px\" \/><\/figure><\/div>\n\n\n\n<h3 class=\"wp-block-heading\">Sergiden al\u0131nt\u0131lar<\/h3>\n\n\n\n<div class=\"wp-block-media-text alignwide is-stacked-on-mobile\"><figure class=\"wp-block-media-text__media\"><img loading=\"lazy\" decoding=\"async\" width=\"1145\" height=\"1080\" src=\"https:\/\/adimlarim.com\/wp-content\/uploads\/Sprueche-07-IMG-20221112-WA0014-DE-Koeln-van-Gogh-Alive.jpg\" alt=\"Links wird aus dem Leben von van Gogh zitiert, rechts ist ein Gem\u00e4lde zu sehen: Sonnenblumen (01.1889, Arles)\" class=\"wp-image-504 size-full\" srcset=\"https:\/\/adimlarim.com\/wp-content\/uploads\/Sprueche-07-IMG-20221112-WA0014-DE-Koeln-van-Gogh-Alive.jpg 1145w, https:\/\/adimlarim.com\/wp-content\/uploads\/Sprueche-07-IMG-20221112-WA0014-DE-Koeln-van-Gogh-Alive-1024x966.jpg 1024w, https:\/\/adimlarim.com\/wp-content\/uploads\/Sprueche-07-IMG-20221112-WA0014-DE-Koeln-van-Gogh-Alive-768x724.jpg 768w, https:\/\/adimlarim.com\/wp-content\/uploads\/Sprueche-07-IMG-20221112-WA0014-DE-Koeln-van-Gogh-Alive-13x12.jpg 13w\" sizes=\"auto, (max-width: 1145px) 100vw, 1145px\" \/><\/figure><div class=\"wp-block-media-text__content\">\n<p>\"Sar\u0131 ne kadar g\u00fczeldir! Sar\u0131 g\u00fcne\u015fi temsil eder.\"<\/p>\n<\/div><\/div>\n\n\n\n<div class=\"wp-block-media-text alignwide has-media-on-the-right is-stacked-on-mobile\"><div class=\"wp-block-media-text__content\">\n<p>\"B\u00fcy\u00fck boyutlar k\u00fc\u00e7\u00fck boyutlar\u0131 s\u0131rayla bir araya getirmekten ibarettir.\"<\/p>\n<\/div><figure class=\"wp-block-media-text__media\"><img loading=\"lazy\" decoding=\"async\" width=\"1145\" height=\"1080\" src=\"https:\/\/adimlarim.com\/wp-content\/uploads\/Sprueche-05-IMG-20221112-WA0006-DE-Koeln-van-Gogh-Alive.jpg\" alt=\"Links wird aus dem Leben von van Gogh zitiert, rechts ist ein Gem\u00e4lde zu sehen: Bl\u00fchender Pflaumengarten (10.-11.1887, Paris)\" class=\"wp-image-502 size-full\" srcset=\"https:\/\/adimlarim.com\/wp-content\/uploads\/Sprueche-05-IMG-20221112-WA0006-DE-Koeln-van-Gogh-Alive.jpg 1145w, https:\/\/adimlarim.com\/wp-content\/uploads\/Sprueche-05-IMG-20221112-WA0006-DE-Koeln-van-Gogh-Alive-1024x966.jpg 1024w, https:\/\/adimlarim.com\/wp-content\/uploads\/Sprueche-05-IMG-20221112-WA0006-DE-Koeln-van-Gogh-Alive-768x724.jpg 768w, https:\/\/adimlarim.com\/wp-content\/uploads\/Sprueche-05-IMG-20221112-WA0006-DE-Koeln-van-Gogh-Alive-13x12.jpg 13w\" sizes=\"auto, (max-width: 1145px) 100vw, 1145px\" \/><\/figure><\/div>\n\n\n\n<div class=\"wp-block-media-text alignwide is-stacked-on-mobile\"><figure class=\"wp-block-media-text__media\"><img loading=\"lazy\" decoding=\"async\" width=\"1145\" height=\"1080\" src=\"https:\/\/adimlarim.com\/wp-content\/uploads\/Sprueche-02-20221108_145615-DE-Koeln-van-Gogh-Alive-rotated.jpg\" alt=\"Links wird aus dem Leben von van Gogh zitiert, rechts ist ein Gem\u00e4lde zu sehen: Die Tanzhalle in Arles (1888, Arles)\" class=\"wp-image-501 size-full\" srcset=\"https:\/\/adimlarim.com\/wp-content\/uploads\/Sprueche-02-20221108_145615-DE-Koeln-van-Gogh-Alive-rotated.jpg 1145w, https:\/\/adimlarim.com\/wp-content\/uploads\/Sprueche-02-20221108_145615-DE-Koeln-van-Gogh-Alive-1024x966.jpg 1024w, https:\/\/adimlarim.com\/wp-content\/uploads\/Sprueche-02-20221108_145615-DE-Koeln-van-Gogh-Alive-768x724.jpg 768w, https:\/\/adimlarim.com\/wp-content\/uploads\/Sprueche-02-20221108_145615-DE-Koeln-van-Gogh-Alive-13x12.jpg 13w\" sizes=\"auto, (max-width: 1145px) 100vw, 1145px\" \/><\/figure><div class=\"wp-block-media-text__content\">\n<p>\"\u015eu d\u00fc\u015f\u00fcncemi ifade etmeye \u00e7al\u0131\u015ft\u0131m, kahvelerin insan\u0131 mahvedebilen, \u00e7\u0131ld\u0131rtan ya da su\u00e7 i\u015fleten bir yer oldu\u011funa dair.\"<\/p>\n<\/div><\/div>\n\n\n\n<div class=\"wp-block-media-text alignwide has-media-on-the-right is-stacked-on-mobile\"><div class=\"wp-block-media-text__content\">\n<p>\"Yak\u0131n arkada\u015flar hayat\u0131n ger\u00e7ek hazinesidir. Bazen bizi bizden daha iyi tan\u0131rlar. Yumu\u015fak bir d\u00fcr\u00fcstl\u00fckle, bize e\u015flik etmek ve desteklemek, kahkahalar\u0131m\u0131z\u0131 ve g\u00f6zya\u015flar\u0131m\u0131z\u0131 payla\u015fmak i\u00e7in varlard\u0131r. Onlar\u0131n varl\u0131\u011f\u0131 bize asla ger\u00e7ekten yaln\u0131z olmad\u0131\u011f\u0131m\u0131z\u0131 hat\u0131rlat\u0131r.\"<\/p>\n<\/div><figure class=\"wp-block-media-text__media\"><img loading=\"lazy\" decoding=\"async\" width=\"1145\" height=\"1080\" src=\"https:\/\/adimlarim.com\/wp-content\/uploads\/Sprueche-20-20221108_145808-DE-Koeln-van-Gogh-Alive.jpg\" alt=\"Links wird aus dem Leben von van Gogh zitiert, rechts ist ein Gem\u00e4lde zu sehen: Joseph-Michel Ginoux Portrait (10.-12.1888, Arles)\" class=\"wp-image-507 size-full\" srcset=\"https:\/\/adimlarim.com\/wp-content\/uploads\/Sprueche-20-20221108_145808-DE-Koeln-van-Gogh-Alive.jpg 1145w, https:\/\/adimlarim.com\/wp-content\/uploads\/Sprueche-20-20221108_145808-DE-Koeln-van-Gogh-Alive-1024x966.jpg 1024w, https:\/\/adimlarim.com\/wp-content\/uploads\/Sprueche-20-20221108_145808-DE-Koeln-van-Gogh-Alive-768x724.jpg 768w, https:\/\/adimlarim.com\/wp-content\/uploads\/Sprueche-20-20221108_145808-DE-Koeln-van-Gogh-Alive-13x12.jpg 13w\" sizes=\"auto, (max-width: 1145px) 100vw, 1145px\" \/><\/figure><\/div>\n\n\n\n<div class=\"wp-block-media-text alignwide is-stacked-on-mobile\"><figure class=\"wp-block-media-text__media\"><img loading=\"lazy\" decoding=\"async\" width=\"1145\" height=\"1080\" src=\"https:\/\/adimlarim.com\/wp-content\/uploads\/Sprueche-06-IMG-20221112-WA0012-DE-Koeln-van-Gogh-Alive.jpg\" alt=\"Links wird aus dem Leben von van Gogh zitiert, rechts ist ein Gem\u00e4lde zu sehen: Ich suche, ich bem\u00fche mich ...\" class=\"wp-image-503 size-full\" srcset=\"https:\/\/adimlarim.com\/wp-content\/uploads\/Sprueche-06-IMG-20221112-WA0012-DE-Koeln-van-Gogh-Alive.jpg 1145w, https:\/\/adimlarim.com\/wp-content\/uploads\/Sprueche-06-IMG-20221112-WA0012-DE-Koeln-van-Gogh-Alive-1024x966.jpg 1024w, https:\/\/adimlarim.com\/wp-content\/uploads\/Sprueche-06-IMG-20221112-WA0012-DE-Koeln-van-Gogh-Alive-768x724.jpg 768w, https:\/\/adimlarim.com\/wp-content\/uploads\/Sprueche-06-IMG-20221112-WA0012-DE-Koeln-van-Gogh-Alive-13x12.jpg 13w\" sizes=\"auto, (max-width: 1145px) 100vw, 1145px\" \/><\/figure><div class=\"wp-block-media-text__content\">\n<p>\"Ar\u0131yorum, \u00e7abal\u0131yorum, t\u00fcm kalbimle kat\u0131l\u0131yorum.\"<\/p>\n<\/div><\/div>\n\n\n\n<div class=\"wp-block-media-text alignwide has-media-on-the-right is-stacked-on-mobile\"><div class=\"wp-block-media-text__content\">\n<p>\"\u0130\u00e7imdeki f\u0131rt\u0131na \u00e7ok \u015fiddetlendi\u011finde, kendimi uyu\u015fturmak i\u00e7in bir kadehden fazla i\u00e7iyorum.\"<\/p>\n<\/div><figure class=\"wp-block-media-text__media\"><img loading=\"lazy\" decoding=\"async\" width=\"1145\" height=\"1080\" src=\"https:\/\/adimlarim.com\/wp-content\/uploads\/Sprueche-19-20221108_145604-DE-Koeln-van-Gogh-Alive-rotated.jpg\" alt=\"Links wird aus dem Leben von van Gogh zitiert, rechts ist ein Gem\u00e4lde zu sehen: Wenn der Sturm im Inneren ...\" class=\"wp-image-506 size-full\" srcset=\"https:\/\/adimlarim.com\/wp-content\/uploads\/Sprueche-19-20221108_145604-DE-Koeln-van-Gogh-Alive-rotated.jpg 1145w, https:\/\/adimlarim.com\/wp-content\/uploads\/Sprueche-19-20221108_145604-DE-Koeln-van-Gogh-Alive-1024x966.jpg 1024w, https:\/\/adimlarim.com\/wp-content\/uploads\/Sprueche-19-20221108_145604-DE-Koeln-van-Gogh-Alive-768x724.jpg 768w, https:\/\/adimlarim.com\/wp-content\/uploads\/Sprueche-19-20221108_145604-DE-Koeln-van-Gogh-Alive-13x12.jpg 13w\" sizes=\"auto, (max-width: 1145px) 100vw, 1145px\" \/><\/figure><\/div>\n\n\n\n<div class=\"wp-block-media-text alignwide is-stacked-on-mobile\"><figure class=\"wp-block-media-text__media\"><img loading=\"lazy\" decoding=\"async\" width=\"1145\" height=\"1080\" src=\"https:\/\/adimlarim.com\/wp-content\/uploads\/Sprueche-18-IMG-20221112-WA0002-DE-Koeln-van-Gogh-Alive.jpg\" alt=\"Links wird aus dem Leben von van Gogh zitiert, rechts ist ein Gem\u00e4lde zu sehen: Die Kurtisane (10.-11.1887, Paris)\" class=\"wp-image-505 size-full\" srcset=\"https:\/\/adimlarim.com\/wp-content\/uploads\/Sprueche-18-IMG-20221112-WA0002-DE-Koeln-van-Gogh-Alive.jpg 1145w, https:\/\/adimlarim.com\/wp-content\/uploads\/Sprueche-18-IMG-20221112-WA0002-DE-Koeln-van-Gogh-Alive-1024x966.jpg 1024w, https:\/\/adimlarim.com\/wp-content\/uploads\/Sprueche-18-IMG-20221112-WA0002-DE-Koeln-van-Gogh-Alive-768x724.jpg 768w, https:\/\/adimlarim.com\/wp-content\/uploads\/Sprueche-18-IMG-20221112-WA0002-DE-Koeln-van-Gogh-Alive-13x12.jpg 13w\" sizes=\"auto, (max-width: 1145px) 100vw, 1145px\" \/><\/figure><div class=\"wp-block-media-text__content\">\n<p>\"Bal\u0131k\u00e7\u0131lar denizin tehlikeli ve f\u0131rt\u0131nan\u0131n deh\u015fet verici oldu\u011funu bilirler, ama bu tehlikeleri karada kalmak i\u00e7in yeterli bir sebep olarak g\u00f6rmezler.\"<\/p>\n<\/div><\/div>\n\n\n\n<div class=\"wp-block-media-text alignwide has-media-on-the-right is-stacked-on-mobile\"><div class=\"wp-block-media-text__content\">\n<p>\"Ayn\u0131 anda hem kutupta hem de ekvatorda olamazs\u0131n. Benim denedi\u011fim gibi, kendi yolunu \u00e7izmelisin ve muhakkak benim yolum renklerin \u00e7izdi\u011fi yol olucakt\u0131r.\"<\/p>\n<\/div><figure class=\"wp-block-media-text__media\"><img loading=\"lazy\" decoding=\"async\" width=\"1145\" height=\"1080\" src=\"https:\/\/adimlarim.com\/wp-content\/uploads\/Sprueche-01-20221108_144802-DE-Koeln-van-Gogh-Alive.jpg\" alt=\"Links wird aus dem Leben von van Gogh zitiert, rechts ist ein Gem\u00e4lde zu sehen: Mandelbl\u00fcte (02.1890, Saint-R\u00e9my-de-Provence)\" class=\"wp-image-1353 size-full\" srcset=\"https:\/\/adimlarim.com\/wp-content\/uploads\/Sprueche-01-20221108_144802-DE-Koeln-van-Gogh-Alive.jpg 1145w, https:\/\/adimlarim.com\/wp-content\/uploads\/Sprueche-01-20221108_144802-DE-Koeln-van-Gogh-Alive-1024x966.jpg 1024w, https:\/\/adimlarim.com\/wp-content\/uploads\/Sprueche-01-20221108_144802-DE-Koeln-van-Gogh-Alive-768x724.jpg 768w, https:\/\/adimlarim.com\/wp-content\/uploads\/Sprueche-01-20221108_144802-DE-Koeln-van-Gogh-Alive-13x12.jpg 13w\" sizes=\"auto, (max-width: 1145px) 100vw, 1145px\" \/><\/figure><\/div>\n\n\n\n<div class=\"wp-block-media-text alignwide is-stacked-on-mobile\"><figure class=\"wp-block-media-text__media\"><img loading=\"lazy\" decoding=\"async\" width=\"1145\" height=\"1080\" src=\"https:\/\/adimlarim.com\/wp-content\/uploads\/Sprueche-20-IMG-20221112-WA0011-DE-Koeln-van-Gogh-Alive.jpg\" alt=\"Links wird aus dem Leben von van Gogh zitiert, rechts ist ein Gem\u00e4lde zu sehen: Selbstportrait (09-10 1887, Paris)\" class=\"wp-image-508 size-full\" srcset=\"https:\/\/adimlarim.com\/wp-content\/uploads\/Sprueche-20-IMG-20221112-WA0011-DE-Koeln-van-Gogh-Alive.jpg 1145w, https:\/\/adimlarim.com\/wp-content\/uploads\/Sprueche-20-IMG-20221112-WA0011-DE-Koeln-van-Gogh-Alive-1024x966.jpg 1024w, https:\/\/adimlarim.com\/wp-content\/uploads\/Sprueche-20-IMG-20221112-WA0011-DE-Koeln-van-Gogh-Alive-768x724.jpg 768w, https:\/\/adimlarim.com\/wp-content\/uploads\/Sprueche-20-IMG-20221112-WA0011-DE-Koeln-van-Gogh-Alive-13x12.jpg 13w\" sizes=\"auto, (max-width: 1145px) 100vw, 1145px\" \/><\/figure><div class=\"wp-block-media-text__content\">\n<p>\"Kalbimi ve ruhumu katt\u0131m eserlerime ve bu s\u00fcre\u00e7te akl\u0131m\u0131 kaybettim.\"<\/p>\n<\/div><\/div>\n\n\n\n<h3 class=\"wp-block-heading\">Sergiyi ziyaret etmeye de\u011fdi mi?<\/h3>\n\n\n\n<p>Giri\u015f \u00fccreti bence orant\u0131s\u0131z derecede y\u00fcksek. Buna ra\u011fmen sergiyi ziyaret etmeme de\u011fdi. Geni\u015f formatl\u0131 yak\u0131n \u00e7ekimlerin sayesinde g\u00f6rebildi\u011fim van Gogh'un f\u0131r\u00e7a kullan\u0131m\u0131n\u0131n dinamikli\u011fidi ve bu beni \u00e7ok etkiledi - f\u0131r\u00e7an\u0131n izleri d\u00fcped\u00fcz elle tutulur gibiydi. Mektuplar\u0131ndan yap\u0131lan al\u0131nt\u0131lar ise Vincent van Gogh'un d\u00fc\u015f\u00fcnce d\u00fc\u011fnyas\u0131na \u00f6zel bir \u0131\u015f\u0131k tuttu. Ama haf\u0131zamda kalan, bu sanat\u00e7\u0131n\u0131n resim yapmaya 27 ya\u015f\u0131nda ba\u015flam\u0131\u015f olmas\u0131 ve sadece 10 y\u0131l sonra \u00f6lm\u00fc\u015f olmas\u0131d\u0131.<\/p>\n\n\n\n<p>Hi\u00e7 bir \u015fey i\u00e7in asla \u00e7ok ge\u00e7 de\u011fildir Gezginler<\/p>\n\n\n\n<div style=\"height:50px\" aria-hidden=\"true\" class=\"wp-block-spacer\"><\/div>\n\n\n\n<hr class=\"wp-block-separator alignwide has-alpha-channel-opacity\"\/>\n\n\n\n<figure class=\"wp-block-table is-style-stripes\"><table><tbody><tr><td>Ek bilgi:<\/td><td>almanca:<\/td><td><a href=\"https:\/\/busche-kunst.com\/kunst-notizen\/warum-ist-van-gogh-so-beruehmt\/\" target=\"_blank\" rel=\"noreferrer noopener\">Warum ist Vincent van Gogh so ber\u00fchmt?<\/a><br><a href=\"https:\/\/www.philipphauer.de\/galerie\/vincent-van-gogh-werke\/\" target=\"_blank\" rel=\"noreferrer noopener\">Werke von Vincent van Gogh: Philipp Hauer<\/a><br><a href=\"https:\/\/www.ibiblio.org\/wm\/paint\/auth\/gogh\/\" target=\"_blank\" rel=\"noreferrer noopener\">Werke von Vincent van Gogh: WebMuseum, Paris<\/a><br><\/td><\/tr><tr><td><\/td><td>t\u00fcrk\u00e7e:<\/td><td><a href=\"https:\/\/onedio.com\/haber\/14-maddeyle-cilginligin-esiginden-dusen-bir-dahi-van-gogh-743290\" target=\"_blank\" rel=\"noreferrer noopener\">14 Maddeyle \u00c7\u0131lg\u0131nl\u0131\u011f\u0131n E\u015fi\u011finden D\u00fc\u015fen Bir Dahi: Van Gogh<\/a><br><a href=\"https:\/\/www.biyografi.info\/kisi\/vincent-van-gogh\" target=\"_blank\" rel=\"noreferrer noopener\">Vincent van Gogh Biyografisi<\/a><br><a href=\"https:\/\/paratic.com\/vincent-van-gogh-kimdir\/\" target=\"_blank\" rel=\"noreferrer noopener\">Vincent van Gogh Kimdir? Hayat\u0131, Eserleri ve S\u00f6zleri<\/a><\/td><\/tr><tr><td><\/td><td>ingilizce:<\/td><td><a href=\"https:\/\/vangoghworldwide.org\" target=\"_blank\" rel=\"noreferrer noopener\">Vincent van Gogh'un eserleri: Van Gogh Worldwide<\/a> (\u00f6zel\u00adlik\u00adle tav\u00adsiye edilir, muh\u00adte\u00adme\u00adlen t\u00fcm eserleri burada liste\u00adlen\u00admi\u015ftir)<\/td><\/tr><\/tbody><\/table><\/figure>","protected":false},"excerpt":{"rendered":"<p>Vincent van Gogh, eserleri ile beni etkileyen sanat\u00e7\u0131lardan biri de\u011fildi - sadece tesad\u00fcfen g\u00f6rd\u00fc\u011f\u00fcm birka\u00e7 me\u015fhur eseri vard\u0131. Ama ...<\/p>","protected":false},"author":5,"featured_media":496,"comment_status":"open","ping_status":"closed","sticky":false,"template":"","format":"standard","meta":{"footnotes":""},"categories":[177,25,107],"tags":[299,131],"class_list":["post-35","post","type-post","status-publish","format-standard","has-post-thumbnail","hentry","category-deutschland","category-kunst-kultur","category-veranstaltungen","tag-ausstellungen","tag-koeln"],"yoast_head":"<!-- This site is optimized with the Yoast SEO plugin v25.6 - https:\/\/yoast.com\/wordpress\/plugins\/seo\/ -->\n<title>Deutsch\u00adland: K\u00f6ln: Vincent van Gogh Alive - adimlarim.com<\/title>\n<meta name=\"description\" content=\"Veran\u00adstaltungen\" \/>\n<meta name=\"robots\" content=\"index, follow, max-snippet:-1, max-image-preview:large, max-video-preview:-1\" \/>\n<link rel=\"canonical\" href=\"https:\/\/adimlarim.com\/tr\/koeln-vincent-van-gogh-alive\/\" \/>\n<script type=\"application\/ld+json\" class=\"yoast-schema-graph\">{\"@context\":\"https:\/\/schema.org\",\"@graph\":[{\"@type\":\"Article\",\"@id\":\"https:\/\/adimlarim.com\/koeln-vincent-van-gogh-alive\/#article\",\"isPartOf\":{\"@id\":\"https:\/\/adimlarim.com\/koeln-vincent-van-gogh-alive\/\"},\"author\":{\"name\":\"ZNMAC\",\"@id\":\"https:\/\/adimlarim.com\/de\/#\/schema\/person\/c44c648a41b8519f8e022d74c6de7805\"},\"headline\":\"Deutsch\u00adland: K\u00f6ln: Vincent van Gogh Alive\",\"datePublished\":\"2022-11-08T10:38:24+00:00\",\"dateModified\":\"2024-08-05T11:05:17+00:00\",\"mainEntityOfPage\":{\"@id\":\"https:\/\/adimlarim.com\/koeln-vincent-van-gogh-alive\/\"},\"wordCount\":768,\"commentCount\":0,\"publisher\":{\"@id\":\"https:\/\/adimlarim.com\/de\/#organization\"},\"image\":{\"@id\":\"https:\/\/adimlarim.com\/koeln-vincent-van-gogh-alive\/#primaryimage\"},\"thumbnailUrl\":\"https:\/\/adimlarim.com\/wp-content\/uploads\/20221108_142655-DE-Koeln-van-Gogh-Alive.jpg\",\"keywords\":[\"Ausstellungen\",\"K\u00f6ln\"],\"articleSection\":[\"Deutsch\u00adland\",\"Kunst + Kultur\",\"Veran\u00adstaltungen\"],\"inLanguage\":\"tr\",\"potentialAction\":[{\"@type\":\"CommentAction\",\"name\":\"Comment\",\"target\":[\"https:\/\/adimlarim.com\/koeln-vincent-van-gogh-alive\/#respond\"]}]},{\"@type\":\"WebPage\",\"@id\":\"https:\/\/adimlarim.com\/koeln-vincent-van-gogh-alive\/\",\"url\":\"https:\/\/adimlarim.com\/koeln-vincent-van-gogh-alive\/\",\"name\":\"Deutsch\u00adland: K\u00f6ln: Vincent van Gogh Alive - adimlarim.com\",\"isPartOf\":{\"@id\":\"https:\/\/adimlarim.com\/de\/#website\"},\"primaryImageOfPage\":{\"@id\":\"https:\/\/adimlarim.com\/koeln-vincent-van-gogh-alive\/#primaryimage\"},\"image\":{\"@id\":\"https:\/\/adimlarim.com\/koeln-vincent-van-gogh-alive\/#primaryimage\"},\"thumbnailUrl\":\"https:\/\/adimlarim.com\/wp-content\/uploads\/20221108_142655-DE-Koeln-van-Gogh-Alive.jpg\",\"datePublished\":\"2022-11-08T10:38:24+00:00\",\"dateModified\":\"2024-08-05T11:05:17+00:00\",\"description\":\"Veran\u00adstaltungen\",\"breadcrumb\":{\"@id\":\"https:\/\/adimlarim.com\/koeln-vincent-van-gogh-alive\/#breadcrumb\"},\"inLanguage\":\"tr\",\"potentialAction\":[{\"@type\":\"ReadAction\",\"target\":[\"https:\/\/adimlarim.com\/koeln-vincent-van-gogh-alive\/\"]}]},{\"@type\":\"ImageObject\",\"inLanguage\":\"tr\",\"@id\":\"https:\/\/adimlarim.com\/koeln-vincent-van-gogh-alive\/#primaryimage\",\"url\":\"https:\/\/adimlarim.com\/wp-content\/uploads\/20221108_142655-DE-Koeln-van-Gogh-Alive.jpg\",\"contentUrl\":\"https:\/\/adimlarim.com\/wp-content\/uploads\/20221108_142655-DE-Koeln-van-Gogh-Alive.jpg\",\"width\":1920,\"height\":950},{\"@type\":\"BreadcrumbList\",\"@id\":\"https:\/\/adimlarim.com\/koeln-vincent-van-gogh-alive\/#breadcrumb\",\"itemListElement\":[{\"@type\":\"ListItem\",\"position\":1,\"name\":\"Startseite\",\"item\":\"https:\/\/adimlarim.com\/de\/\"},{\"@type\":\"ListItem\",\"position\":2,\"name\":\"Deutsch\u00adland: K\u00f6ln: Vincent van Gogh Alive\"}]},{\"@type\":\"WebSite\",\"@id\":\"https:\/\/adimlarim.com\/de\/#website\",\"url\":\"https:\/\/adimlarim.com\/de\/\",\"name\":\"Ad\u0131mlar\u0131m\",\"description\":\"jede Reise beginnt mit den ersten Schritten\",\"publisher\":{\"@id\":\"https:\/\/adimlarim.com\/de\/#organization\"},\"alternateName\":\"Adimlarim\",\"potentialAction\":[{\"@type\":\"SearchAction\",\"target\":{\"@type\":\"EntryPoint\",\"urlTemplate\":\"https:\/\/adimlarim.com\/de\/?s={search_term_string}\"},\"query-input\":{\"@type\":\"PropertyValueSpecification\",\"valueRequired\":true,\"valueName\":\"search_term_string\"}}],\"inLanguage\":\"tr\"},{\"@type\":\"Organization\",\"@id\":\"https:\/\/adimlarim.com\/de\/#organization\",\"name\":\"Ad\u0131mlar\u0131m\",\"url\":\"https:\/\/adimlarim.com\/de\/\",\"logo\":{\"@type\":\"ImageObject\",\"inLanguage\":\"tr\",\"@id\":\"https:\/\/adimlarim.com\/de\/#\/schema\/logo\/image\/\",\"url\":\"https:\/\/adimlarim.com\/wp-content\/uploads\/adimlarim.com_.perspektive.kontur.verlauf.blau_.header.png\",\"contentUrl\":\"https:\/\/adimlarim.com\/wp-content\/uploads\/adimlarim.com_.perspektive.kontur.verlauf.blau_.header.png\",\"width\":401,\"height\":319,\"caption\":\"Ad\u0131mlar\u0131m\"},\"image\":{\"@id\":\"https:\/\/adimlarim.com\/de\/#\/schema\/logo\/image\/\"}},{\"@type\":\"Person\",\"@id\":\"https:\/\/adimlarim.com\/de\/#\/schema\/person\/c44c648a41b8519f8e022d74c6de7805\",\"name\":\"ZNMAC\",\"url\":\"https:\/\/adimlarim.com\/tr\/author\/znmac\/\"}]}<\/script>\n<!-- \/ Yoast SEO plugin. -->","yoast_head_json":{"title":"Deutsch\u00adland: K\u00f6ln: Vincent van Gogh Alive - adimlarim.com","description":"Etkinlikler","robots":{"index":"index","follow":"follow","max-snippet":"max-snippet:-1","max-image-preview":"max-image-preview:large","max-video-preview":"max-video-preview:-1"},"canonical":"https:\/\/adimlarim.com\/tr\/koeln-vincent-van-gogh-alive\/","schema":{"@context":"https:\/\/schema.org","@graph":[{"@type":"Article","@id":"https:\/\/adimlarim.com\/koeln-vincent-van-gogh-alive\/#article","isPartOf":{"@id":"https:\/\/adimlarim.com\/koeln-vincent-van-gogh-alive\/"},"author":{"name":"ZNMAC","@id":"https:\/\/adimlarim.com\/de\/#\/schema\/person\/c44c648a41b8519f8e022d74c6de7805"},"headline":"Deutsch\u00adland: K\u00f6ln: Vincent van Gogh Alive","datePublished":"2022-11-08T10:38:24+00:00","dateModified":"2024-08-05T11:05:17+00:00","mainEntityOfPage":{"@id":"https:\/\/adimlarim.com\/koeln-vincent-van-gogh-alive\/"},"wordCount":768,"commentCount":0,"publisher":{"@id":"https:\/\/adimlarim.com\/de\/#organization"},"image":{"@id":"https:\/\/adimlarim.com\/koeln-vincent-van-gogh-alive\/#primaryimage"},"thumbnailUrl":"https:\/\/adimlarim.com\/wp-content\/uploads\/20221108_142655-DE-Koeln-van-Gogh-Alive.jpg","keywords":["Ausstellungen","K\u00f6ln"],"articleSection":["Deutsch\u00adland","Kunst + Kultur","Veran\u00adstaltungen"],"inLanguage":"tr","potentialAction":[{"@type":"CommentAction","name":"Comment","target":["https:\/\/adimlarim.com\/koeln-vincent-van-gogh-alive\/#respond"]}]},{"@type":"WebPage","@id":"https:\/\/adimlarim.com\/koeln-vincent-van-gogh-alive\/","url":"https:\/\/adimlarim.com\/koeln-vincent-van-gogh-alive\/","name":"Deutsch\u00adland: K\u00f6ln: Vincent van Gogh Alive - adimlarim.com","isPartOf":{"@id":"https:\/\/adimlarim.com\/de\/#website"},"primaryImageOfPage":{"@id":"https:\/\/adimlarim.com\/koeln-vincent-van-gogh-alive\/#primaryimage"},"image":{"@id":"https:\/\/adimlarim.com\/koeln-vincent-van-gogh-alive\/#primaryimage"},"thumbnailUrl":"https:\/\/adimlarim.com\/wp-content\/uploads\/20221108_142655-DE-Koeln-van-Gogh-Alive.jpg","datePublished":"2022-11-08T10:38:24+00:00","dateModified":"2024-08-05T11:05:17+00:00","description":"Etkinlikler","breadcrumb":{"@id":"https:\/\/adimlarim.com\/koeln-vincent-van-gogh-alive\/#breadcrumb"},"inLanguage":"tr","potentialAction":[{"@type":"ReadAction","target":["https:\/\/adimlarim.com\/koeln-vincent-van-gogh-alive\/"]}]},{"@type":"ImageObject","inLanguage":"tr","@id":"https:\/\/adimlarim.com\/koeln-vincent-van-gogh-alive\/#primaryimage","url":"https:\/\/adimlarim.com\/wp-content\/uploads\/20221108_142655-DE-Koeln-van-Gogh-Alive.jpg","contentUrl":"https:\/\/adimlarim.com\/wp-content\/uploads\/20221108_142655-DE-Koeln-van-Gogh-Alive.jpg","width":1920,"height":950},{"@type":"BreadcrumbList","@id":"https:\/\/adimlarim.com\/koeln-vincent-van-gogh-alive\/#breadcrumb","itemListElement":[{"@type":"ListItem","position":1,"name":"Startseite","item":"https:\/\/adimlarim.com\/de\/"},{"@type":"ListItem","position":2,"name":"Deutsch\u00adland: K\u00f6ln: Vincent van Gogh Alive"}]},{"@type":"WebSite","@id":"https:\/\/adimlarim.com\/de\/#website","url":"https:\/\/adimlarim.com\/de\/","name":"Ad\u0131mlar\u0131m","description":"jede Reise beginnt mit den ersten Schritten","publisher":{"@id":"https:\/\/adimlarim.com\/de\/#organization"},"alternateName":"Adimlarim","potentialAction":[{"@type":"SearchAction","target":{"@type":"EntryPoint","urlTemplate":"https:\/\/adimlarim.com\/de\/?s={search_term_string}"},"query-input":{"@type":"PropertyValueSpecification","valueRequired":true,"valueName":"search_term_string"}}],"inLanguage":"tr"},{"@type":"Organization","@id":"https:\/\/adimlarim.com\/de\/#organization","name":"Ad\u0131mlar\u0131m","url":"https:\/\/adimlarim.com\/de\/","logo":{"@type":"ImageObject","inLanguage":"tr","@id":"https:\/\/adimlarim.com\/de\/#\/schema\/logo\/image\/","url":"https:\/\/adimlarim.com\/wp-content\/uploads\/adimlarim.com_.perspektive.kontur.verlauf.blau_.header.png","contentUrl":"https:\/\/adimlarim.com\/wp-content\/uploads\/adimlarim.com_.perspektive.kontur.verlauf.blau_.header.png","width":401,"height":319,"caption":"Ad\u0131mlar\u0131m"},"image":{"@id":"https:\/\/adimlarim.com\/de\/#\/schema\/logo\/image\/"}},{"@type":"Person","@id":"https:\/\/adimlarim.com\/de\/#\/schema\/person\/c44c648a41b8519f8e022d74c6de7805","name":"ZNMAC","url":"https:\/\/adimlarim.com\/tr\/author\/znmac\/"}]}},"_links":{"self":[{"href":"https:\/\/adimlarim.com\/tr\/wp-json\/wp\/v2\/posts\/35","targetHints":{"allow":["GET"]}}],"collection":[{"href":"https:\/\/adimlarim.com\/tr\/wp-json\/wp\/v2\/posts"}],"about":[{"href":"https:\/\/adimlarim.com\/tr\/wp-json\/wp\/v2\/types\/post"}],"author":[{"embeddable":true,"href":"https:\/\/adimlarim.com\/tr\/wp-json\/wp\/v2\/users\/5"}],"replies":[{"embeddable":true,"href":"https:\/\/adimlarim.com\/tr\/wp-json\/wp\/v2\/comments?post=35"}],"version-history":[{"count":0,"href":"https:\/\/adimlarim.com\/tr\/wp-json\/wp\/v2\/posts\/35\/revisions"}],"wp:featuredmedia":[{"embeddable":true,"href":"https:\/\/adimlarim.com\/tr\/wp-json\/wp\/v2\/media\/496"}],"wp:attachment":[{"href":"https:\/\/adimlarim.com\/tr\/wp-json\/wp\/v2\/media?parent=35"}],"wp:term":[{"taxonomy":"category","embeddable":true,"href":"https:\/\/adimlarim.com\/tr\/wp-json\/wp\/v2\/categories?post=35"},{"taxonomy":"post_tag","embeddable":true,"href":"https:\/\/adimlarim.com\/tr\/wp-json\/wp\/v2\/tags?post=35"}],"curies":[{"name":"wp","href":"https:\/\/api.w.org\/{rel}","templated":true}]}}