{"id":3621,"date":"2024-07-23T14:49:28","date_gmt":"2024-07-23T12:49:28","guid":{"rendered":"https:\/\/adimlarim.com\/?p=3621"},"modified":"2024-07-25T11:03:51","modified_gmt":"2024-07-25T09:03:51","slug":"niederlande-arnheim-deutschlandticket","status":"publish","type":"post","link":"https:\/\/adimlarim.com\/tr\/niederlande-arnheim-deutschlandticket\/","title":{"rendered":"Hollanda: Arnhem + Deutsch\u00adland\u00adticket"},"content":{"rendered":"<p>Art\u0131k Deutsch\u00adland\u00adticket'imiz var. \u0130lk g\u00fcnl\u00fck gezimiz bizi bu bilet Arnhem'e a\u00e7\u0131k hava m\u00fczesine g\u00f6t\u00fcrecek ve gezimiz bir Pazar g\u00fcn\u00fc ba\u015flayacak.<\/p>\n\n\n\n<h2 class=\"wp-block-heading\">Deutsch\u00adland\u00adticket: K\u00f6ln &#8211; Arn\u00adhem<\/h2>\n\n\n\n<p>K\u00f6ln'e arabayla gittik ve yolculu\u011fumuza 08:30'da oradan ba\u015flad\u0131k. DB uygulamas\u0131nda herhangi bir aksakl\u0131k belirtilmedi. RE9'un var\u0131\u015f noktas\u0131 \"Arnhem Centraal Sta\u00adtion\". Tren ama \"Emmerich\" istasyonunda durdu ve t\u00fcm yolcular\u0131 indirdiler. Platformda g\u00fcne\u015fin alt\u0131nda yakla\u015f\u0131k 15 ila 30 dakika ge\u00e7irdikten sonra, ba\u015fka bir trene ge\u00e7memiz s\u00f6ylendi. Neyse ki bir oturma imkan\u0131 bularak rahatlad\u0131k. Trende 30 dakikadan fazla bekledikten sonra tekrar trenden inmemiz s\u00f6ylendi. G\u00fcne\u015fin alt\u0131nda yakla\u015f\u0131k 15 dakika beklemekten sonra yeni gelen, ama t\u0131kabasa dolu olan RE9'ye ge\u00e7mek zorunda kald\u0131k. Arnhem'e 2 saat ge\u00e7 vard\u0131k. Bunun moralimizi bozmas\u0131na izin vermedik ve bizi Nederlands Openlucht M\u00fczesi'ne g\u00f6t\u00fcrecek olan 3 numaral\u0131 Hollanda otob\u00fcs\u00fcn\u00fc kolayca bulduk.<\/p>\n\n\n\n<figure class=\"wp-block-image alignfull size-full\"><img loading=\"lazy\" decoding=\"async\" width=\"1080\" height=\"800\" src=\"https:\/\/adimlarim.com\/wp-content\/uploads\/NLD-Arnheim-20240623_153936.jpg\" alt=\"Niederlande: Arnhem Openlucht Museum\" class=\"wp-image-3631\" srcset=\"https:\/\/adimlarim.com\/wp-content\/uploads\/NLD-Arnheim-20240623_153936.jpg 1080w, https:\/\/adimlarim.com\/wp-content\/uploads\/NLD-Arnheim-20240623_153936-1024x759.jpg 1024w, https:\/\/adimlarim.com\/wp-content\/uploads\/NLD-Arnheim-20240623_153936-768x569.jpg 768w, https:\/\/adimlarim.com\/wp-content\/uploads\/NLD-Arnheim-20240623_153936-16x12.jpg 16w\" sizes=\"auto, (max-width: 1080px) 100vw, 1080px\" \/><\/figure>\n\n\n\n<div class=\"wp-block-media-text is-stacked-on-mobile\"><figure class=\"wp-block-media-text__media\"><img loading=\"lazy\" decoding=\"async\" width=\"600\" height=\"800\" src=\"https:\/\/adimlarim.com\/wp-content\/uploads\/NLD-Arnheim-20240623_154820-rotated.jpg\" alt=\"Niederlande: Arnhem Openlucht Museum\" class=\"wp-image-3632 size-full\" srcset=\"https:\/\/adimlarim.com\/wp-content\/uploads\/NLD-Arnheim-20240623_154820-rotated.jpg 600w, https:\/\/adimlarim.com\/wp-content\/uploads\/NLD-Arnheim-20240623_154820-9x12.jpg 9w\" sizes=\"auto, (max-width: 600px) 100vw, 600px\" \/><\/figure><div class=\"wp-block-media-text__content\">\n<div class=\"wp-block-group is-nowrap is-layout-flex wp-container-core-group-is-layout-6c531013 wp-block-group-is-layout-flex\">\n<h2 class=\"wp-block-heading\">Arn\u00adhem: Neder\u00adlands Open\u00adlucht Museum<\/h2>\n\n\n\n<p><\/p>\n<\/div>\n\n\n\n<p>Giri\u015f biletlerimizi bir g\u00fcn \u00f6ncesinden online olarak \u00f6dedik. Hafta sonu yeti\u015fkinler i\u00e7in 22,00 \u20ac ve 4-12 ya\u015f aras\u0131 \u00e7ocuklar i\u00e7inde 16,50 \u20ac. A\u00e7\u0131k hava m\u00fczesindeki tur s\u0131ras\u0131nda mola vermek i\u00e7in \u00e7e\u015fitli f\u0131rsat var. \u00d6rne\u011fin, poffertjes yiyebilir veya orada \u00fcretilen biray\u0131 i\u00e7ebilirsiniz. Orada \u00fcretilen bir \u015fi\u015fe biran\u0131n fiyat\u0131 yakla\u015f\u0131k 7 \u20ac!<\/p>\n\n\n\n<p>Bizim i\u00e7in bahsetmeye de\u011fer 6 durakta inip bindi\u011fimiz eski tramvaylar. Ve k\u00fc\u00e7\u00fck tipik ah\u015fap gemilerin \u00fcretimini yak\u0131ndan seyiredebildi\u011fimiz tersane. Bunlardan ayr\u0131 bu a\u00e7\u0131k hava m\u00fczesi ancak pahal\u0131 bir hayal k\u0131r\u0131kl\u0131\u011f\u0131 oldu bize.<\/p>\n<\/div><\/div>\n\n\n\n<h2 class=\"wp-block-heading\">Arn\u00adhem<\/h2>\n\n\n\n<p>Openlucht M\u00fczesi'nden Arnhem'e d\u00f6n\u00fc\u015f yolculu\u011fumuz bir bisiklet yar\u0131\u015f\u0131 nedeniyle 1 saat gecikti. \u00d6yelece gecikmemiz 3 saate \u00e7\u0131kt\u0131. Ba\u015fka neleri ziyaret edebiliriz diye kendimize sorduk. Eusebius Kilisesi'nde karar k\u0131ld\u0131k. Ancak yeti\u015fkinler i\u00e7in giri\u015f \u00fccretinin 16.00 \u20ac ve asans\u00f6r\u00fcn sadece 30 dakika a\u00e7\u0131k oldu\u011funu g\u00f6r\u00fcnce hayal k\u0131r\u0131kl\u0131\u011f\u0131na u\u011frad\u0131k ve Almanya'ya d\u00f6nmeye karar verdik.<\/p>\n\n\n\n<div class=\"wp-block-media-text is-stacked-on-mobile\"><figure class=\"wp-block-media-text__media\"><img loading=\"lazy\" decoding=\"async\" width=\"600\" height=\"800\" src=\"https:\/\/adimlarim.com\/wp-content\/uploads\/NLD-Arnheim-20240623_160617-rotated.jpg\" alt=\"Niederlande: Arnhem Openlucht Museum\" class=\"wp-image-3633 size-full\" srcset=\"https:\/\/adimlarim.com\/wp-content\/uploads\/NLD-Arnheim-20240623_160617-rotated.jpg 600w, https:\/\/adimlarim.com\/wp-content\/uploads\/NLD-Arnheim-20240623_160617-9x12.jpg 9w\" sizes=\"auto, (max-width: 600px) 100vw, 600px\" \/><\/figure><div class=\"wp-block-media-text__content\">\n<h3 class=\"wp-block-heading\">G\u00f6rmeye de\u011fer yerler<\/h3>\n\n\n\n<p>Listemize a\u015fa\u011f\u0131daki yerleri not etmi\u015ftik:<\/p>\n\n\n\n<ul class=\"wp-block-list\">\n<li>\"Centraal \u0130stasyonu\"nun mimarisi,<\/li>\n\n\n\n<li>normal evlerin aras\u0131nda biten yel de\u011firmeni \"De Kroon\",<\/li>\n\n\n\n<li>\"Duivelshuis\" binas\u0131,<\/li>\n\n\n\n<li>\"Eusebiuskerk\" kilisesi,<\/li>\n\n\n\n<li>\"John Frostbrug\" k\u00f6pr\u00fcs\u00fc,<\/li>\n\n\n\n<li>\"Sabelspoort\" kap\u0131s\u0131.<\/li>\n<\/ul>\n\n\n\n<p>Eusebius Kilisesi listemizin en ba\u015f\u0131nda yer al\u0131yordu. \u00c7\u00fcnk\u00fc panoramik bir asans\u00f6r, 2 cam balkonda Arnhem'in siluetini 60 metre y\u00fckseklikten g\u00f6rmenizi sa\u011fl\u0131yor. Ancak hi\u00e7birini ziyaret edemedik, yaz\u0131k oldu.<\/p>\n<\/div><\/div>\n\n\n\n<h2 class=\"wp-block-heading\">Deutsch\u00adland\u00adticket: Arn\u00adhem &#8211; K\u00f6ln <\/h2>\n\n\n\n<p>Deutsche Bahn uygulamas\u0131 bize herhangi bir gecikme g\u00f6stermedi. Ak\u015fam 18:45 treni i\u00e7in istasyona zaman\u0131nda ula\u015ft\u0131\u011f\u0131m\u0131za sevindik. K\u0131sa bir bekleyi\u015ften sonra ekranlarda Almanya'ya giden t\u00fcm trenlerin iptal edildi\u011fini g\u00f6r\u00fcnce tela\u015fland\u0131k. Oradaki bir \u00e7al\u0131\u015fan sorunumuza kar\u015f\u0131l\u0131k yolculara otob\u00fcs organize edildi\u011fini bildirdi. \u0130stasyonun hemen yan\u0131ndaki otob\u00fcs dura\u011f\u0131n\u0131n ne kadar dolu oldu\u011funu g\u00f6rmek bizi deh\u015fete soktu.<\/p>\n\n\n\n<p>30 dakikadan otob\u00fcs\u00fc bekledikten sonra istasyona geri d\u00f6nd\u00fcm ve ba\u015fka bir g\u00f6revliye otob\u00fcslerin nerede kald\u0131\u011f\u0131n\u0131 sordum. Yetkili birini arad\u0131. Daha sonra bana Almanya'ya giden \u201cEmmerich\u201d treninin 4a peronunda bekledi\u011fini s\u00f6yledi. Bunu di\u011fer yolculara da s\u00f6ylemesini rica ettim. O kalabal\u0131\u011f\u0131 g\u00f6r\u00fcnce \u00f6nce tutuk davrand\u0131. Biz bu arada 4a peronuna do\u011fru ilerledik.<\/p>\n\n\n\n<p>Peronda \"D\u00fcsseldorf Hauptbahnhof\"a giden RE19 beklemekte. Gene rahat koltuk bulduk ve art\u0131k g\u00fcvenli bir \u015fekilde Almanya'ya varaca\u011f\u0131m\u0131z i\u00e7in mutluyduk. Birdenbire ilan tahtas\u0131ndaki \"D\u00fcsseldorf Hauptbahnhof\" yaz\u0131s\u0131 \u00e7izildi ve \"Wesel\" yaz\u0131s\u0131 g\u00f6r\u00fcnd\u00fc. G\u00fcn\u00fcbirlik gezimiz yava\u015f yava\u015f bir korkulu r\u00fcyaya d\u00f6n\u00fc\u015ft\u00fc. Gidece\u011fimiz yere var\u0131p varamayaca\u011f\u0131m\u0131z art\u0131k \u015f\u00fcpheli g\u00f6r\u00fcnmekteydi ama tren yola \u00e7\u0131kt\u0131.<\/p>\n\n\n\n<p>Trende \"Wesel\" istasyonundan \"Oberhausen Hbf\" istasyonuna otob\u00fcs seferi organize edildi\u011fini anons ge\u00e7tiler. Mecburen Wesel'de indik. Bu k\u00fc\u00e7\u00fck tren istasyonu insan kalabal\u0131\u011f\u0131yla t\u0131kabasa doldu ve g\u00f6r\u00fcn\u00fcrde otob\u00fcs yoktu. Orada bekleyen 2 taksi de bir dakika i\u00e7inde doldu, Uber yok ve Flixbus da \u00e7al\u0131\u015fm\u0131yordu.<\/p>\n\n\n\n<p>Tabelas\u0131 olmayan bir otob\u00fcs dura\u011fa vard\u0131. Birdenbire sanki bir d\u00fc\u011fmeye bas\u0131lm\u0131\u015f gibi insan y\u0131\u011f\u0131nlar\u0131 aceleyle otob\u00fcs\u00fcn gitti\u011fi y\u00f6ne do\u011fru yola koyuldu. Biz bu girdaba kap\u0131lmamay\u0131 ve beklemeyi karar ald\u0131k. Kalabal\u0131k durma noktas\u0131na geldi ve anonsdaki denilen\notob\u00fcs\u00fcn olmad\u0131\u011f\u0131 anla\u015f\u0131ld\u0131. Yorgun ve kuvetten d\u00fc\u015ferken, bize o bekleyi\u015f s\u00fcresi sanki hi\u00e7 bitmiyecek gibi gelirken, ilk yedek otob\u00fcs dura\u011fa vard\u0131. Kalabal\u0131k tekrar \u00e7\u0131lg\u0131nca harekete ge\u00e7ti, biz yine oldu\u011fumuz yerde kald\u0131k. B\u00fcy\u00fck \u015fans\u0131m\u0131za, ikinci otob\u00fcs tam \u00f6n\u00fcm\u00fczde durdu ve mutlu bir \u015fekilde gene oturma imkan\u0131 nasip oldu bize. Bir anda otob\u00fcs a\u011fz\u0131na kadar doluverdi. Kalan yolcular i\u00e7in yeterince otob\u00fcs ayarlan\u0131p ayarlanmad\u0131\u011f\u0131n\u0131 kendime sormaktan alamad\u0131m.<\/p>\n\n\n\n<p>\u0130ster inan\u0131n ister inanmay\u0131n, Oberhausen istasyonuna varmam\u0131z neredeyse iki saat s\u00fcrd\u00fc. Yava\u015f yava\u015f kafam\u0131z kar\u0131\u015fmaya ba\u015flad\u0131. Bir noktada bizi K\u00f6ln'e g\u00f6t\u00fcrebilecek bir trenin ama kalkmad\u0131\u011f\u0131 bir peronda durduk. Son dakikada ve di\u011fer yolcularla birlikte acele ederek di\u011fer perondaki RE6'y\u0131 yakalad\u0131k. \"K\u00f6ln Hauptbahnhof \"ta S12 aktarmas\u0131ndan sonra nihayet gece yar\u0131s\u0131 var\u0131\u015f istasyonumuza ula\u015ft\u0131k.<\/p>\n\n\n\n<h2 class=\"wp-block-heading\">\u00d6zet<\/h2>\n\n\n\n<p>Asl\u0131nda sadece g\u00fczel, bir g\u00fcnl\u00fck gezi olucakt\u0131 bu turumuz. Ancak bir g\u00fcnde toplam 6 saatlik bir gecikme Deutschlandticket'in tad\u0131n\u0131 ger\u00e7ekten ka\u00e7\u0131rd\u0131! Arabaya nazaran bu bilet muhtemelen b\u00f6yle bir yolculuk i\u00e7in uygun de\u011fil. Bu y\u00fczden Deutschlandticket aboneli\u011fimizi yenilemiyoruz,<\/p>\n\n\n\n<p>bu kesin gezginci dostlar<\/p>","protected":false},"excerpt":{"rendered":"<p>Art\u0131k Deutsch\u00adland\u00adticket'imiz var. \u0130lk g\u00fcnl\u00fck gezimiz bizi bu bilet Arnhem'e a\u00e7\u0131k hava m\u00fczesine g\u00f6t\u00fcrecek ve gezimiz bir Pazar g\u00fcn\u00fc ba\u015flayacak.<\/p>","protected":false},"author":2,"featured_media":3630,"comment_status":"open","ping_status":"closed","sticky":false,"template":"","format":"standard","meta":{"footnotes":""},"categories":[56,180,20,238],"tags":[256,257,259,258,262,263],"class_list":["post-3621","post","type-post","status-publish","format-standard","has-post-thumbnail","hentry","category-mit-kindern","category-niederlande","category-orte-staetten","category-reisen","tag-arnheim","tag-arnhem","tag-bahnreisen","tag-deutschlandticket","tag-freilichtmuseen","tag-museen"],"yoast_head":"<!-- This site is optimized with the Yoast SEO plugin v25.6 - https:\/\/yoast.com\/wordpress\/plugins\/seo\/ -->\n<title>Nieder\u00adlande: Arn\u00adheim + Deutsch\u00adland\u00adticket - adimlarim.com<\/title>\n<meta name=\"description\" content=\"mit Kindern\" \/>\n<meta name=\"robots\" content=\"index, follow, max-snippet:-1, max-image-preview:large, max-video-preview:-1\" \/>\n<link rel=\"canonical\" href=\"https:\/\/adimlarim.com\/tr\/niederlande-arnheim-deutschlandticket\/\" \/>\n<script type=\"application\/ld+json\" class=\"yoast-schema-graph\">{\"@context\":\"https:\/\/schema.org\",\"@graph\":[{\"@type\":\"Article\",\"@id\":\"https:\/\/adimlarim.com\/niederlande-arnheim-deutschlandticket\/#article\",\"isPartOf\":{\"@id\":\"https:\/\/adimlarim.com\/niederlande-arnheim-deutschlandticket\/\"},\"author\":{\"name\":\"Ida\",\"@id\":\"https:\/\/adimlarim.com\/de\/#\/schema\/person\/da4e1c885de18f49b7a4b485ec88d208\"},\"headline\":\"Nieder\u00adlande: Arn\u00adheim + Deutsch\u00adland\u00adticket\",\"datePublished\":\"2024-07-23T12:49:28+00:00\",\"dateModified\":\"2024-07-25T09:03:51+00:00\",\"mainEntityOfPage\":{\"@id\":\"https:\/\/adimlarim.com\/niederlande-arnheim-deutschlandticket\/\"},\"wordCount\":1273,\"commentCount\":0,\"publisher\":{\"@id\":\"https:\/\/adimlarim.com\/de\/#organization\"},\"image\":{\"@id\":\"https:\/\/adimlarim.com\/niederlande-arnheim-deutschlandticket\/#primaryimage\"},\"thumbnailUrl\":\"https:\/\/adimlarim.com\/wp-content\/uploads\/NLD-Arnheim-20240623_151511.jpg\",\"keywords\":[\"Arnheim\",\"Arnhem\",\"Bahnreisen\",\"Deutschlandticket\",\"Freilichtmuseen\",\"Museen\"],\"articleSection\":[\"mit Kindern\",\"Nieder\u00ad\u00adlande\",\"Orte + St\u00e4tten\",\"Reisen\"],\"inLanguage\":\"tr\",\"potentialAction\":[{\"@type\":\"CommentAction\",\"name\":\"Comment\",\"target\":[\"https:\/\/adimlarim.com\/niederlande-arnheim-deutschlandticket\/#respond\"]}]},{\"@type\":\"WebPage\",\"@id\":\"https:\/\/adimlarim.com\/niederlande-arnheim-deutschlandticket\/\",\"url\":\"https:\/\/adimlarim.com\/niederlande-arnheim-deutschlandticket\/\",\"name\":\"Nieder\u00adlande: Arn\u00adheim + Deutsch\u00adland\u00adticket - adimlarim.com\",\"isPartOf\":{\"@id\":\"https:\/\/adimlarim.com\/de\/#website\"},\"primaryImageOfPage\":{\"@id\":\"https:\/\/adimlarim.com\/niederlande-arnheim-deutschlandticket\/#primaryimage\"},\"image\":{\"@id\":\"https:\/\/adimlarim.com\/niederlande-arnheim-deutschlandticket\/#primaryimage\"},\"thumbnailUrl\":\"https:\/\/adimlarim.com\/wp-content\/uploads\/NLD-Arnheim-20240623_151511.jpg\",\"datePublished\":\"2024-07-23T12:49:28+00:00\",\"dateModified\":\"2024-07-25T09:03:51+00:00\",\"description\":\"mit Kindern\",\"breadcrumb\":{\"@id\":\"https:\/\/adimlarim.com\/niederlande-arnheim-deutschlandticket\/#breadcrumb\"},\"inLanguage\":\"tr\",\"potentialAction\":[{\"@type\":\"ReadAction\",\"target\":[\"https:\/\/adimlarim.com\/niederlande-arnheim-deutschlandticket\/\"]}]},{\"@type\":\"ImageObject\",\"inLanguage\":\"tr\",\"@id\":\"https:\/\/adimlarim.com\/niederlande-arnheim-deutschlandticket\/#primaryimage\",\"url\":\"https:\/\/adimlarim.com\/wp-content\/uploads\/NLD-Arnheim-20240623_151511.jpg\",\"contentUrl\":\"https:\/\/adimlarim.com\/wp-content\/uploads\/NLD-Arnheim-20240623_151511.jpg\",\"width\":1920,\"height\":800,\"caption\":\"Niederlande: Arnhem Openlucht Museum\"},{\"@type\":\"BreadcrumbList\",\"@id\":\"https:\/\/adimlarim.com\/niederlande-arnheim-deutschlandticket\/#breadcrumb\",\"itemListElement\":[{\"@type\":\"ListItem\",\"position\":1,\"name\":\"Startseite\",\"item\":\"https:\/\/adimlarim.com\/de\/\"},{\"@type\":\"ListItem\",\"position\":2,\"name\":\"Nieder\u00adlande: Arn\u00adheim + Deutsch\u00adland\u00adticket\"}]},{\"@type\":\"WebSite\",\"@id\":\"https:\/\/adimlarim.com\/de\/#website\",\"url\":\"https:\/\/adimlarim.com\/de\/\",\"name\":\"Ad\u0131mlar\u0131m\",\"description\":\"jede Reise beginnt mit den ersten Schritten\",\"publisher\":{\"@id\":\"https:\/\/adimlarim.com\/de\/#organization\"},\"alternateName\":\"Adimlarim\",\"potentialAction\":[{\"@type\":\"SearchAction\",\"target\":{\"@type\":\"EntryPoint\",\"urlTemplate\":\"https:\/\/adimlarim.com\/de\/?s={search_term_string}\"},\"query-input\":{\"@type\":\"PropertyValueSpecification\",\"valueRequired\":true,\"valueName\":\"search_term_string\"}}],\"inLanguage\":\"tr\"},{\"@type\":\"Organization\",\"@id\":\"https:\/\/adimlarim.com\/de\/#organization\",\"name\":\"Ad\u0131mlar\u0131m\",\"url\":\"https:\/\/adimlarim.com\/de\/\",\"logo\":{\"@type\":\"ImageObject\",\"inLanguage\":\"tr\",\"@id\":\"https:\/\/adimlarim.com\/de\/#\/schema\/logo\/image\/\",\"url\":\"https:\/\/adimlarim.com\/wp-content\/uploads\/adimlarim.com_.perspektive.kontur.verlauf.blau_.header.png\",\"contentUrl\":\"https:\/\/adimlarim.com\/wp-content\/uploads\/adimlarim.com_.perspektive.kontur.verlauf.blau_.header.png\",\"width\":401,\"height\":319,\"caption\":\"Ad\u0131mlar\u0131m\"},\"image\":{\"@id\":\"https:\/\/adimlarim.com\/de\/#\/schema\/logo\/image\/\"}},{\"@type\":\"Person\",\"@id\":\"https:\/\/adimlarim.com\/de\/#\/schema\/person\/da4e1c885de18f49b7a4b485ec88d208\",\"name\":\"Ida\",\"url\":\"https:\/\/adimlarim.com\/tr\/author\/ida\/\"}]}<\/script>\n<!-- \/ Yoast SEO plugin. -->","yoast_head_json":{"title":"Nieder\u00adlande: Arn\u00adheim + Deutsch\u00adland\u00adticket - adimlarim.com","description":"\u00c7ocuklarla","robots":{"index":"index","follow":"follow","max-snippet":"max-snippet:-1","max-image-preview":"max-image-preview:large","max-video-preview":"max-video-preview:-1"},"canonical":"https:\/\/adimlarim.com\/tr\/niederlande-arnheim-deutschlandticket\/","schema":{"@context":"https:\/\/schema.org","@graph":[{"@type":"Article","@id":"https:\/\/adimlarim.com\/niederlande-arnheim-deutschlandticket\/#article","isPartOf":{"@id":"https:\/\/adimlarim.com\/niederlande-arnheim-deutschlandticket\/"},"author":{"name":"Ida","@id":"https:\/\/adimlarim.com\/de\/#\/schema\/person\/da4e1c885de18f49b7a4b485ec88d208"},"headline":"Nieder\u00adlande: Arn\u00adheim + Deutsch\u00adland\u00adticket","datePublished":"2024-07-23T12:49:28+00:00","dateModified":"2024-07-25T09:03:51+00:00","mainEntityOfPage":{"@id":"https:\/\/adimlarim.com\/niederlande-arnheim-deutschlandticket\/"},"wordCount":1273,"commentCount":0,"publisher":{"@id":"https:\/\/adimlarim.com\/de\/#organization"},"image":{"@id":"https:\/\/adimlarim.com\/niederlande-arnheim-deutschlandticket\/#primaryimage"},"thumbnailUrl":"https:\/\/adimlarim.com\/wp-content\/uploads\/NLD-Arnheim-20240623_151511.jpg","keywords":["Arnheim","Arnhem","Bahnreisen","Deutschlandticket","Freilichtmuseen","Museen"],"articleSection":["mit Kindern","Nieder\u00ad\u00adlande","Orte + St\u00e4tten","Reisen"],"inLanguage":"tr","potentialAction":[{"@type":"CommentAction","name":"Comment","target":["https:\/\/adimlarim.com\/niederlande-arnheim-deutschlandticket\/#respond"]}]},{"@type":"WebPage","@id":"https:\/\/adimlarim.com\/niederlande-arnheim-deutschlandticket\/","url":"https:\/\/adimlarim.com\/niederlande-arnheim-deutschlandticket\/","name":"Nieder\u00adlande: Arn\u00adheim + Deutsch\u00adland\u00adticket - adimlarim.com","isPartOf":{"@id":"https:\/\/adimlarim.com\/de\/#website"},"primaryImageOfPage":{"@id":"https:\/\/adimlarim.com\/niederlande-arnheim-deutschlandticket\/#primaryimage"},"image":{"@id":"https:\/\/adimlarim.com\/niederlande-arnheim-deutschlandticket\/#primaryimage"},"thumbnailUrl":"https:\/\/adimlarim.com\/wp-content\/uploads\/NLD-Arnheim-20240623_151511.jpg","datePublished":"2024-07-23T12:49:28+00:00","dateModified":"2024-07-25T09:03:51+00:00","description":"\u00c7ocuklarla","breadcrumb":{"@id":"https:\/\/adimlarim.com\/niederlande-arnheim-deutschlandticket\/#breadcrumb"},"inLanguage":"tr","potentialAction":[{"@type":"ReadAction","target":["https:\/\/adimlarim.com\/niederlande-arnheim-deutschlandticket\/"]}]},{"@type":"ImageObject","inLanguage":"tr","@id":"https:\/\/adimlarim.com\/niederlande-arnheim-deutschlandticket\/#primaryimage","url":"https:\/\/adimlarim.com\/wp-content\/uploads\/NLD-Arnheim-20240623_151511.jpg","contentUrl":"https:\/\/adimlarim.com\/wp-content\/uploads\/NLD-Arnheim-20240623_151511.jpg","width":1920,"height":800,"caption":"Niederlande: Arnhem Openlucht Museum"},{"@type":"BreadcrumbList","@id":"https:\/\/adimlarim.com\/niederlande-arnheim-deutschlandticket\/#breadcrumb","itemListElement":[{"@type":"ListItem","position":1,"name":"Startseite","item":"https:\/\/adimlarim.com\/de\/"},{"@type":"ListItem","position":2,"name":"Nieder\u00adlande: Arn\u00adheim + Deutsch\u00adland\u00adticket"}]},{"@type":"WebSite","@id":"https:\/\/adimlarim.com\/de\/#website","url":"https:\/\/adimlarim.com\/de\/","name":"Ad\u0131mlar\u0131m","description":"jede Reise beginnt mit den ersten Schritten","publisher":{"@id":"https:\/\/adimlarim.com\/de\/#organization"},"alternateName":"Adimlarim","potentialAction":[{"@type":"SearchAction","target":{"@type":"EntryPoint","urlTemplate":"https:\/\/adimlarim.com\/de\/?s={search_term_string}"},"query-input":{"@type":"PropertyValueSpecification","valueRequired":true,"valueName":"search_term_string"}}],"inLanguage":"tr"},{"@type":"Organization","@id":"https:\/\/adimlarim.com\/de\/#organization","name":"Ad\u0131mlar\u0131m","url":"https:\/\/adimlarim.com\/de\/","logo":{"@type":"ImageObject","inLanguage":"tr","@id":"https:\/\/adimlarim.com\/de\/#\/schema\/logo\/image\/","url":"https:\/\/adimlarim.com\/wp-content\/uploads\/adimlarim.com_.perspektive.kontur.verlauf.blau_.header.png","contentUrl":"https:\/\/adimlarim.com\/wp-content\/uploads\/adimlarim.com_.perspektive.kontur.verlauf.blau_.header.png","width":401,"height":319,"caption":"Ad\u0131mlar\u0131m"},"image":{"@id":"https:\/\/adimlarim.com\/de\/#\/schema\/logo\/image\/"}},{"@type":"Person","@id":"https:\/\/adimlarim.com\/de\/#\/schema\/person\/da4e1c885de18f49b7a4b485ec88d208","name":"Ida","url":"https:\/\/adimlarim.com\/tr\/author\/ida\/"}]}},"_links":{"self":[{"href":"https:\/\/adimlarim.com\/tr\/wp-json\/wp\/v2\/posts\/3621","targetHints":{"allow":["GET"]}}],"collection":[{"href":"https:\/\/adimlarim.com\/tr\/wp-json\/wp\/v2\/posts"}],"about":[{"href":"https:\/\/adimlarim.com\/tr\/wp-json\/wp\/v2\/types\/post"}],"author":[{"embeddable":true,"href":"https:\/\/adimlarim.com\/tr\/wp-json\/wp\/v2\/users\/2"}],"replies":[{"embeddable":true,"href":"https:\/\/adimlarim.com\/tr\/wp-json\/wp\/v2\/comments?post=3621"}],"version-history":[{"count":0,"href":"https:\/\/adimlarim.com\/tr\/wp-json\/wp\/v2\/posts\/3621\/revisions"}],"wp:featuredmedia":[{"embeddable":true,"href":"https:\/\/adimlarim.com\/tr\/wp-json\/wp\/v2\/media\/3630"}],"wp:attachment":[{"href":"https:\/\/adimlarim.com\/tr\/wp-json\/wp\/v2\/media?parent=3621"}],"wp:term":[{"taxonomy":"category","embeddable":true,"href":"https:\/\/adimlarim.com\/tr\/wp-json\/wp\/v2\/categories?post=3621"},{"taxonomy":"post_tag","embeddable":true,"href":"https:\/\/adimlarim.com\/tr\/wp-json\/wp\/v2\/tags?post=3621"}],"curies":[{"name":"wp","href":"https:\/\/api.w.org\/{rel}","templated":true}]}}