{"id":3727,"date":"2024-07-27T20:01:51","date_gmt":"2024-07-27T18:01:51","guid":{"rendered":"https:\/\/adimlarim.com\/?p=3727"},"modified":"2024-07-27T20:24:00","modified_gmt":"2024-07-27T18:24:00","slug":"fotos","status":"publish","type":"post","link":"https:\/\/adimlarim.com\/tr\/fotos\/","title":{"rendered":"Foto\u011fraf?"},"content":{"rendered":"<h3 class=\"wp-block-heading\">Buradaki foto\u011fraf\u00adlar ilginizi mi \u00e7ekti?<\/h3>\n\n\n\n<p>\u0130lk ba\u015fta \u015funu belirt\u00admek iste\u00adrim, bura\u00adda yay\u0131n\u00adla\u00adnan foto\u011fraf\u00adla\u00adr\u0131\u00adm\u0131z fili\u00adgran\u00adl\u0131\u00add\u0131r. Ori\u00adjinal veya di\u011fer foto\u011fraf\u00adlar il\u00adgi\u00adni\u00adzi \u00e7eki\u00adyor\u00adsa tale\u00adbi\u00adniz \u00fczeri size kendi foto\u011fraf\u00adla\u00adr\u0131\u00adm\u0131\u00adz\u0131 (baz\u0131\u00adlar\u0131 cep telefonu kali\u00adte\u00adsin\u00adde, baz\u0131\u00adlar\u0131 foto\u011fraf makine\u00adsi kali\u00adte\u00adsin\u00adde) sa\u011flamak\u00adtan mut\u00adlu\u00adluk duya\u00adr\u0131z.<\/p>\n\n\n\n<p>Bu durum\u00adda kul\u00adla\u00adn\u0131\u00adm\u0131 a\u015fa\u011f\u0131\u00adda\u00adki ko\u015ful\u00adlar alt\u0131n\u00adda \u00fccret\u00adsiz olacak\u00adt\u0131r:<\/p>\n\n\n\n<ol class=\"wp-block-list\">\n<li>Kul\u00adla\u00adn\u0131m ticari de\u011fil\u00addir.<\/li>\n\n\n\n<li>Foto\u011fraf\u00adlar bize ait de\u011fil\u00adse, size ilet\u00admek i\u00e7in eser sahi\u00adbi\u00adnin iz\u00adni\u00adni al\u00adma\u00adm\u0131z gere\u00adkir. Sadece sor\u00adma\u00adn\u0131z yeter\u00adli.<\/li>\n\n\n\n<li>Eser sahi\u00adbin ad\u0131 ya do\u011fru\u00addan foto\u011fra\u00adf\u0131n \u00fczerin\u00adde ya da hemen al\u00adt\u0131n\u00adda belir\u00adtil\u00adme\u00adli\u00addir.<\/li>\n\n\n\n<li>Ya foto\u011fraf ya da eser sahibi ad\u0131 web sitemi\u00adze link ile ba\u011flan\u00adma\u00adl\u0131\u00add\u0131r.<\/li>\n\n\n\n<li>Ayn\u0131 ko\u015ful\u00adlar alt\u0131n\u00adda foto\u011fra\u00adf\u0131 siz de ba\u015f\u00adka\u00adla\u00adr\u0131\u00adna ile\u00adte\u00adbi\u00adlir\u00adsi\u00adniz.<\/li>\n<\/ol>\n\n\n\n<p>Zaman yeter\u00adsiz\u00adli\u011fi nede\u00adniy\u00adle bizim sadece bir\u00adka\u00e7, ama di\u011fer kat\u0131\u00adl\u0131m\u00adc\u0131\u00adla\u00adr\u0131n bir\u00ad\u00e7ok foto\u011fra\u00adf\u0131 da \u015fu adres\u00adte <a href=\"https:\/\/wordpress.org\/photos\/\" target=\"_blank\" rel=\"noreferrer noopener\">WorPress Photos<\/a> mev\u00adcut\u00adtur. Ora\u00adda\u00adki t\u00fcm foto\u011fraf\u00adlar CC0 \u201cNo Rights Reserved\u201d lisan\u00ads\u0131 kap\u00adsa\u00adm\u0131n\u00adda k\u0131s\u0131t\u00adlama olmak\u00ads\u0131\u00adz\u0131n kul\u00adla\u00adn\u0131\u00adl\u0131r. Ora\u00adya da g\u00f6z at\u00admaya de\u011fer.<\/p>\n\n\n\n<p>Yolunuz a\u00e7\u0131k olsun gezginler<\/p>","protected":false},"excerpt":{"rendered":"<p>Bazen bir kelime bir foto\u011fraf\u00adtan daha anlam\u00adl\u0131\u00add\u0131r, ama bazen de bir foto\u011fraf bin keli\u00adme\u00adye bedel\u00addir.<\/p>","protected":false},"author":5,"featured_media":3733,"comment_status":"open","ping_status":"closed","sticky":false,"template":"","format":"standard","meta":{"footnotes":""},"categories":[116],"tags":[278],"class_list":["post-3727","post","type-post","status-publish","format-standard","has-post-thumbnail","hentry","category-blog","tag-fotos"],"yoast_head":"<!-- This site is optimized with the Yoast SEO plugin v25.6 - https:\/\/yoast.com\/wordpress\/plugins\/seo\/ -->\n<title>Fotos? - adimlarim.com<\/title>\n<meta name=\"description\" content=\"Blog\" \/>\n<meta name=\"robots\" content=\"index, follow, max-snippet:-1, max-image-preview:large, max-video-preview:-1\" \/>\n<link rel=\"canonical\" href=\"https:\/\/adimlarim.com\/tr\/fotos\/\" \/>\n<script type=\"application\/ld+json\" class=\"yoast-schema-graph\">{\"@context\":\"https:\/\/schema.org\",\"@graph\":[{\"@type\":\"Article\",\"@id\":\"https:\/\/adimlarim.com\/fotos\/#article\",\"isPartOf\":{\"@id\":\"https:\/\/adimlarim.com\/fotos\/\"},\"author\":{\"name\":\"ZNMAC\",\"@id\":\"https:\/\/adimlarim.com\/de\/#\/schema\/person\/c44c648a41b8519f8e022d74c6de7805\"},\"headline\":\"Fotos?\",\"datePublished\":\"2024-07-27T18:01:51+00:00\",\"dateModified\":\"2024-07-27T18:24:00+00:00\",\"mainEntityOfPage\":{\"@id\":\"https:\/\/adimlarim.com\/fotos\/\"},\"wordCount\":261,\"commentCount\":0,\"publisher\":{\"@id\":\"https:\/\/adimlarim.com\/de\/#organization\"},\"image\":{\"@id\":\"https:\/\/adimlarim.com\/fotos\/#primaryimage\"},\"thumbnailUrl\":\"https:\/\/adimlarim.com\/wp-content\/uploads\/Fotos-von-adimlarim.jpg\",\"keywords\":[\"Fotos\"],\"articleSection\":[\"Blog\"],\"inLanguage\":\"tr\",\"potentialAction\":[{\"@type\":\"CommentAction\",\"name\":\"Comment\",\"target\":[\"https:\/\/adimlarim.com\/fotos\/#respond\"]}]},{\"@type\":\"WebPage\",\"@id\":\"https:\/\/adimlarim.com\/fotos\/\",\"url\":\"https:\/\/adimlarim.com\/fotos\/\",\"name\":\"Fotos? - adimlarim.com\",\"isPartOf\":{\"@id\":\"https:\/\/adimlarim.com\/de\/#website\"},\"primaryImageOfPage\":{\"@id\":\"https:\/\/adimlarim.com\/fotos\/#primaryimage\"},\"image\":{\"@id\":\"https:\/\/adimlarim.com\/fotos\/#primaryimage\"},\"thumbnailUrl\":\"https:\/\/adimlarim.com\/wp-content\/uploads\/Fotos-von-adimlarim.jpg\",\"datePublished\":\"2024-07-27T18:01:51+00:00\",\"dateModified\":\"2024-07-27T18:24:00+00:00\",\"description\":\"Blog\",\"breadcrumb\":{\"@id\":\"https:\/\/adimlarim.com\/fotos\/#breadcrumb\"},\"inLanguage\":\"tr\",\"potentialAction\":[{\"@type\":\"ReadAction\",\"target\":[\"https:\/\/adimlarim.com\/fotos\/\"]}]},{\"@type\":\"ImageObject\",\"inLanguage\":\"tr\",\"@id\":\"https:\/\/adimlarim.com\/fotos\/#primaryimage\",\"url\":\"https:\/\/adimlarim.com\/wp-content\/uploads\/Fotos-von-adimlarim.jpg\",\"contentUrl\":\"https:\/\/adimlarim.com\/wp-content\/uploads\/Fotos-von-adimlarim.jpg\",\"width\":1926,\"height\":606,\"caption\":\"Anreihung von alten Fotos; Eski foto\u011fraflardan olu\u015fan bir koleksiyon\"},{\"@type\":\"BreadcrumbList\",\"@id\":\"https:\/\/adimlarim.com\/fotos\/#breadcrumb\",\"itemListElement\":[{\"@type\":\"ListItem\",\"position\":1,\"name\":\"Startseite\",\"item\":\"https:\/\/adimlarim.com\/de\/\"},{\"@type\":\"ListItem\",\"position\":2,\"name\":\"Fotos?\"}]},{\"@type\":\"WebSite\",\"@id\":\"https:\/\/adimlarim.com\/de\/#website\",\"url\":\"https:\/\/adimlarim.com\/de\/\",\"name\":\"Ad\u0131mlar\u0131m\",\"description\":\"jede Reise beginnt mit den ersten Schritten\",\"publisher\":{\"@id\":\"https:\/\/adimlarim.com\/de\/#organization\"},\"alternateName\":\"Adimlarim\",\"potentialAction\":[{\"@type\":\"SearchAction\",\"target\":{\"@type\":\"EntryPoint\",\"urlTemplate\":\"https:\/\/adimlarim.com\/de\/?s={search_term_string}\"},\"query-input\":{\"@type\":\"PropertyValueSpecification\",\"valueRequired\":true,\"valueName\":\"search_term_string\"}}],\"inLanguage\":\"tr\"},{\"@type\":\"Organization\",\"@id\":\"https:\/\/adimlarim.com\/de\/#organization\",\"name\":\"Ad\u0131mlar\u0131m\",\"url\":\"https:\/\/adimlarim.com\/de\/\",\"logo\":{\"@type\":\"ImageObject\",\"inLanguage\":\"tr\",\"@id\":\"https:\/\/adimlarim.com\/de\/#\/schema\/logo\/image\/\",\"url\":\"https:\/\/adimlarim.com\/wp-content\/uploads\/adimlarim.com_.perspektive.kontur.verlauf.blau_.header.png\",\"contentUrl\":\"https:\/\/adimlarim.com\/wp-content\/uploads\/adimlarim.com_.perspektive.kontur.verlauf.blau_.header.png\",\"width\":401,\"height\":319,\"caption\":\"Ad\u0131mlar\u0131m\"},\"image\":{\"@id\":\"https:\/\/adimlarim.com\/de\/#\/schema\/logo\/image\/\"}},{\"@type\":\"Person\",\"@id\":\"https:\/\/adimlarim.com\/de\/#\/schema\/person\/c44c648a41b8519f8e022d74c6de7805\",\"name\":\"ZNMAC\",\"url\":\"https:\/\/adimlarim.com\/tr\/author\/znmac\/\"}]}<\/script>\n<!-- \/ Yoast SEO plugin. -->","yoast_head_json":{"title":"Fotos? - adimlarim.com","description":"Blog","robots":{"index":"index","follow":"follow","max-snippet":"max-snippet:-1","max-image-preview":"max-image-preview:large","max-video-preview":"max-video-preview:-1"},"canonical":"https:\/\/adimlarim.com\/tr\/fotos\/","schema":{"@context":"https:\/\/schema.org","@graph":[{"@type":"Article","@id":"https:\/\/adimlarim.com\/fotos\/#article","isPartOf":{"@id":"https:\/\/adimlarim.com\/fotos\/"},"author":{"name":"ZNMAC","@id":"https:\/\/adimlarim.com\/de\/#\/schema\/person\/c44c648a41b8519f8e022d74c6de7805"},"headline":"Fotos?","datePublished":"2024-07-27T18:01:51+00:00","dateModified":"2024-07-27T18:24:00+00:00","mainEntityOfPage":{"@id":"https:\/\/adimlarim.com\/fotos\/"},"wordCount":261,"commentCount":0,"publisher":{"@id":"https:\/\/adimlarim.com\/de\/#organization"},"image":{"@id":"https:\/\/adimlarim.com\/fotos\/#primaryimage"},"thumbnailUrl":"https:\/\/adimlarim.com\/wp-content\/uploads\/Fotos-von-adimlarim.jpg","keywords":["Fotos"],"articleSection":["Blog"],"inLanguage":"tr","potentialAction":[{"@type":"CommentAction","name":"Comment","target":["https:\/\/adimlarim.com\/fotos\/#respond"]}]},{"@type":"WebPage","@id":"https:\/\/adimlarim.com\/fotos\/","url":"https:\/\/adimlarim.com\/fotos\/","name":"Fotos? - adimlarim.com","isPartOf":{"@id":"https:\/\/adimlarim.com\/de\/#website"},"primaryImageOfPage":{"@id":"https:\/\/adimlarim.com\/fotos\/#primaryimage"},"image":{"@id":"https:\/\/adimlarim.com\/fotos\/#primaryimage"},"thumbnailUrl":"https:\/\/adimlarim.com\/wp-content\/uploads\/Fotos-von-adimlarim.jpg","datePublished":"2024-07-27T18:01:51+00:00","dateModified":"2024-07-27T18:24:00+00:00","description":"Blog","breadcrumb":{"@id":"https:\/\/adimlarim.com\/fotos\/#breadcrumb"},"inLanguage":"tr","potentialAction":[{"@type":"ReadAction","target":["https:\/\/adimlarim.com\/fotos\/"]}]},{"@type":"ImageObject","inLanguage":"tr","@id":"https:\/\/adimlarim.com\/fotos\/#primaryimage","url":"https:\/\/adimlarim.com\/wp-content\/uploads\/Fotos-von-adimlarim.jpg","contentUrl":"https:\/\/adimlarim.com\/wp-content\/uploads\/Fotos-von-adimlarim.jpg","width":1926,"height":606,"caption":"Anreihung von alten Fotos; Eski foto\u011fraflardan olu\u015fan bir koleksiyon"},{"@type":"BreadcrumbList","@id":"https:\/\/adimlarim.com\/fotos\/#breadcrumb","itemListElement":[{"@type":"ListItem","position":1,"name":"Startseite","item":"https:\/\/adimlarim.com\/de\/"},{"@type":"ListItem","position":2,"name":"Fotos?"}]},{"@type":"WebSite","@id":"https:\/\/adimlarim.com\/de\/#website","url":"https:\/\/adimlarim.com\/de\/","name":"Ad\u0131mlar\u0131m","description":"jede Reise beginnt mit den ersten Schritten","publisher":{"@id":"https:\/\/adimlarim.com\/de\/#organization"},"alternateName":"Adimlarim","potentialAction":[{"@type":"SearchAction","target":{"@type":"EntryPoint","urlTemplate":"https:\/\/adimlarim.com\/de\/?s={search_term_string}"},"query-input":{"@type":"PropertyValueSpecification","valueRequired":true,"valueName":"search_term_string"}}],"inLanguage":"tr"},{"@type":"Organization","@id":"https:\/\/adimlarim.com\/de\/#organization","name":"Ad\u0131mlar\u0131m","url":"https:\/\/adimlarim.com\/de\/","logo":{"@type":"ImageObject","inLanguage":"tr","@id":"https:\/\/adimlarim.com\/de\/#\/schema\/logo\/image\/","url":"https:\/\/adimlarim.com\/wp-content\/uploads\/adimlarim.com_.perspektive.kontur.verlauf.blau_.header.png","contentUrl":"https:\/\/adimlarim.com\/wp-content\/uploads\/adimlarim.com_.perspektive.kontur.verlauf.blau_.header.png","width":401,"height":319,"caption":"Ad\u0131mlar\u0131m"},"image":{"@id":"https:\/\/adimlarim.com\/de\/#\/schema\/logo\/image\/"}},{"@type":"Person","@id":"https:\/\/adimlarim.com\/de\/#\/schema\/person\/c44c648a41b8519f8e022d74c6de7805","name":"ZNMAC","url":"https:\/\/adimlarim.com\/tr\/author\/znmac\/"}]}},"_links":{"self":[{"href":"https:\/\/adimlarim.com\/tr\/wp-json\/wp\/v2\/posts\/3727","targetHints":{"allow":["GET"]}}],"collection":[{"href":"https:\/\/adimlarim.com\/tr\/wp-json\/wp\/v2\/posts"}],"about":[{"href":"https:\/\/adimlarim.com\/tr\/wp-json\/wp\/v2\/types\/post"}],"author":[{"embeddable":true,"href":"https:\/\/adimlarim.com\/tr\/wp-json\/wp\/v2\/users\/5"}],"replies":[{"embeddable":true,"href":"https:\/\/adimlarim.com\/tr\/wp-json\/wp\/v2\/comments?post=3727"}],"version-history":[{"count":0,"href":"https:\/\/adimlarim.com\/tr\/wp-json\/wp\/v2\/posts\/3727\/revisions"}],"wp:featuredmedia":[{"embeddable":true,"href":"https:\/\/adimlarim.com\/tr\/wp-json\/wp\/v2\/media\/3733"}],"wp:attachment":[{"href":"https:\/\/adimlarim.com\/tr\/wp-json\/wp\/v2\/media?parent=3727"}],"wp:term":[{"taxonomy":"category","embeddable":true,"href":"https:\/\/adimlarim.com\/tr\/wp-json\/wp\/v2\/categories?post=3727"},{"taxonomy":"post_tag","embeddable":true,"href":"https:\/\/adimlarim.com\/tr\/wp-json\/wp\/v2\/tags?post=3727"}],"curies":[{"name":"wp","href":"https:\/\/api.w.org\/{rel}","templated":true}]}}