{"id":4825,"date":"2025-07-02T08:09:09","date_gmt":"2025-07-02T06:09:09","guid":{"rendered":"https:\/\/adimlarim.com\/?p=4825"},"modified":"2025-08-05T08:50:17","modified_gmt":"2025-08-05T06:50:17","slug":"island-reisebericht","status":"publish","type":"post","link":"https:\/\/adimlarim.com\/tr\/island-reisebericht\/","title":{"rendered":"Island: Reisebericht"},"content":{"rendered":"<p>Der Reisebericht ist noch in Bearbeitung!<\/p>\n\n\n\n<h2 class=\"wp-block-heading\">Reise\u00advor\u00adbe\u00adrei\u00adtungen<\/h2>\n\n\n\n<p>Unsere Entscheidung, im Mai nach Island zu fliegen, \u00fcberrumpelte uns selber. Versp\u00e4tet im M\u00e4rz begann deshalb unsere Planung und bereits Anfang Mai fing unsere Reise an. Unterst\u00fctzung bei der Planung erhielt ich auf den Seiten des <a href=\"https:\/\/www.island-forum.com\/index.php?thread\/8826-reiseplanung-auf-den-letzten-dr%C3%BCcker-island-mai-10-14-tage\/\" target=\"_blank\" rel=\"noreferrer noopener\">Island-Forum: Reiseplanung auf den letzten Dr\u00fccker: Island: Mai: 10-14 Tage<\/a>. Also, falls auch Sie eine Reise nach Island planen, gerne gebe ich Tipps. Im Island-Forum.com jedoch gibt es jede Menge hilfsbereite Reisende, die zig male bereits in Island waren und wesentlich mehr Erfahrungen vorweisen.<\/p>\n\n\n\n<h3 class=\"wp-block-heading\">Gep\u00e4ck<\/h3>\n\n\n\n<p>Island soll teuer sein. Also entschieden wir uns, vermehrt als Selbstversorger unterwegs zu sein. Das hatte zur Konsequenz, dass ein jeder von uns mit zwei Koffern unterwegs sein w\u00fcrde &#8211; ein normaler Koffer bis 23 kg und ein Handgep\u00e4ckst\u00fcck bis 10 kg. Hat es sich gelohnt, soviel an Nahrungsmitteln mitgenommen zu haben? Bei K\u00e4se, Kaffee und Brot (Sauerteig-Roggenbrot) ja, ansonsten waren die Lebensmittelpreise erschwinglich.<\/p>\n\n\n\n<h3 class=\"wp-block-heading\">Kleidung<\/h3>\n\n\n\n<p>In Island braucht man wirklich gut durchdachte Funktionskleidung, auch wenn man einige der Sehensw\u00fcrdigkeiten mit Auto anf\u00e4hrt. Man bedenke: es regnet, man wird nass, man zieht die Regenjacke\/-poncho aus, irgendwie verstaut man es irgendwo im Auto, dann steigt man an der n\u00e4chsten Sehensw\u00fcrdigkeit wieder aus, man zieht das nasse Zeugs wieder an, usw. Irgendwann ist man trotz durchdachter Kleidung trotzdem nass, weil man einfach dieses Prozedere nicht mit bedacht hat.<\/p>\n\n\n\n<p>Beispielsweise auch der Aspekt &#8222;Trocknen der gewaschenen Sachen&#8220; bei einer Rundreise mit vielen Stopps sollte mit ber\u00fccksichtigt werden. Wenn es nur noch regnet, dann trocknen nasse Sachen schlecht. Dann reichen 2 Oberteile eben nicht aus.<\/p>\n\n\n\n<p>Eine Mitreisende ist oft in den Bergen unterwegs und somit reich an Erfahrung in Bezug auf Kleidung und Equipment. Von ihr haben wir uns beraten lassen. Sie legte Wert auf Kleidung in Schichten, die aus n\u00e4ssetransportierendem synthetischen oder nat\u00fcrlichen Materialen wie Merinowolle hergestellt waren. Auch gab sie uns zu bedenken, dass unsere Au\u00dfenbekleidung hohe Wassers\u00e4ulen verkraften und schnell trocknen mu\u00df. Die W\u00e4rme sollten wir durch Schichten regulieren. Und vordringlich warnte sie uns, nur hochwertige Wandersocken, die auch zu unserer Fu\u00dfform passen, zu nutzen.<\/p>\n\n\n\n<p>Weitere Orientierung bot uns die <a href=\"https:\/\/safetravel.is\/de\/outdoors\/clothing\/\" target=\"_blank\" rel=\"noreferrer noopener\">SafeTravel.is: Angemessene Kleidung: Die richtige Ausr\u00fcstung wird einen gro\u00dfen Unterschied machen: Die Kombination aus Wind, Regen und K\u00e4lte wird oft untersch\u00e4tzt<\/a> Webseite.<\/p>\n\n\n\n<h4 class=\"wp-block-heading\">Schuhe<\/h4>\n\n\n\n<p>Das isl\u00e4ndische Terrain mit Unwegbarkeiten wie spitzes Vulkangestein, Matsch, Sand, unebener Boden usw. verlangt wirklich wasserfeste Wanderschuhe der Kategorie von mindestens B\/C ab, am besten mit Schaft und guter Isolierung f\u00fcr den Mai &#8211; dies wurde mir auch im Island-Forum.com so empfohlen. Da ich nur noch Allterrain-Wanderschuhe, die eher f\u00fcr leichtes Freizeitwandern geeignet sind, hatte, machte ich mich auf die Suche.<\/p>\n\n\n\n<p>Letztendlich wurden es die Meindl Wanderschuh Antelao Lady GTX der Kategorie B\/C. Zwar wiegen sie fast 1,3 kg und nehmen viel Platz ein, aber es war die richtige Entscheidung. Aber nichtsdestotrotz, man kann auch mit normalen Schuhen einiges in der isl\u00e4ndischen Landschaft begehen. Vermutlich waren es die Isl\u00e4nder selber, die teilweise glitschige Stufen mit Stra\u00dfenschuhen bzw. normalen Sportschuhen erstiegen &#8211; Hut ab.<\/p>\n\n\n\n<h4 class=\"wp-block-heading\">Regenponcho<\/h4>\n\n\n\n<p>Ob Poncho oder Jacke, da scheiden sich scheinbar die Wandergeister. Nun ja, ich bin keine alpine Wanderin und klettere nicht auf Berge. Nur dann macht ein Poncho meines Erachtens nach keinen Sinn, ansonsten bin ich Poncho-begeistert! Habe ich den richtigen gefunden? Hier nun ein klares Nein! Meiner von Decathlon (Poncho Regencape 60\u00a0&#8211; MT500\u00a0orange) mit seiner Wassers\u00e4ule von 2.000 mm h\u00e4tte mich bei einer mehrst\u00fcndigen Wanderung mit Dauerregen, trotz auffrischender Impr\u00e4gnierung, nicht sch\u00fctzen k\u00f6nnen. Also, worauf beim Poncho achten?<\/p>\n\n\n\n<ol class=\"wp-block-list\">\n<li>Sollte wasserdicht sein, auch nach einem Waschgang und\/oder mehrfacher Nutzung hohe Wassers\u00e4ulen von \u00fcber 10.000 mm aushalten.<\/li>\n\n\n\n<li>Sollte schnell anzuziehen sein.<\/li>\n\n\n\n<li>Falls man mit Rucksack unterwegs ist, sollte er \u00fcber den Rucksack \u00fcberziehbar sein. Ansonsten wird der Rucksack, trotz Schutz nass, oder man selber, wenn man erst den Rucksack sch\u00fctzen will.<\/li>\n\n\n\n<li>In die Bereiche mit \u00d6ffnungen und Verschl\u00fcssen sollte kein Wasser eindringen k\u00f6nnen. Die N\u00e4hte sollten getapt, besser noch versiegelt sein.<\/li>\n\n\n\n<li>An den Seiten sollte er verschlossen sein.<\/li>\n\n\n\n<li>Die Kapuze sollte so konzipiert sein, dass der Regen nicht am Hals in die Kleidung dringt.<\/li>\n\n\n\n<li>Er sollte f\u00fcr ausreichend Beinschutz, aber doch mit Beinfreiheit ausgestattet sein &#8211; also lang genug sein, dass der Regen nicht bereits die Oberschenkel durchn\u00e4sst.<\/li>\n\n\n\n<li>Er sollte nicht herumflattern, da es einem sonst die Sicht nimmt und man dann stolpern k\u00f6nnte.<\/li>\n\n\n\n<li>Er sollte gut bel\u00fcftet sein.<\/li>\n\n\n\n<li>Gut verstaubar sein, auch wenn er nass ist.<\/li>\n\n\n\n<li>Es sollte nicht f\u00fcr den einmaligen Gebrauch konzipiert sein. Wir sahen sehr oft Touristen, die mit einem Plastik-\u00fcberzieh-Teil Sehensw\u00fcrdigkeiten abklapperten und vermutlich beim n\u00e4chsten Stopp mit Regen die n\u00e4chste Packung \u00f6ffneten &#8211; ein Unding!<\/li>\n<\/ol>\n\n\n\n<h3 class=\"wp-block-heading\">Packliste<\/h3>\n\n\n\n<p>Wir hatten von den 14 Tagen fast durchweg 7 Tage lang Regen, starken Wind, Temperaturen, die bei Wind sich wie 3 \u00b0C angef\u00fchlt haben, 1 Woche mit Temperaturen von ab und an \u00fcber 20 \u00b0C und gar strahlend blauen Himmel mit runden Schichtwolken. Das Island wetterm\u00e4\u00dfig schwer einzuordnen ist, das mu\u00df man in der Packliste mit ber\u00fccksichtigen. Ich neige dazu, zuviel Gep\u00e4ck mitzunehmen und deshalb hatte ich mir dieses mal eine Packliste gemacht. Meine nach der Reise optimierte Packliste f\u00fcr Island im Mai sieht nunmehr folgenderma\u00dfen aus:<\/p>\n\n\n\n<ul class=\"wp-block-list\">\n<li>Wanderjacke: wasser\u00adab\u00adweisend, wind\u00addicht, atmungs\u00adaktiv, isolierend<\/li>\n\n\n\n<li>Regenponcho: wassser\u00addicht, \u00fcber den Ruck\u00adsack \u00fcber\u00adziehbar<\/li>\n\n\n\n<li>Sporthose: atmungs\u00adaktiv, schnell\u00adtrocknend<\/li>\n\n\n\n<li>Sport-Tight: 2 St\u00fcck<\/li>\n\n\n\n<li>Wanderhose: 2 St\u00fcck<\/li>\n\n\n\n<li>Fleece-Jacke: 2 St\u00fcck<\/li>\n\n\n\n<li>Sport-Oberteil: 3 St\u00fcck, schnell\u00adtrocknend<\/li>\n\n\n\n<li>Hut mit UV-Schutz<\/li>\n\n\n\n<li>Fleece-M\u00fctze + Schal + Ohr\u00adw\u00e4rmer: je 1<\/li>\n\n\n\n<li>Handschuhe: wasser\u00addicht, w\u00e4rmend<\/li>\n\n\n\n<li>M\u00fcckennetz f\u00fcr den Kopf: in M\u00fdvatn un\u00adab\u00addingbar<\/li>\n\n\n\n<li>Sonnen\u00adschutz\u00admilch<\/li>\n\n\n\n<li>Impr\u00e4gnier\u00adspray: gro\u00dfe Dose<\/li>\n\n\n\n<li>Wander\u00adsocken: 4 St\u00fcck<\/li>\n\n\n\n<li>Wander\u00adschuhe: 1 Paar<\/li>\n\n\n\n<li>Wander\u00adstock<\/li>\n\n\n\n<li>Ruck\u00adsack<\/li>\n\n\n\n<li>Ausgeh\u00adfein: f\u00fcr Reykjav\u00edk und Restau\u00adrant\u00adbe\u00adsuche ge\u00adeignete Kleidung<\/li>\n\n\n\n<li>Handt\u00fccher: 2 gro\u00dfe, 2 kleine Hand\u00adt\u00fccher, Wasch\u00adlappen<\/li>\n\n\n\n<li>Unterw\u00e4sche: f\u00fcr 7 Tage<\/li>\n\n\n\n<li>Hygieneartikel: f\u00fcr 14 Tage<\/li>\n\n\n\n<li>Pyamas: 2 St\u00fcck<\/li>\n\n\n\n<li>Schwimmsachen: 2 St\u00fcck, 1 wasser\u00addichter Beutel, 1 Sport\u00adbeutel<\/li>\n\n\n\n<li>Haus-\/Bade\u00adschuhe<\/li>\n\n\n\n<li>Kissen\u00adbezug: 2 St\u00fcck<\/li>\n\n\n\n<li>Kissen: auf\u00adblas\u00adbar<\/li>\n\n\n\n<li>Milben\u00adschutz-Laken<\/li>\n\n\n\n<li>Vakuumbeutel: ausreichend in der Anzahl, um genutzte Sachen zu verstauen <\/li>\n\n\n\n<li>Wasch\u00admittel: Tube f\u00fcr unterwegs<\/li>\n\n\n\n<li>Desinfektions\u00admittel<\/li>\n\n\n\n<li>Kosmetik\u00adtasche: f\u00fcr den restlichen Krims\u00adkrams<\/li>\n\n\n\n<li>Medikamente: f\u00fcr maxi\u00admal 100 Tage, Medikamen\u00adten\u00adplan<\/li>\n\n\n\n<li>Trink\u00adflasche<\/li>\n\n\n\n<li>Akku<\/li>\n\n\n\n<li>Stirn\u00adlampe<\/li>\n\n\n\n<li>Kabel + Stecker<\/li>\n\n\n\n<li>Gimbal: bei Regen nicht nutz\u00adbar<\/li>\n\n\n\n<li>Reisef\u00fchrer: Island<\/li>\n<\/ul>\n\n\n\n<h3 class=\"wp-block-heading\">Miet\u00adwagen<\/h3>\n\n\n\n<p>Wo wir gebucht haben und was wir gebucht haben &#8211; n\u00e4heres sp\u00e4ter.<\/p>\n\n\n\n<h3 class=\"wp-block-heading\">Unter\u00adk\u00fcnfte<\/h3>\n\n\n\n<p>Die 14 Tage waren als Rundreise geplant und gebucht:<\/p>\n\n\n\n<ul class=\"wp-block-list\">\n<li>04.05.2025 &#8211; 08.05.2025 \u00d6lfus: Broddaborg Apartments<\/li>\n\n\n\n<li>08.05.2025 &#8211; 10.05.2025 Kirkjub\u00e6jarklaustur: Hotel Laki<\/li>\n\n\n\n<li>10.05.2025 &#8211; 11.05.2025 H\u00f6fn: REY Stays &#8211; House<\/li>\n\n\n\n<li>11.05.2025 &#8211; 12.05.2025 Egilssta\u00f0ir: Lagarfell Studios<\/li>\n\n\n\n<li>12.05.2025 &#8211; 16.05.2025 A\u00f0aldalur: Guesthouse Br\u00fanahl\u00ed\u00f0<\/li>\n\n\n\n<li>16.05.2025 &#8211; 18.05.2025 \u00d6lfus: Sun-cottage South Iceland<\/li>\n<\/ul>\n\n\n\n<p>Jedoch verletzte sich eine Mitreisende den Fu\u00df und aus der geplanten Rundreise wurde eine Halbreise. Wie hatten wir uns gefreut, aber in Island gibt es viele Steine auf dem Weg Reisende, in diesem Sinne nun mein nachfolgender Reisebericht.<\/p>\n\n\n\n<h3 class=\"wp-block-heading\">Reise\u00adbe\u00adgleiter<\/h3>\n\n\n\n<p>Gemeint sind hier die Dinge, die uns im Laufe der Vorbereitungen und w\u00e4hrend unserer Reise Unterst\u00fctzung boten. Nichts ist gesponsert!<\/p>\n\n\n\n<h4 class=\"wp-block-heading\">Reisef\u00fchrer: Island (von Christine Sadler und Jens Willhardt)<\/h4>\n\n\n\n<p><em>Reisef\u00fchrer &#8222;Island&#8220; von Christine Sadler und Jens Willhardt, 2024 erschienen im Michael M\u00fcller Verlag in 10. Auflage, ISBN-10: 3966852829 oder ISBN-13: 978-3966852821.<\/em><\/p>\n\n\n\n<p>W\u00e4hrend unseres Messebesuches &#8211; mein Partner und ich lieben Reisemessen &#8211; gingen wir an einem Messestand nur mit Reisef\u00fchrern vorbei. Was liegt n\u00e4her, als dort jemanden zu fragen, welches Buch f\u00fcr eine Island-Rundreise empfehlenswert w\u00e4re? Man riet uns zu diesem Reisef\u00fchrer \u00fcber Island. Eine Weile stand ich mit diesem schweren Buch in der Hand am Stand, \u00fcberlegte, ob diese 29,90 \u20ac Investition sich lohnen w\u00fcrde. Zwar ist dieses Buch knappe 900 Gramm schwer, aber er wurde nicht nur in der Vorbereitung sondern auch in Island unser hei\u00dfgeliebter Reisebegleiter.<\/p>\n\n\n\n<p>Auch jetzt, Monate sp\u00e4ter, nach unserer Reise, mag ich ihn nicht weglegen. Gedanklich plane ich bereits die n\u00e4chste Reise. Ich hoffe, dass es bis dahin eine Neuauflage mit aktualisierten Infos geben wird. Denn in Island wird derzeit viel gebaut. Aber dar\u00fcber hinaus ist Island ein Land, dass man statisch nicht erfassen kann &#8211; Stra\u00dfenf\u00fchrungen \u00e4ndern sich, neue Sehensw\u00fcrdigkeiten entstehen.<\/p>\n\n\n\n<h2 class=\"wp-block-heading\">Reise\u00adtage\u00adbuch<\/h2>\n\n\n\n<h3 class=\"wp-block-heading\">4. Mai (Tag 1)<\/h3>\n\n\n\n<h4 class=\"wp-block-heading\">Ankunft Flughafen Keflav\u00edk<\/h4>\n\n\n\n<p>Seit vielen Jahren wollte ich nach Island und wie oft kam etwas dazwischen &#8211; zuletzt brach ich mir meine Hand und jetzt, endlich, ich bin in Island angekommen! Der Flug mit Icelandair war so, wie es allenortes ist, wenn man als Ottonormalverbraucher fliegt.<\/p>\n\n\n\n<h4 class=\"wp-block-heading\">Mietwagen<\/h4>\n\n\n\n<p>Nachdem wir problemlos den Zollbereich passiert haben, erledigen wir ohne lange zu warten, die Formalit\u00e4ten f\u00fcr den Mietwagen. Schlie\u00dflich haben wir den SUV mit Allradantrieb, allem Versicherungsschnickschnack und der Vorzugsbehandlung f\u00fcr 14 Tage bereits in Deutschland \u00fcber den ADAC angemietet &#8211; wohlgemerkt passend f\u00fcr 3 Reisende mit Gep\u00e4ck.<\/p>\n\n\n\n<p>Das Wetter grau-in-grau, es nieselt ab und an, ein b\u00f6iger Wind und unser Mietwagen steht auf einem Parkplatz vor dem Flughafen. Also machen sich 3 Reisende auf den Weg zum Auto und ein jeder bepackt. Der Mietwagen ist ansprechend, wie vertraglich festgehalten, kein Jahr alt und hat nur sehr wenige Kilometer gefahren. Es stellt sich heraus, dass der Mietwagen Hybrid-Antrieb und Automatik-Schaltung hat. Obzwar wir Gang-Schaltung vereinbart hatten, entscheiden wir uns jedoch, dies nicht zu beanstanden.<\/p>\n\n\n\n<p>Dann, egal wie wir die Koffer versuchen in den Kofferraum einzupassen, es bleiben immer Koffer \u00fcbrig. Noch nicht einmal das Gep\u00e4ck (je 1 Aufgabegep\u00e4ck und 1 Kabinen-Koffer) von 2 Reisenden w\u00fcrde der Kofferraum aufnehmen &#8211; \u00e4rgerlich. So platzieren wir gezwungenerma\u00dfen zwei der drei normalgro\u00dfen Koffer hinter dem Fahrersitz. Die Idee, immer nur die kleinen Handgep\u00e4ck-Koffer in die Unterk\u00fcnfte mit zu nehmen, er\u00fcbrigt sich somit.<\/p>\n\n\n\n<p>Aber egal, Island wir kommen!<\/p>\n\n\n\n<h4 class=\"wp-block-heading\">Erste Autofahrt<\/h4>\n\n\n\n<p>Das Auto nunmehr chaotisch bepackt, Navigation eingestellt und wir machen uns auf den Weg. W\u00e4hrend meiner Vorbereitungen las ich mehrere male, dass die isl\u00e4ndischen Autofahrer in der Regel nicht rasen und sich an die Geschwindigkeitsbegrenzungen halten w\u00fcrden. Das stimmt so nicht! Warum sind die isl\u00e4ndischen Autofahrer so ungeduldig? Und warum bet\u00e4tigen sie die Lichthupe? Zig Fragen schwirren uns durch den Kopf. Informativ: <a href=\"https:\/\/guidetoiceland.is\/de\/island-blog\/5439\/entspannt-euch-autofahren-in-island\" target=\"_blank\" rel=\"noreferrer noopener\">Entspannt Euch! &#8211; Autofahren auf Island<\/a>.<\/p>\n\n\n\n<h4 class=\"wp-block-heading\">D\u00f6nel kav\u015fak<\/h4>\n\n\n\n<p>Ach jemine, die Kreisverkehre haben es in sich. Von wegen, dass in Island &#8222;in der Regel so wenig Verkehr herrscht&#8220;. Hier fahren viele Autos! Wir haben uns in die rechte Spur des zweispurigen Kreisverkehrs eingeordnet &#8211; einfach deshalb, weil wir die n\u00e4chste rausfahren werden. Unsere Fahrerin unterst\u00fctze ich, in dem ich mitschaue, ob aus dem zweispurigen Kreisverkehr der inneren Spur, also links von uns, jemand ausschert, um auch hier abzubiegen. Denn diesem Auto sollte man Vorfahrt gew\u00e4hren &#8211; gew\u00f6hnungsbed\u00fcrftig!<\/p>\n\n\n\n<p>Scheinbar ist diese Vorfahrtsregel jedoch nicht gesetzlich vorgeschrieben, sondern Gewohnheitsrecht. Will man ausprobieren, wie es rechtlich w\u00e4re, wenn man sich nicht an diese Regel h\u00e4lt? Gewi\u00df nicht!<\/p>\n\n\n\n<h4 class=\"wp-block-heading\">Unterkunft in \u00d6lfus<\/h4>\n\n\n\n<p>Unsere erste Etappe ist in \u00d6fus und f\u00fcr 4 Tage geplant. Noch haben Island und wir uns nicht kennengelernt, deshalb geben wir uns erstmal etwas Zeit. Viele Unterk\u00fcnfte in Island haben Gemeinschaftsb\u00e4der. Will man ein eigenes WC und Bad wird es teurer.<\/p>\n\n\n\n<p>Wir erreichen unsere Unterkunft, die vor einem erloschenen Tafelvulkan liegt. Unsere zwei Zimmer in der Unterkunft &#8222;BRODDABORG ehf M\u00fdrarsel 2 818 \u00d6lfus&#8220; sind sauber und sch\u00f6n eingerichtet. Dadurch, dass wir beide R\u00e4ume angemietet haben, teilen wir mit niemanden das Bad. Die Mini-K\u00fcche neben dem Eingang zum Bad k\u00f6nnte besser sortiert und auch etwas sauberer sein, aber ansonsten kann ich die Unterkunft empfehlen.<\/p>\n\n\n\n<p>Das die Wege zu den Hotels und Unterk\u00fcnften nicht gepflastert sind, daran werden wir uns noch gew\u00f6hnen m\u00fcssen.<\/p>\n\n\n\n<p><\/p>","protected":false},"excerpt":{"rendered":"<p>Eine holprige Reise zu den Regen\u00adb\u00f6gen Islands \u2013 im wahrsten Sinne des Wortes . &#8222;Ohne Wasser kein Regen\u00adbogen&#8220; zwar, aber &#8222;wie wunder\u00adsch\u00f6n&#8220; ruft man klatsch\u00adnass triefend aus.<\/p>","protected":false},"author":5,"featured_media":4861,"comment_status":"open","ping_status":"closed","sticky":false,"template":"","format":"standard","meta":{"footnotes":""},"categories":[1],"tags":[361],"class_list":["post-4825","post","type-post","status-publish","format-standard","has-post-thumbnail","hentry","category-reisethemen","tag-reisebericht"],"yoast_head":"<!-- This site is optimized with the Yoast SEO plugin v25.6 - https:\/\/yoast.com\/wordpress\/plugins\/seo\/ -->\n<title>Island: Reisebericht - adimlarim.com<\/title>\n<meta name=\"description\" content=\"Reise\u00adthe\u00admen\" \/>\n<meta name=\"robots\" content=\"index, follow, max-snippet:-1, max-image-preview:large, max-video-preview:-1\" \/>\n<link rel=\"canonical\" href=\"https:\/\/adimlarim.com\/tr\/island-reisebericht\/\" \/>\n<script type=\"application\/ld+json\" class=\"yoast-schema-graph\">{\"@context\":\"https:\/\/schema.org\",\"@graph\":[{\"@type\":\"Article\",\"@id\":\"https:\/\/adimlarim.com\/island-reisebericht\/#article\",\"isPartOf\":{\"@id\":\"https:\/\/adimlarim.com\/island-reisebericht\/\"},\"author\":{\"name\":\"ZNMAC\",\"@id\":\"https:\/\/adimlarim.com\/de\/#\/schema\/person\/c44c648a41b8519f8e022d74c6de7805\"},\"headline\":\"Island: Reisebericht\",\"datePublished\":\"2025-07-02T06:09:09+00:00\",\"dateModified\":\"2025-08-05T06:50:17+00:00\",\"mainEntityOfPage\":{\"@id\":\"https:\/\/adimlarim.com\/island-reisebericht\/\"},\"wordCount\":1978,\"commentCount\":0,\"publisher\":{\"@id\":\"https:\/\/adimlarim.com\/de\/#organization\"},\"image\":{\"@id\":\"https:\/\/adimlarim.com\/island-reisebericht\/#primaryimage\"},\"thumbnailUrl\":\"https:\/\/adimlarim.com\/wp-content\/uploads\/ISL-Island-Izlanda-Skagafjoerdur-20250512_203254.jpg\",\"keywords\":[\"Reisebericht\"],\"articleSection\":[\"Reise\u00adthe\u00admen\"],\"inLanguage\":\"tr\",\"potentialAction\":[{\"@type\":\"CommentAction\",\"name\":\"Comment\",\"target\":[\"https:\/\/adimlarim.com\/island-reisebericht\/#respond\"]}]},{\"@type\":\"WebPage\",\"@id\":\"https:\/\/adimlarim.com\/island-reisebericht\/\",\"url\":\"https:\/\/adimlarim.com\/island-reisebericht\/\",\"name\":\"Island: Reisebericht - adimlarim.com\",\"isPartOf\":{\"@id\":\"https:\/\/adimlarim.com\/de\/#website\"},\"primaryImageOfPage\":{\"@id\":\"https:\/\/adimlarim.com\/island-reisebericht\/#primaryimage\"},\"image\":{\"@id\":\"https:\/\/adimlarim.com\/island-reisebericht\/#primaryimage\"},\"thumbnailUrl\":\"https:\/\/adimlarim.com\/wp-content\/uploads\/ISL-Island-Izlanda-Skagafjoerdur-20250512_203254.jpg\",\"datePublished\":\"2025-07-02T06:09:09+00:00\",\"dateModified\":\"2025-08-05T06:50:17+00:00\",\"description\":\"Reise\u00adthe\u00admen\",\"breadcrumb\":{\"@id\":\"https:\/\/adimlarim.com\/island-reisebericht\/#breadcrumb\"},\"inLanguage\":\"tr\",\"potentialAction\":[{\"@type\":\"ReadAction\",\"target\":[\"https:\/\/adimlarim.com\/island-reisebericht\/\"]}]},{\"@type\":\"ImageObject\",\"inLanguage\":\"tr\",\"@id\":\"https:\/\/adimlarim.com\/island-reisebericht\/#primaryimage\",\"url\":\"https:\/\/adimlarim.com\/wp-content\/uploads\/ISL-Island-Izlanda-Skagafjoerdur-20250512_203254.jpg\",\"contentUrl\":\"https:\/\/adimlarim.com\/wp-content\/uploads\/ISL-Island-Izlanda-Skagafjoerdur-20250512_203254.jpg\",\"width\":1920,\"height\":1080,\"caption\":\"Island Skagafj\u00f6r\u00f0ur | Izlanda Skagafj\u00f6r\u00f0ur\"},{\"@type\":\"BreadcrumbList\",\"@id\":\"https:\/\/adimlarim.com\/island-reisebericht\/#breadcrumb\",\"itemListElement\":[{\"@type\":\"ListItem\",\"position\":1,\"name\":\"Startseite\",\"item\":\"https:\/\/adimlarim.com\/de\/\"},{\"@type\":\"ListItem\",\"position\":2,\"name\":\"Island: Reisebericht\"}]},{\"@type\":\"WebSite\",\"@id\":\"https:\/\/adimlarim.com\/de\/#website\",\"url\":\"https:\/\/adimlarim.com\/de\/\",\"name\":\"Ad\u0131mlar\u0131m\",\"description\":\"jede Reise beginnt mit den ersten Schritten\",\"publisher\":{\"@id\":\"https:\/\/adimlarim.com\/de\/#organization\"},\"alternateName\":\"Adimlarim\",\"potentialAction\":[{\"@type\":\"SearchAction\",\"target\":{\"@type\":\"EntryPoint\",\"urlTemplate\":\"https:\/\/adimlarim.com\/de\/?s={search_term_string}\"},\"query-input\":{\"@type\":\"PropertyValueSpecification\",\"valueRequired\":true,\"valueName\":\"search_term_string\"}}],\"inLanguage\":\"tr\"},{\"@type\":\"Organization\",\"@id\":\"https:\/\/adimlarim.com\/de\/#organization\",\"name\":\"Ad\u0131mlar\u0131m\",\"url\":\"https:\/\/adimlarim.com\/de\/\",\"logo\":{\"@type\":\"ImageObject\",\"inLanguage\":\"tr\",\"@id\":\"https:\/\/adimlarim.com\/de\/#\/schema\/logo\/image\/\",\"url\":\"https:\/\/adimlarim.com\/wp-content\/uploads\/adimlarim.com_.perspektive.kontur.verlauf.blau_.header.png\",\"contentUrl\":\"https:\/\/adimlarim.com\/wp-content\/uploads\/adimlarim.com_.perspektive.kontur.verlauf.blau_.header.png\",\"width\":401,\"height\":319,\"caption\":\"Ad\u0131mlar\u0131m\"},\"image\":{\"@id\":\"https:\/\/adimlarim.com\/de\/#\/schema\/logo\/image\/\"}},{\"@type\":\"Person\",\"@id\":\"https:\/\/adimlarim.com\/de\/#\/schema\/person\/c44c648a41b8519f8e022d74c6de7805\",\"name\":\"ZNMAC\",\"url\":\"https:\/\/adimlarim.com\/tr\/author\/znmac\/\"}]}<\/script>\n<!-- \/ Yoast SEO plugin. -->","yoast_head_json":{"title":"Island: Reisebericht - adimlarim.com","description":"Seya\u00adhat konu\u00adlar\u0131","robots":{"index":"index","follow":"follow","max-snippet":"max-snippet:-1","max-image-preview":"max-image-preview:large","max-video-preview":"max-video-preview:-1"},"canonical":"https:\/\/adimlarim.com\/tr\/island-reisebericht\/","schema":{"@context":"https:\/\/schema.org","@graph":[{"@type":"Article","@id":"https:\/\/adimlarim.com\/island-reisebericht\/#article","isPartOf":{"@id":"https:\/\/adimlarim.com\/island-reisebericht\/"},"author":{"name":"ZNMAC","@id":"https:\/\/adimlarim.com\/de\/#\/schema\/person\/c44c648a41b8519f8e022d74c6de7805"},"headline":"Island: Reisebericht","datePublished":"2025-07-02T06:09:09+00:00","dateModified":"2025-08-05T06:50:17+00:00","mainEntityOfPage":{"@id":"https:\/\/adimlarim.com\/island-reisebericht\/"},"wordCount":1978,"commentCount":0,"publisher":{"@id":"https:\/\/adimlarim.com\/de\/#organization"},"image":{"@id":"https:\/\/adimlarim.com\/island-reisebericht\/#primaryimage"},"thumbnailUrl":"https:\/\/adimlarim.com\/wp-content\/uploads\/ISL-Island-Izlanda-Skagafjoerdur-20250512_203254.jpg","keywords":["Reisebericht"],"articleSection":["Reise\u00adthe\u00admen"],"inLanguage":"tr","potentialAction":[{"@type":"CommentAction","name":"Comment","target":["https:\/\/adimlarim.com\/island-reisebericht\/#respond"]}]},{"@type":"WebPage","@id":"https:\/\/adimlarim.com\/island-reisebericht\/","url":"https:\/\/adimlarim.com\/island-reisebericht\/","name":"Island: Reisebericht - adimlarim.com","isPartOf":{"@id":"https:\/\/adimlarim.com\/de\/#website"},"primaryImageOfPage":{"@id":"https:\/\/adimlarim.com\/island-reisebericht\/#primaryimage"},"image":{"@id":"https:\/\/adimlarim.com\/island-reisebericht\/#primaryimage"},"thumbnailUrl":"https:\/\/adimlarim.com\/wp-content\/uploads\/ISL-Island-Izlanda-Skagafjoerdur-20250512_203254.jpg","datePublished":"2025-07-02T06:09:09+00:00","dateModified":"2025-08-05T06:50:17+00:00","description":"Seya\u00adhat konu\u00adlar\u0131","breadcrumb":{"@id":"https:\/\/adimlarim.com\/island-reisebericht\/#breadcrumb"},"inLanguage":"tr","potentialAction":[{"@type":"ReadAction","target":["https:\/\/adimlarim.com\/island-reisebericht\/"]}]},{"@type":"ImageObject","inLanguage":"tr","@id":"https:\/\/adimlarim.com\/island-reisebericht\/#primaryimage","url":"https:\/\/adimlarim.com\/wp-content\/uploads\/ISL-Island-Izlanda-Skagafjoerdur-20250512_203254.jpg","contentUrl":"https:\/\/adimlarim.com\/wp-content\/uploads\/ISL-Island-Izlanda-Skagafjoerdur-20250512_203254.jpg","width":1920,"height":1080,"caption":"Island Skagafj\u00f6r\u00f0ur | Izlanda Skagafj\u00f6r\u00f0ur"},{"@type":"BreadcrumbList","@id":"https:\/\/adimlarim.com\/island-reisebericht\/#breadcrumb","itemListElement":[{"@type":"ListItem","position":1,"name":"Startseite","item":"https:\/\/adimlarim.com\/de\/"},{"@type":"ListItem","position":2,"name":"Island: Reisebericht"}]},{"@type":"WebSite","@id":"https:\/\/adimlarim.com\/de\/#website","url":"https:\/\/adimlarim.com\/de\/","name":"Ad\u0131mlar\u0131m","description":"jede Reise beginnt mit den ersten Schritten","publisher":{"@id":"https:\/\/adimlarim.com\/de\/#organization"},"alternateName":"Adimlarim","potentialAction":[{"@type":"SearchAction","target":{"@type":"EntryPoint","urlTemplate":"https:\/\/adimlarim.com\/de\/?s={search_term_string}"},"query-input":{"@type":"PropertyValueSpecification","valueRequired":true,"valueName":"search_term_string"}}],"inLanguage":"tr"},{"@type":"Organization","@id":"https:\/\/adimlarim.com\/de\/#organization","name":"Ad\u0131mlar\u0131m","url":"https:\/\/adimlarim.com\/de\/","logo":{"@type":"ImageObject","inLanguage":"tr","@id":"https:\/\/adimlarim.com\/de\/#\/schema\/logo\/image\/","url":"https:\/\/adimlarim.com\/wp-content\/uploads\/adimlarim.com_.perspektive.kontur.verlauf.blau_.header.png","contentUrl":"https:\/\/adimlarim.com\/wp-content\/uploads\/adimlarim.com_.perspektive.kontur.verlauf.blau_.header.png","width":401,"height":319,"caption":"Ad\u0131mlar\u0131m"},"image":{"@id":"https:\/\/adimlarim.com\/de\/#\/schema\/logo\/image\/"}},{"@type":"Person","@id":"https:\/\/adimlarim.com\/de\/#\/schema\/person\/c44c648a41b8519f8e022d74c6de7805","name":"ZNMAC","url":"https:\/\/adimlarim.com\/tr\/author\/znmac\/"}]}},"_links":{"self":[{"href":"https:\/\/adimlarim.com\/tr\/wp-json\/wp\/v2\/posts\/4825","targetHints":{"allow":["GET"]}}],"collection":[{"href":"https:\/\/adimlarim.com\/tr\/wp-json\/wp\/v2\/posts"}],"about":[{"href":"https:\/\/adimlarim.com\/tr\/wp-json\/wp\/v2\/types\/post"}],"author":[{"embeddable":true,"href":"https:\/\/adimlarim.com\/tr\/wp-json\/wp\/v2\/users\/5"}],"replies":[{"embeddable":true,"href":"https:\/\/adimlarim.com\/tr\/wp-json\/wp\/v2\/comments?post=4825"}],"version-history":[{"count":0,"href":"https:\/\/adimlarim.com\/tr\/wp-json\/wp\/v2\/posts\/4825\/revisions"}],"wp:featuredmedia":[{"embeddable":true,"href":"https:\/\/adimlarim.com\/tr\/wp-json\/wp\/v2\/media\/4861"}],"wp:attachment":[{"href":"https:\/\/adimlarim.com\/tr\/wp-json\/wp\/v2\/media?parent=4825"}],"wp:term":[{"taxonomy":"category","embeddable":true,"href":"https:\/\/adimlarim.com\/tr\/wp-json\/wp\/v2\/categories?post=4825"},{"taxonomy":"post_tag","embeddable":true,"href":"https:\/\/adimlarim.com\/tr\/wp-json\/wp\/v2\/tags?post=4825"}],"curies":[{"name":"wp","href":"https:\/\/api.w.org\/{rel}","templated":true}]}}